{"id":6868,"date":"2025-04-26T12:09:39","date_gmt":"2025-04-26T12:09:39","guid":{"rendered":"https:\/\/prensa.sma.gob.ar\/?p=6868"},"modified":"2025-04-28T16:20:57","modified_gmt":"2025-04-28T16:20:57","slug":"inscripcion-de-familias-de-barrios-sin-gas-para-acceder-a-los-descuentos-de-epen","status":"publish","type":"post","link":"https:\/\/prensa.sma.gob.ar\/?p=6868","title":{"rendered":"Inscripci\u00f3n de familias de barrios sin gas para acceder a los descuentos de EPEN"},"content":{"rendered":"\n<p>Hasta el 9 de mayo se realiza la inscripci\u00f3n en el registro de familias en barrios donde no existe distribuci\u00f3n de gas por red de gas para acceder a las tarifas especiales del Ente Provincial de Energ\u00eda del Neuqu\u00e9n (EPEN).<\/p>\n\n\n\n<p>Este beneficio ser\u00e1 aplicado por el EPEN desde la facturaci\u00f3n que se emita durante junio, correspondiente a los consumos residenciales de mayo hasta la culminaci\u00f3n del per\u00edodo invernal 2025, en el mes de agosto.<\/p>\n\n\n\n<p>Bajo este beneficio quedar\u00e1n comprendidos los usuarios residenciales de todas las zonas que no cuenten a\u00fan con redes de distribuci\u00f3n gas domiciliarias, por un per\u00edodo que tomar\u00e1 en cuenta el consumo de los meses m\u00e1s rigurosos del invierno.<\/p>\n\n\n\n<p>La ratificaci\u00f3n de este acuerdo es parte de convenio suscripto entre el intendente municipal, Carlos Saloniti, y la empresa provincial, a trav\u00e9s del jefe de Servicio El\u00e9ctrico en San Mart\u00edn de los Andes, Ariel Barrera.<\/p>\n\n\n\n<p><strong>INSCRIPCIONES:<\/strong><\/p>\n\n\n\n<p>Las vecinas y vecinos deber\u00e1n presentarse con una factura de Epen. Las inscripciones se realizar\u00e1n en las Delegaciones Municipales, en los siguientes d\u00edas y horarios:<\/p>\n\n\n\n<p>Delegaci\u00f3n Centro, Santa Fe 447: De lunes a viernes de 8 a 13. Martes y jueves de 15 a 20.<\/p>\n\n\n\n<p>Delegaci\u00f3n Cordones del Chapelco, Av Los Lagos 1900: de lunes a viernes de 7 a 14. Lunes, mi\u00e9rcoles y viernes, de 14 a 17.<\/p>\n","protected":false},"excerpt":{"rendered":"<p>Hasta el 9 de mayo se realiza la inscripci\u00f3n en el registro de familias en barrios donde no existe distribuci\u00f3n de gas por red de gas para acceder a las tarifas especiales del Ente Provincial de Energ\u00eda del Neuqu\u00e9n (EPEN). Este beneficio ser\u00e1 aplicado por el EPEN desde la facturaci\u00f3n que se emita durante junio, [&hellip;]<\/p>\n","protected":false},"author":2,"featured_media":6869,"comment_status":"closed","ping_status":"open","sticky":false,"template":"","format":"standard","meta":{"footnotes":""},"categories":[16,14],"tags":[],"class_list":{"0":"post-6868","1":"post","2":"type-post","3":"status-publish","4":"format-standard","5":"has-post-thumbnail","7":"category-destacadas","8":"category-noticias"},"_links":{"self":[{"href":"https:\/\/prensa.sma.gob.ar\/index.php?rest_route=\/wp\/v2\/posts\/6868","targetHints":{"allow":["GET"]}}],"collection":[{"href":"https:\/\/prensa.sma.gob.ar\/index.php?rest_route=\/wp\/v2\/posts"}],"about":[{"href":"https:\/\/prensa.sma.gob.ar\/index.php?rest_route=\/wp\/v2\/types\/post"}],"author":[{"embeddable":true,"href":"https:\/\/prensa.sma.gob.ar\/index.php?rest_route=\/wp\/v2\/users\/2"}],"replies":[{"embeddable":true,"href":"https:\/\/prensa.sma.gob.ar\/index.php?rest_route=%2Fwp%2Fv2%2Fcomments&post=6868"}],"version-history":[{"count":3,"href":"https:\/\/prensa.sma.gob.ar\/index.php?rest_route=\/wp\/v2\/posts\/6868\/revisions"}],"predecessor-version":[{"id":6877,"href":"https:\/\/prensa.sma.gob.ar\/index.php?rest_route=\/wp\/v2\/posts\/6868\/revisions\/6877"}],"wp:featuredmedia":[{"embeddable":true,"href":"https:\/\/prensa.sma.gob.ar\/index.php?rest_route=\/wp\/v2\/media\/6869"}],"wp:attachment":[{"href":"https:\/\/prensa.sma.gob.ar\/index.php?rest_route=%2Fwp%2Fv2%2Fmedia&parent=6868"}],"wp:term":[{"taxonomy":"category","embeddable":true,"href":"https:\/\/prensa.sma.gob.ar\/index.php?rest_route=%2Fwp%2Fv2%2Fcategories&post=6868"},{"taxonomy":"post_tag","embeddable":true,"href":"https:\/\/prensa.sma.gob.ar\/index.php?rest_route=%2Fwp%2Fv2%2Ftags&post=6868"}],"curies":[{"name":"wp","href":"https:\/\/api.w.org\/{rel}","templated":true}]}}