{"id":6872,"date":"2025-04-28T12:54:54","date_gmt":"2025-04-28T12:54:54","guid":{"rendered":"https:\/\/prensa.sma.gob.ar\/?p=6872"},"modified":"2025-04-28T12:55:52","modified_gmt":"2025-04-28T12:55:52","slug":"las-elecciones-vecinales-en-el-centro-se-realizaran-el-proximo-25-de-mayo","status":"publish","type":"post","link":"https:\/\/prensa.sma.gob.ar\/?p=6872","title":{"rendered":"Las elecciones vecinales en el Centro se realizar\u00e1n el pr\u00f3ximo 25 de mayo"},"content":{"rendered":"\n<p>La fecha se resolvi\u00f3 durante una reuni\u00f3n de la Junta Electoral del Centro, integrada por&nbsp; fiscales del barrio Centro y fiscales del Consejo de Juntas Vecinales, que se llev\u00f3 a cabo el pasado jueves 24 de abril.<\/p>\n\n\n\n<p>En esa reuni\u00f3n se recibi\u00f3 la documentaci\u00f3n presentada por \u00fanica lista que se postula para conformar la Comisi\u00f3n Vecinal, se analiz\u00f3 la conformaci\u00f3n de los padrones y boletas y se estableci\u00f3 la fecha y lugar de las elecciones.<\/p>\n\n\n\n<p>La jornada electoral se realizar\u00e1 el domingo 25 de mayo a de 9 a 14 hs, en la sala Torres de la Biblioteca Popular 9 de Julio.<\/p>\n\n\n\n<p>La lista est\u00e1 integrada por los siguientes vecinos\/as.<\/p>\n\n\n\n<p>Cargos titulares:<\/p>\n\n\n\n<ol class=\"wp-block-list\">\n<li>Swiahla, Gabriel Omar<\/li>\n\n\n\n<li>Albendin, Nicol\u00e1s<\/li>\n\n\n\n<li>Castillo, Marleni<\/li>\n\n\n\n<li>Fabro, Mar\u00eda Jos\u00e9<\/li>\n\n\n\n<li>Jeromin, Andr\u00e9s<\/li>\n<\/ol>\n\n\n\n<p>S\u00edndico revisor de cuentas: Arruiz, Alejandro Roberto<\/p>\n\n\n\n<p>Cargos suplentes:<\/p>\n\n\n\n<ol class=\"wp-block-list\">\n<li>Robotti, Luciano<\/li>\n\n\n\n<li>Carlic, Pablo David<\/li>\n\n\n\n<li>Tabeni, Mar\u00eda Celeste<\/li>\n\n\n\n<li>Poggi, Mar\u00eda Celeste<\/li>\n\n\n\n<li>Nader, Mario<\/li>\n<\/ol>\n\n\n\n<p>S\u00edndico revisor de cuentas: Maldonado, Marianela Sof\u00eda<\/p>\n","protected":false},"excerpt":{"rendered":"<p>La fecha se resolvi\u00f3 durante una reuni\u00f3n de la Junta Electoral del Centro, integrada por&nbsp; fiscales del barrio Centro y fiscales del Consejo de Juntas Vecinales, que se llev\u00f3 a cabo el pasado jueves 24 de abril. En esa reuni\u00f3n se recibi\u00f3 la documentaci\u00f3n presentada por \u00fanica lista que se postula para conformar la Comisi\u00f3n [&hellip;]<\/p>\n","protected":false},"author":2,"featured_media":6630,"comment_status":"closed","ping_status":"open","sticky":false,"template":"","format":"standard","meta":{"footnotes":""},"categories":[16,39,14],"tags":[],"class_list":{"0":"post-6872","1":"post","2":"type-post","3":"status-publish","4":"format-standard","5":"has-post-thumbnail","7":"category-destacadas","8":"category-subs-juntas-vecinales","9":"category-noticias"},"_links":{"self":[{"href":"https:\/\/prensa.sma.gob.ar\/index.php?rest_route=\/wp\/v2\/posts\/6872","targetHints":{"allow":["GET"]}}],"collection":[{"href":"https:\/\/prensa.sma.gob.ar\/index.php?rest_route=\/wp\/v2\/posts"}],"about":[{"href":"https:\/\/prensa.sma.gob.ar\/index.php?rest_route=\/wp\/v2\/types\/post"}],"author":[{"embeddable":true,"href":"https:\/\/prensa.sma.gob.ar\/index.php?rest_route=\/wp\/v2\/users\/2"}],"replies":[{"embeddable":true,"href":"https:\/\/prensa.sma.gob.ar\/index.php?rest_route=%2Fwp%2Fv2%2Fcomments&post=6872"}],"version-history":[{"count":1,"href":"https:\/\/prensa.sma.gob.ar\/index.php?rest_route=\/wp\/v2\/posts\/6872\/revisions"}],"predecessor-version":[{"id":6873,"href":"https:\/\/prensa.sma.gob.ar\/index.php?rest_route=\/wp\/v2\/posts\/6872\/revisions\/6873"}],"wp:featuredmedia":[{"embeddable":true,"href":"https:\/\/prensa.sma.gob.ar\/index.php?rest_route=\/wp\/v2\/media\/6630"}],"wp:attachment":[{"href":"https:\/\/prensa.sma.gob.ar\/index.php?rest_route=%2Fwp%2Fv2%2Fmedia&parent=6872"}],"wp:term":[{"taxonomy":"category","embeddable":true,"href":"https:\/\/prensa.sma.gob.ar\/index.php?rest_route=%2Fwp%2Fv2%2Fcategories&post=6872"},{"taxonomy":"post_tag","embeddable":true,"href":"https:\/\/prensa.sma.gob.ar\/index.php?rest_route=%2Fwp%2Fv2%2Ftags&post=6872"}],"curies":[{"name":"wp","href":"https:\/\/api.w.org\/{rel}","templated":true}]}}