{"id":6882,"date":"2025-04-28T19:32:54","date_gmt":"2025-04-28T19:32:54","guid":{"rendered":"https:\/\/prensa.sma.gob.ar\/?p=6882"},"modified":"2025-04-28T22:41:23","modified_gmt":"2025-04-28T22:41:23","slug":"el-intendente-saloniti-destaco-la-transparencia-en-el-proceso-de-licitacion-de-la-concesion-del-cerro-chapelco","status":"publish","type":"post","link":"https:\/\/prensa.sma.gob.ar\/?p=6882","title":{"rendered":"El intendente Saloniti destac\u00f3 la transparencia en el proceso de licitaci\u00f3n del Cerro Chapelco"},"content":{"rendered":"\n<p>\u201cEste momento es un hito para la comunidad de San Mart\u00edn de los Andes, porque es una licitaci\u00f3n que va a trazar el destino de 25 o 30 a\u00f1os del Cerro\u201d, se\u00f1al\u00f3 el intendente de San Mart\u00edn de los Andes, Carlos Saloniti.<\/p>\n\n\n\n<p>El jefe comunal destac\u00f3 que en este proceso en el cual \u201ctodo es transparente, porque se respeta la licitaci\u00f3n, se respeta la libre concurrencia de los oferentes\u201d. Agreg\u00f3 que \u201cesta licitaci\u00f3n muestra que est\u00e1 todo abierto para seguir creyendo que Neuqu\u00e9n es una provincia segura\u201d.<\/p>\n\n\n\n<p>Invitado por el gobernador neuquino Rolando Figueroa, el intendente particip\u00f3 en la ciudad de Neuqu\u00e9n de la apertura de sobres de la licitaci\u00f3n p\u00fablica nacional e internacional para adjudicar el Centro de Esqu\u00ed y Complejo Chapelco.<\/p>\n\n\n\n<p>Tambi\u00e9n felicit\u00f3 al ministro de Turismo de la provincia, Gustavo Fern\u00e1ndez Capiet, \u201cporque esta licitaci\u00f3n no era un tema com\u00fan, est\u00e1 compuesta de muchas cosas para abordar\u201d.<\/p>\n\n\n\n<p>\u201cHay decisiones que marcan a una ciudad y a una provincia. Como intendente, es muy importante saber que vamos a poder tener un v\u00ednculo con quien resulte ganador, para materializar lo que anhelan las comunidades Vera y Curruhuinca y el sector privado\u201d.<\/p>\n\n\n\n<p>Finalmente, el jefe comunal sanmartinense afirm\u00f3 que \u201ctodo va a salir bien, porque las cosas que se hacen bien y de manera transparente salen bien\u201d.<\/p>\n\n\n\n<p><\/p>\n","protected":false},"excerpt":{"rendered":"<p>\u201cEste momento es un hito para la comunidad de San Mart\u00edn de los Andes, porque es una licitaci\u00f3n que va a trazar el destino de 25 o 30 a\u00f1os del Cerro\u201d, se\u00f1al\u00f3 el intendente de San Mart\u00edn de los Andes, Carlos Saloniti. El jefe comunal destac\u00f3 que en este proceso en el cual \u201ctodo es [&hellip;]<\/p>\n","protected":false},"author":2,"featured_media":6892,"comment_status":"closed","ping_status":"open","sticky":false,"template":"","format":"standard","meta":{"footnotes":""},"categories":[16,14,17],"tags":[],"class_list":{"0":"post-6882","1":"post","2":"type-post","3":"status-publish","4":"format-standard","5":"has-post-thumbnail","7":"category-destacadas","8":"category-noticias","9":"category-portada"},"_links":{"self":[{"href":"https:\/\/prensa.sma.gob.ar\/index.php?rest_route=\/wp\/v2\/posts\/6882","targetHints":{"allow":["GET"]}}],"collection":[{"href":"https:\/\/prensa.sma.gob.ar\/index.php?rest_route=\/wp\/v2\/posts"}],"about":[{"href":"https:\/\/prensa.sma.gob.ar\/index.php?rest_route=\/wp\/v2\/types\/post"}],"author":[{"embeddable":true,"href":"https:\/\/prensa.sma.gob.ar\/index.php?rest_route=\/wp\/v2\/users\/2"}],"replies":[{"embeddable":true,"href":"https:\/\/prensa.sma.gob.ar\/index.php?rest_route=%2Fwp%2Fv2%2Fcomments&post=6882"}],"version-history":[{"count":2,"href":"https:\/\/prensa.sma.gob.ar\/index.php?rest_route=\/wp\/v2\/posts\/6882\/revisions"}],"predecessor-version":[{"id":6885,"href":"https:\/\/prensa.sma.gob.ar\/index.php?rest_route=\/wp\/v2\/posts\/6882\/revisions\/6885"}],"wp:featuredmedia":[{"embeddable":true,"href":"https:\/\/prensa.sma.gob.ar\/index.php?rest_route=\/wp\/v2\/media\/6892"}],"wp:attachment":[{"href":"https:\/\/prensa.sma.gob.ar\/index.php?rest_route=%2Fwp%2Fv2%2Fmedia&parent=6882"}],"wp:term":[{"taxonomy":"category","embeddable":true,"href":"https:\/\/prensa.sma.gob.ar\/index.php?rest_route=%2Fwp%2Fv2%2Fcategories&post=6882"},{"taxonomy":"post_tag","embeddable":true,"href":"https:\/\/prensa.sma.gob.ar\/index.php?rest_route=%2Fwp%2Fv2%2Ftags&post=6882"}],"curies":[{"name":"wp","href":"https:\/\/api.w.org\/{rel}","templated":true}]}}