{"id":6887,"date":"2025-04-28T17:37:38","date_gmt":"2025-04-28T17:37:38","guid":{"rendered":"https:\/\/prensa.sma.gob.ar\/?p=6887"},"modified":"2025-04-28T17:37:39","modified_gmt":"2025-04-28T17:37:39","slug":"vamos-a-defender-los-recursos-de-neuquen-por-sobre-todas-las-cosas","status":"publish","type":"post","link":"https:\/\/prensa.sma.gob.ar\/?p=6887","title":{"rendered":"\u201cVamos a defender los recursos de Neuqu\u00e9n por sobre todas las cosas\u201d"},"content":{"rendered":"\n<p>El gobernador de Neuqu\u00e9n, Rolando Figuera, afirm\u00f3 que \u201csomos muy conscientes de lo que debemos defender: los recursos de Neuqu\u00e9n. Vamos a poner a Neuqu\u00e9n por sobre todas las cosas\u201d.<\/p>\n\n\n\n<p>El mandatario provincial celebr\u00f3 la \u201cparticipaci\u00f3n de sectores sociales y de las comunidades\u201d en la licitaci\u00f3n del Cerro Chapelco \u201cporque Chapelco motoriza, no s\u00f3lo a San Mart\u00edn de los Andes sino tambi\u00e9n a la Regi\u00f3n Sur y motoriza el turismo de la provincia\u201d.<\/p>\n\n\n\n<p>Figueroa encabez\u00f3 el acto de de apertura de sobres de la licitaci\u00f3n p\u00fablica nacional e internacional para adjudicar el Centro de Esqu\u00ed y Complejo Chapelco, oportunidad destac\u00f3 que \u201cel Cerro tiene su prestigio y era evidente que necesitaba este cambio, un cambio llega desde la transparencia\u201d.<\/p>\n\n\n\n<p>El gobernador felicit\u00f3 al ministro de Turismo, Gustavo Fern\u00e1ndez Capiet, por llevar adelante este proceso de licitaci\u00f3n, reivindic\u00f3 el rol del Estado en la empresa NeuquenTur&nbsp; y agradeci\u00f3 especialmente al intendente de San Mart\u00edn de los Andes, Carlos Saloniti, por el apoyo y el trabajo.<\/p>\n\n\n\n<p>Figueroa agradeci\u00f3 el apoyo \u201cdel intendente y de la comunidad de San Mart\u00edn de los Andes\u201d, en particular al jefe comunal porque \u201cen un momento donde hay intereses cruzados, vos estuviste siempre del lado de la gente\u201d.<\/p>\n\n\n\n<p>Record\u00f3 que San Mart\u00edn es una de las ciudades que m\u00e1s crece en la provincia, con la belleza del paisaje, la posibilidad de disfrutar Neuqu\u00e9n y la calidad y calidez de nuestra gente\u201d<\/p>\n\n\n\n<p>Figueroa invit\u00f3 a las empresas \u201cque no ganen la licitaci\u00f3n a participar de otros proyectos, que les genere lo que deseen como empresa privada pero con el objetivo de que nuestro pueblo est\u00e9 mejor\u201d. En este sentido, reivindic\u00f3 \u201cla libre competencia con un Estado enfocado a este desarrollo\u201d.<\/p>\n\n\n\n<figure class=\"wp-block-gallery has-nested-images columns-default is-cropped wp-block-gallery-1 is-layout-flex wp-block-gallery-is-layout-flex\">\n<figure class=\"wp-block-image size-large\"><img loading=\"lazy\" decoding=\"async\" width=\"1024\" height=\"561\" data-id=\"6890\" src=\"https:\/\/prensa.sma.gob.ar\/wp-content\/uploads\/2025\/04\/WhatsApp-Image-2025-04-28-at-13.33.45-1-1024x561.jpeg\" alt=\"\" class=\"wp-image-6890\" srcset=\"https:\/\/prensa.sma.gob.ar\/wp-content\/uploads\/2025\/04\/WhatsApp-Image-2025-04-28-at-13.33.45-1-1024x561.jpeg 1024w, https:\/\/prensa.sma.gob.ar\/wp-content\/uploads\/2025\/04\/WhatsApp-Image-2025-04-28-at-13.33.45-1-300x164.jpeg 300w, https:\/\/prensa.sma.gob.ar\/wp-content\/uploads\/2025\/04\/WhatsApp-Image-2025-04-28-at-13.33.45-1-768x420.jpeg 768w, https:\/\/prensa.sma.gob.ar\/wp-content\/uploads\/2025\/04\/WhatsApp-Image-2025-04-28-at-13.33.45-1-1536x841.jpeg 1536w, https:\/\/prensa.sma.gob.ar\/wp-content\/uploads\/2025\/04\/WhatsApp-Image-2025-04-28-at-13.33.45-1-767x420.jpeg 767w, https:\/\/prensa.sma.gob.ar\/wp-content\/uploads\/2025\/04\/WhatsApp-Image-2025-04-28-at-13.33.45-1-696x381.jpeg 696w, https:\/\/prensa.sma.gob.ar\/wp-content\/uploads\/2025\/04\/WhatsApp-Image-2025-04-28-at-13.33.45-1-1068x585.jpeg 1068w, https:\/\/prensa.sma.gob.ar\/wp-content\/uploads\/2025\/04\/WhatsApp-Image-2025-04-28-at-13.33.45-1.jpeg 1600w\" sizes=\"auto, (max-width: 1024px) 100vw, 1024px\" \/><\/figure>\n\n\n\n<figure class=\"wp-block-image size-large\"><img loading=\"lazy\" decoding=\"async\" width=\"1024\" height=\"570\" data-id=\"6889\" src=\"https:\/\/prensa.sma.gob.ar\/wp-content\/uploads\/2025\/04\/WhatsApp-Image-2025-04-28-at-13.33.45-2-1024x570.jpeg\" alt=\"\" class=\"wp-image-6889\" srcset=\"https:\/\/prensa.sma.gob.ar\/wp-content\/uploads\/2025\/04\/WhatsApp-Image-2025-04-28-at-13.33.45-2-1024x570.jpeg 1024w, https:\/\/prensa.sma.gob.ar\/wp-content\/uploads\/2025\/04\/WhatsApp-Image-2025-04-28-at-13.33.45-2-300x167.jpeg 300w, https:\/\/prensa.sma.gob.ar\/wp-content\/uploads\/2025\/04\/WhatsApp-Image-2025-04-28-at-13.33.45-2-768x428.jpeg 768w, https:\/\/prensa.sma.gob.ar\/wp-content\/uploads\/2025\/04\/WhatsApp-Image-2025-04-28-at-13.33.45-2-1536x855.jpeg 1536w, https:\/\/prensa.sma.gob.ar\/wp-content\/uploads\/2025\/04\/WhatsApp-Image-2025-04-28-at-13.33.45-2-754x420.jpeg 754w, https:\/\/prensa.sma.gob.ar\/wp-content\/uploads\/2025\/04\/WhatsApp-Image-2025-04-28-at-13.33.45-2-696x388.jpeg 696w, https:\/\/prensa.sma.gob.ar\/wp-content\/uploads\/2025\/04\/WhatsApp-Image-2025-04-28-at-13.33.45-2-1068x595.jpeg 1068w, https:\/\/prensa.sma.gob.ar\/wp-content\/uploads\/2025\/04\/WhatsApp-Image-2025-04-28-at-13.33.45-2.jpeg 1600w\" sizes=\"auto, (max-width: 1024px) 100vw, 1024px\" \/><\/figure>\n\n\n\n<figure class=\"wp-block-image size-large\"><img loading=\"lazy\" decoding=\"async\" width=\"1024\" height=\"585\" data-id=\"6888\" src=\"https:\/\/prensa.sma.gob.ar\/wp-content\/uploads\/2025\/04\/WhatsApp-Image-2025-04-28-at-13.33.46-1024x585.jpeg\" alt=\"\" class=\"wp-image-6888\" srcset=\"https:\/\/prensa.sma.gob.ar\/wp-content\/uploads\/2025\/04\/WhatsApp-Image-2025-04-28-at-13.33.46-1024x585.jpeg 1024w, https:\/\/prensa.sma.gob.ar\/wp-content\/uploads\/2025\/04\/WhatsApp-Image-2025-04-28-at-13.33.46-300x171.jpeg 300w, https:\/\/prensa.sma.gob.ar\/wp-content\/uploads\/2025\/04\/WhatsApp-Image-2025-04-28-at-13.33.46-768x439.jpeg 768w, https:\/\/prensa.sma.gob.ar\/wp-content\/uploads\/2025\/04\/WhatsApp-Image-2025-04-28-at-13.33.46-1536x877.jpeg 1536w, https:\/\/prensa.sma.gob.ar\/wp-content\/uploads\/2025\/04\/WhatsApp-Image-2025-04-28-at-13.33.46-735x420.jpeg 735w, https:\/\/prensa.sma.gob.ar\/wp-content\/uploads\/2025\/04\/WhatsApp-Image-2025-04-28-at-13.33.46-696x398.jpeg 696w, https:\/\/prensa.sma.gob.ar\/wp-content\/uploads\/2025\/04\/WhatsApp-Image-2025-04-28-at-13.33.46-1068x610.jpeg 1068w, https:\/\/prensa.sma.gob.ar\/wp-content\/uploads\/2025\/04\/WhatsApp-Image-2025-04-28-at-13.33.46.jpeg 1600w\" sizes=\"auto, (max-width: 1024px) 100vw, 1024px\" \/><\/figure>\n<\/figure>\n","protected":false},"excerpt":{"rendered":"<p>El gobernador de Neuqu\u00e9n, Rolando Figuera, afirm\u00f3 que \u201csomos muy conscientes de lo que debemos defender: los recursos de Neuqu\u00e9n. Vamos a poner a Neuqu\u00e9n por sobre todas las cosas\u201d. El mandatario provincial celebr\u00f3 la \u201cparticipaci\u00f3n de sectores sociales y de las comunidades\u201d en la licitaci\u00f3n del Cerro Chapelco \u201cporque Chapelco motoriza, no s\u00f3lo a [&hellip;]<\/p>\n","protected":false},"author":2,"featured_media":6888,"comment_status":"closed","ping_status":"open","sticky":false,"template":"","format":"standard","meta":{"footnotes":""},"categories":[16,14,17,36],"tags":[],"class_list":{"0":"post-6887","1":"post","2":"type-post","3":"status-publish","4":"format-standard","5":"has-post-thumbnail","7":"category-destacadas","8":"category-noticias","9":"category-portada","10":"category-turismo"},"_links":{"self":[{"href":"https:\/\/prensa.sma.gob.ar\/index.php?rest_route=\/wp\/v2\/posts\/6887","targetHints":{"allow":["GET"]}}],"collection":[{"href":"https:\/\/prensa.sma.gob.ar\/index.php?rest_route=\/wp\/v2\/posts"}],"about":[{"href":"https:\/\/prensa.sma.gob.ar\/index.php?rest_route=\/wp\/v2\/types\/post"}],"author":[{"embeddable":true,"href":"https:\/\/prensa.sma.gob.ar\/index.php?rest_route=\/wp\/v2\/users\/2"}],"replies":[{"embeddable":true,"href":"https:\/\/prensa.sma.gob.ar\/index.php?rest_route=%2Fwp%2Fv2%2Fcomments&post=6887"}],"version-history":[{"count":1,"href":"https:\/\/prensa.sma.gob.ar\/index.php?rest_route=\/wp\/v2\/posts\/6887\/revisions"}],"predecessor-version":[{"id":6891,"href":"https:\/\/prensa.sma.gob.ar\/index.php?rest_route=\/wp\/v2\/posts\/6887\/revisions\/6891"}],"wp:featuredmedia":[{"embeddable":true,"href":"https:\/\/prensa.sma.gob.ar\/index.php?rest_route=\/wp\/v2\/media\/6888"}],"wp:attachment":[{"href":"https:\/\/prensa.sma.gob.ar\/index.php?rest_route=%2Fwp%2Fv2%2Fmedia&parent=6887"}],"wp:term":[{"taxonomy":"category","embeddable":true,"href":"https:\/\/prensa.sma.gob.ar\/index.php?rest_route=%2Fwp%2Fv2%2Fcategories&post=6887"},{"taxonomy":"post_tag","embeddable":true,"href":"https:\/\/prensa.sma.gob.ar\/index.php?rest_route=%2Fwp%2Fv2%2Ftags&post=6887"}],"curies":[{"name":"wp","href":"https:\/\/api.w.org\/{rel}","templated":true}]}}