{"id":6894,"date":"2025-04-29T12:37:50","date_gmt":"2025-04-29T12:37:50","guid":{"rendered":"https:\/\/prensa.sma.gob.ar\/?p=6894"},"modified":"2025-04-29T12:37:51","modified_gmt":"2025-04-29T12:37:51","slug":"mas-de-9-horas-de-trabajo-en-la-primera-jornada-de-analisis-de-ofertas-para-el-cerro-chapelco","status":"publish","type":"post","link":"https:\/\/prensa.sma.gob.ar\/?p=6894","title":{"rendered":"M\u00e1s de 9 horas de trabajo en la primera jornada de an\u00e1lisis de ofertas para el Cerro Chapelco"},"content":{"rendered":"\n<p>La primera jornada de an\u00e1lisis de las ofertas presentadas para la licitaci\u00f3n del Centro de Esqu\u00ed y Complejo Cerro Chapelco demand\u00f3 poco m\u00e1s de 9 horas, destinadas a la verificaci\u00f3n del contenido de cada una de las siete propuestas conocidas este lunes.<\/p>\n\n\n\n<p>All\u00ed se analizaron los aspectos legales y de cumplimiento de rigor administrativo de cada una de las ofertas, como paso previo al an\u00e1lisis detallado de cada propuesta y a la apertura de las iniciativas econ\u00f3micas de cada empresa o grupo interesado.<\/p>\n\n\n\n<p>La actividad \u2013que continuar\u00e1 este martes- comenz\u00f3 a las 13 con el acto oficial encabezado por el gobernador Rolando Figueroa; el ministro de Turismo, Gustavo Fern\u00e1ndez Capiet; y el intendente de San Mart\u00edn de los Andes, Carlos Saloniti; y finaliz\u00f3 pasadas las 22.15.<\/p>\n\n\n\n<p>En el acto estuvieron presentes la vicepresidenta primera de la Legislatura, Zulma Reina; la ministra de Desarrollo Humano, Gobiernos Locales y Mujeres, Julieta Corroza; los ministros de Seguridad, Mat\u00edas Nicolini; de Trabajo y Desarrollo Laboral, Lucas Castelli; de Econom\u00eda, Producci\u00f3n e Industria, Guillermo Koenig; y de Planificaci\u00f3n, Rub\u00e9n Etcheverry; la delegada de la Regi\u00f3n Lagos del Sur, Eliana Rivera; y la concejal sanmartinense Mar\u00eda Laura Da Pieve.<\/p>\n\n\n\n<p>Tras los discursos, los miembros de la Comisi\u00f3n de Adjudicaci\u00f3n del Cerro Chapelco, entre ellos el intendente Saloniti, junto a representantes de las empresas oferentes, t\u00e9cnicos y funcionarios del Ministerio de Turismo, escribanos y otros t\u00e9cnicos, se abocaron al an\u00e1lisis y verificaci\u00f3n de las propuestas. A partir de all\u00ed comenz\u00f3 a regir el per\u00edodo de 30 d\u00edas para determinar la empresa que gane la licitaci\u00f3n.<\/p>\n\n\n\n<p>Se presentaron las firmas Plumas Verdes; Transportes Don Otto; Santiago Hern\u00e1n Casanova; M.A D\u00b4Abramo; Tucson Administradora, EIT SA y Perfeta Producciones SA.<\/p>\n\n\n\n<p>Luego del acto, el ministro de Turismo, Gustavo Fern\u00e1ndez Capiet, inform\u00f3 que durante la semana pasada se vendieron m\u00e1s de 4.000 pases para la temporada invernal 2025, por cerca de 1.400 millones de pesos.<\/p>\n","protected":false},"excerpt":{"rendered":"<p>La primera jornada de an\u00e1lisis de las ofertas presentadas para la licitaci\u00f3n del Centro de Esqu\u00ed y Complejo Cerro Chapelco demand\u00f3 poco m\u00e1s de 9 horas, destinadas a la verificaci\u00f3n del contenido de cada una de las siete propuestas conocidas este lunes. All\u00ed se analizaron los aspectos legales y de cumplimiento de rigor administrativo de [&hellip;]<\/p>\n","protected":false},"author":2,"featured_media":6895,"comment_status":"closed","ping_status":"open","sticky":false,"template":"","format":"standard","meta":{"footnotes":""},"categories":[16,14,17,36],"tags":[],"class_list":{"0":"post-6894","1":"post","2":"type-post","3":"status-publish","4":"format-standard","5":"has-post-thumbnail","7":"category-destacadas","8":"category-noticias","9":"category-portada","10":"category-turismo"},"_links":{"self":[{"href":"https:\/\/prensa.sma.gob.ar\/index.php?rest_route=\/wp\/v2\/posts\/6894","targetHints":{"allow":["GET"]}}],"collection":[{"href":"https:\/\/prensa.sma.gob.ar\/index.php?rest_route=\/wp\/v2\/posts"}],"about":[{"href":"https:\/\/prensa.sma.gob.ar\/index.php?rest_route=\/wp\/v2\/types\/post"}],"author":[{"embeddable":true,"href":"https:\/\/prensa.sma.gob.ar\/index.php?rest_route=\/wp\/v2\/users\/2"}],"replies":[{"embeddable":true,"href":"https:\/\/prensa.sma.gob.ar\/index.php?rest_route=%2Fwp%2Fv2%2Fcomments&post=6894"}],"version-history":[{"count":1,"href":"https:\/\/prensa.sma.gob.ar\/index.php?rest_route=\/wp\/v2\/posts\/6894\/revisions"}],"predecessor-version":[{"id":6896,"href":"https:\/\/prensa.sma.gob.ar\/index.php?rest_route=\/wp\/v2\/posts\/6894\/revisions\/6896"}],"wp:featuredmedia":[{"embeddable":true,"href":"https:\/\/prensa.sma.gob.ar\/index.php?rest_route=\/wp\/v2\/media\/6895"}],"wp:attachment":[{"href":"https:\/\/prensa.sma.gob.ar\/index.php?rest_route=%2Fwp%2Fv2%2Fmedia&parent=6894"}],"wp:term":[{"taxonomy":"category","embeddable":true,"href":"https:\/\/prensa.sma.gob.ar\/index.php?rest_route=%2Fwp%2Fv2%2Fcategories&post=6894"},{"taxonomy":"post_tag","embeddable":true,"href":"https:\/\/prensa.sma.gob.ar\/index.php?rest_route=%2Fwp%2Fv2%2Ftags&post=6894"}],"curies":[{"name":"wp","href":"https:\/\/api.w.org\/{rel}","templated":true}]}}