{"id":6897,"date":"2025-04-29T14:04:46","date_gmt":"2025-04-29T14:04:46","guid":{"rendered":"https:\/\/prensa.sma.gob.ar\/?p=6897"},"modified":"2025-04-30T03:42:02","modified_gmt":"2025-04-30T03:42:02","slug":"el-puente-de-callejon-de-torres-es-180-metros-mas-ancho-tras-su-remodelacion","status":"publish","type":"post","link":"https:\/\/prensa.sma.gob.ar\/?p=6897","title":{"rendered":"El puente de callej\u00f3n de Torres es 1,80 metros m\u00e1s ancho tras su remodelaci\u00f3n"},"content":{"rendered":"\n<p>Los trabajos de reconstrucci\u00f3n y remodelaci\u00f3n del puente sobre el callej\u00f3n de Torres lograron una mejor\u00eda sustancial en la circulaci\u00f3n de veh\u00edculos y peatones con un beneficio directo a las vecinas y vecinos de la zona, cada vez m\u00e1s transitada.<\/p>\n\n\n\n<p>Uno de los principales beneficios fue la colocaci\u00f3n de la pasarela, de hierro y madera, paralela a la estructura principal. El paso peatonal, de 1,28 metros de ancho y 12 metros de largo, con barandas de un metro de altura, liber\u00f3 espacio para la circulaci\u00f3n de veh\u00edculos. En sus extremos, el cruce se apoya en dos rampas: una de 3 metros de largo y la otra de 1,30 metro.<\/p>\n\n\n\n<p>La estructura principal del puente incluy\u00f3 trabajos en la base, tablones nuevos, mayor espesor de la malla, nuevo hormig\u00f3n, desagotes para evitar la acumulaci\u00f3n del agua en la calzada, cordones y colocaci\u00f3n de ojos de gato sobre los laterales. El anterior cruce de veh\u00edculos \u00a0ten\u00eda 3,50 metros de ancho y el actual tiene 5.30 metros.<\/p>\n\n\n\n<figure class=\"wp-block-gallery has-nested-images columns-default is-cropped wp-block-gallery-1 is-layout-flex wp-block-gallery-is-layout-flex\">\n<figure class=\"wp-block-image size-large\"><img loading=\"lazy\" decoding=\"async\" width=\"1024\" height=\"576\" data-id=\"6905\" src=\"https:\/\/prensa.sma.gob.ar\/wp-content\/uploads\/2025\/04\/WhatsApp-Image-2025-04-28-at-11.48.46-3-1024x576.jpeg\" alt=\"\" class=\"wp-image-6905\" srcset=\"https:\/\/prensa.sma.gob.ar\/wp-content\/uploads\/2025\/04\/WhatsApp-Image-2025-04-28-at-11.48.46-3-1024x576.jpeg 1024w, https:\/\/prensa.sma.gob.ar\/wp-content\/uploads\/2025\/04\/WhatsApp-Image-2025-04-28-at-11.48.46-3-300x169.jpeg 300w, https:\/\/prensa.sma.gob.ar\/wp-content\/uploads\/2025\/04\/WhatsApp-Image-2025-04-28-at-11.48.46-3-768x432.jpeg 768w, https:\/\/prensa.sma.gob.ar\/wp-content\/uploads\/2025\/04\/WhatsApp-Image-2025-04-28-at-11.48.46-3-1536x864.jpeg 1536w, https:\/\/prensa.sma.gob.ar\/wp-content\/uploads\/2025\/04\/WhatsApp-Image-2025-04-28-at-11.48.46-3-747x420.jpeg 747w, https:\/\/prensa.sma.gob.ar\/wp-content\/uploads\/2025\/04\/WhatsApp-Image-2025-04-28-at-11.48.46-3-696x392.jpeg 696w, https:\/\/prensa.sma.gob.ar\/wp-content\/uploads\/2025\/04\/WhatsApp-Image-2025-04-28-at-11.48.46-3-1068x601.jpeg 1068w, https:\/\/prensa.sma.gob.ar\/wp-content\/uploads\/2025\/04\/WhatsApp-Image-2025-04-28-at-11.48.46-3.jpeg 1600w\" sizes=\"auto, (max-width: 1024px) 100vw, 1024px\" \/><\/figure>\n\n\n\n<figure class=\"wp-block-image size-large\"><img loading=\"lazy\" decoding=\"async\" width=\"1024\" height=\"576\" data-id=\"6904\" src=\"https:\/\/prensa.sma.gob.ar\/wp-content\/uploads\/2025\/04\/WhatsApp-Image-2025-04-28-at-11.48.46-4-1024x576.jpeg\" alt=\"\" class=\"wp-image-6904\" srcset=\"https:\/\/prensa.sma.gob.ar\/wp-content\/uploads\/2025\/04\/WhatsApp-Image-2025-04-28-at-11.48.46-4-1024x576.jpeg 1024w, https:\/\/prensa.sma.gob.ar\/wp-content\/uploads\/2025\/04\/WhatsApp-Image-2025-04-28-at-11.48.46-4-300x169.jpeg 300w, https:\/\/prensa.sma.gob.ar\/wp-content\/uploads\/2025\/04\/WhatsApp-Image-2025-04-28-at-11.48.46-4-768x432.jpeg 768w, https:\/\/prensa.sma.gob.ar\/wp-content\/uploads\/2025\/04\/WhatsApp-Image-2025-04-28-at-11.48.46-4-1536x864.jpeg 1536w, https:\/\/prensa.sma.gob.ar\/wp-content\/uploads\/2025\/04\/WhatsApp-Image-2025-04-28-at-11.48.46-4-747x420.jpeg 747w, https:\/\/prensa.sma.gob.ar\/wp-content\/uploads\/2025\/04\/WhatsApp-Image-2025-04-28-at-11.48.46-4-696x392.jpeg 696w, https:\/\/prensa.sma.gob.ar\/wp-content\/uploads\/2025\/04\/WhatsApp-Image-2025-04-28-at-11.48.46-4-1068x601.jpeg 1068w, https:\/\/prensa.sma.gob.ar\/wp-content\/uploads\/2025\/04\/WhatsApp-Image-2025-04-28-at-11.48.46-4.jpeg 1600w\" sizes=\"auto, (max-width: 1024px) 100vw, 1024px\" \/><\/figure>\n\n\n\n<figure class=\"wp-block-image size-large\"><img loading=\"lazy\" decoding=\"async\" width=\"1024\" height=\"576\" data-id=\"6899\" src=\"https:\/\/prensa.sma.gob.ar\/wp-content\/uploads\/2025\/04\/WhatsApp-Image-2025-04-28-at-11.48.48-4-1024x576.jpeg\" alt=\"\" class=\"wp-image-6899\" srcset=\"https:\/\/prensa.sma.gob.ar\/wp-content\/uploads\/2025\/04\/WhatsApp-Image-2025-04-28-at-11.48.48-4-1024x576.jpeg 1024w, https:\/\/prensa.sma.gob.ar\/wp-content\/uploads\/2025\/04\/WhatsApp-Image-2025-04-28-at-11.48.48-4-300x169.jpeg 300w, https:\/\/prensa.sma.gob.ar\/wp-content\/uploads\/2025\/04\/WhatsApp-Image-2025-04-28-at-11.48.48-4-768x432.jpeg 768w, https:\/\/prensa.sma.gob.ar\/wp-content\/uploads\/2025\/04\/WhatsApp-Image-2025-04-28-at-11.48.48-4-1536x864.jpeg 1536w, https:\/\/prensa.sma.gob.ar\/wp-content\/uploads\/2025\/04\/WhatsApp-Image-2025-04-28-at-11.48.48-4-747x420.jpeg 747w, https:\/\/prensa.sma.gob.ar\/wp-content\/uploads\/2025\/04\/WhatsApp-Image-2025-04-28-at-11.48.48-4-696x392.jpeg 696w, https:\/\/prensa.sma.gob.ar\/wp-content\/uploads\/2025\/04\/WhatsApp-Image-2025-04-28-at-11.48.48-4-1068x601.jpeg 1068w, https:\/\/prensa.sma.gob.ar\/wp-content\/uploads\/2025\/04\/WhatsApp-Image-2025-04-28-at-11.48.48-4.jpeg 1600w\" sizes=\"auto, (max-width: 1024px) 100vw, 1024px\" \/><\/figure>\n<\/figure>\n\n\n\n<p>Alberto Arriagada, jefe de la cuadrilla, dependiente de la Subsecretar\u00eda de Obras P\u00fablicas, se\u00f1al\u00f3 que la obra \u201cconsisti\u00f3 en el desarmado de toda la estructura, sacamos la madera que estaba muy deteriorada, hicimos limpieza del puente y una estructura un poco m\u00e1s firme, reemplazando la malla de 4,2 con malla de 8, con hierros de 8\u201d. Agreg\u00f3 que, luego de dise\u00f1ar el trabajo, \u201chicimos consultas con ingenieros para saber si est\u00e1bamos en el camino correcto y recibimos la aprobaci\u00f3n\u201d.<\/p>\n\n\n\n<p>Arriagada inform\u00f3 que el puente est\u00e1 habilitado para todo tipo de tr\u00e1nsito y que quedan pendientes trabajos de pintura en las barandas, que sufri\u00f3 rayones propios del traslado y montaje, y carteler\u00eda de seguridad con las medidas de ancho y peso que soporta el puente.<\/p>\n\n\n\n<p>El jefe de la cuadrilla agradeci\u00f3 a su personal por el trabajo bajo la lluvia de la semana pasada, para lograr habilitar el puente cuanto antes, porque el barrio lo necesitaba. Tambi\u00e9n reconoci\u00f3 la paciencia y el acompa\u00f1amiento de las vecinas y vecinos de la zona, que felicitaron por el trabajo. \u201cTrabajamos para eso, para los vecinos. Agradezco a mis compa\u00f1eros, que son los que hacen todo esto, y agradezco a la Junta Vecinal de Callejones\u201d, se\u00f1al\u00f3 Arriagada.<\/p>\n\n\n\n<p>Las tareas sobre este cruce, que se enmarcaron en el programa de renovaci\u00f3n de puentes en el ejido urbano, incluyeron la limpieza del cauce del arroyo.<\/p>\n\n\n\n<figure class=\"wp-block-gallery has-nested-images columns-default is-cropped wp-block-gallery-2 is-layout-flex wp-block-gallery-is-layout-flex\">\n<figure class=\"wp-block-image size-large\"><img loading=\"lazy\" decoding=\"async\" width=\"1024\" height=\"576\" data-id=\"6899\" src=\"https:\/\/prensa.sma.gob.ar\/wp-content\/uploads\/2025\/04\/WhatsApp-Image-2025-04-28-at-11.48.48-4-1024x576.jpeg\" alt=\"\" class=\"wp-image-6899\" srcset=\"https:\/\/prensa.sma.gob.ar\/wp-content\/uploads\/2025\/04\/WhatsApp-Image-2025-04-28-at-11.48.48-4-1024x576.jpeg 1024w, https:\/\/prensa.sma.gob.ar\/wp-content\/uploads\/2025\/04\/WhatsApp-Image-2025-04-28-at-11.48.48-4-300x169.jpeg 300w, https:\/\/prensa.sma.gob.ar\/wp-content\/uploads\/2025\/04\/WhatsApp-Image-2025-04-28-at-11.48.48-4-768x432.jpeg 768w, https:\/\/prensa.sma.gob.ar\/wp-content\/uploads\/2025\/04\/WhatsApp-Image-2025-04-28-at-11.48.48-4-1536x864.jpeg 1536w, https:\/\/prensa.sma.gob.ar\/wp-content\/uploads\/2025\/04\/WhatsApp-Image-2025-04-28-at-11.48.48-4-747x420.jpeg 747w, https:\/\/prensa.sma.gob.ar\/wp-content\/uploads\/2025\/04\/WhatsApp-Image-2025-04-28-at-11.48.48-4-696x392.jpeg 696w, https:\/\/prensa.sma.gob.ar\/wp-content\/uploads\/2025\/04\/WhatsApp-Image-2025-04-28-at-11.48.48-4-1068x601.jpeg 1068w, https:\/\/prensa.sma.gob.ar\/wp-content\/uploads\/2025\/04\/WhatsApp-Image-2025-04-28-at-11.48.48-4.jpeg 1600w\" sizes=\"auto, (max-width: 1024px) 100vw, 1024px\" \/><\/figure>\n\n\n\n<figure class=\"wp-block-image size-large\"><img loading=\"lazy\" decoding=\"async\" width=\"1024\" height=\"576\" data-id=\"6900\" src=\"https:\/\/prensa.sma.gob.ar\/wp-content\/uploads\/2025\/04\/WhatsApp-Image-2025-04-28-at-11.48.48-3-1024x576.jpeg\" alt=\"\" class=\"wp-image-6900\" srcset=\"https:\/\/prensa.sma.gob.ar\/wp-content\/uploads\/2025\/04\/WhatsApp-Image-2025-04-28-at-11.48.48-3-1024x576.jpeg 1024w, https:\/\/prensa.sma.gob.ar\/wp-content\/uploads\/2025\/04\/WhatsApp-Image-2025-04-28-at-11.48.48-3-300x169.jpeg 300w, https:\/\/prensa.sma.gob.ar\/wp-content\/uploads\/2025\/04\/WhatsApp-Image-2025-04-28-at-11.48.48-3-768x432.jpeg 768w, https:\/\/prensa.sma.gob.ar\/wp-content\/uploads\/2025\/04\/WhatsApp-Image-2025-04-28-at-11.48.48-3-1536x864.jpeg 1536w, https:\/\/prensa.sma.gob.ar\/wp-content\/uploads\/2025\/04\/WhatsApp-Image-2025-04-28-at-11.48.48-3-747x420.jpeg 747w, https:\/\/prensa.sma.gob.ar\/wp-content\/uploads\/2025\/04\/WhatsApp-Image-2025-04-28-at-11.48.48-3-696x392.jpeg 696w, https:\/\/prensa.sma.gob.ar\/wp-content\/uploads\/2025\/04\/WhatsApp-Image-2025-04-28-at-11.48.48-3-1068x601.jpeg 1068w, https:\/\/prensa.sma.gob.ar\/wp-content\/uploads\/2025\/04\/WhatsApp-Image-2025-04-28-at-11.48.48-3.jpeg 1600w\" sizes=\"auto, (max-width: 1024px) 100vw, 1024px\" \/><\/figure>\n\n\n\n<figure class=\"wp-block-image size-large\"><img loading=\"lazy\" decoding=\"async\" width=\"1024\" height=\"575\" data-id=\"6901\" src=\"https:\/\/prensa.sma.gob.ar\/wp-content\/uploads\/2025\/04\/WhatsApp-Image-2025-04-28-at-11.48.47-3-1024x575.jpeg\" alt=\"\" class=\"wp-image-6901\" srcset=\"https:\/\/prensa.sma.gob.ar\/wp-content\/uploads\/2025\/04\/WhatsApp-Image-2025-04-28-at-11.48.47-3-1024x575.jpeg 1024w, https:\/\/prensa.sma.gob.ar\/wp-content\/uploads\/2025\/04\/WhatsApp-Image-2025-04-28-at-11.48.47-3-300x169.jpeg 300w, https:\/\/prensa.sma.gob.ar\/wp-content\/uploads\/2025\/04\/WhatsApp-Image-2025-04-28-at-11.48.47-3-768x432.jpeg 768w, https:\/\/prensa.sma.gob.ar\/wp-content\/uploads\/2025\/04\/WhatsApp-Image-2025-04-28-at-11.48.47-3-1536x863.jpeg 1536w, https:\/\/prensa.sma.gob.ar\/wp-content\/uploads\/2025\/04\/WhatsApp-Image-2025-04-28-at-11.48.47-3-747x420.jpeg 747w, https:\/\/prensa.sma.gob.ar\/wp-content\/uploads\/2025\/04\/WhatsApp-Image-2025-04-28-at-11.48.47-3-696x391.jpeg 696w, https:\/\/prensa.sma.gob.ar\/wp-content\/uploads\/2025\/04\/WhatsApp-Image-2025-04-28-at-11.48.47-3-1068x600.jpeg 1068w, https:\/\/prensa.sma.gob.ar\/wp-content\/uploads\/2025\/04\/WhatsApp-Image-2025-04-28-at-11.48.47-3.jpeg 1600w\" sizes=\"auto, (max-width: 1024px) 100vw, 1024px\" \/><\/figure>\n<\/figure>\n","protected":false},"excerpt":{"rendered":"<p>Los trabajos de reconstrucci\u00f3n y remodelaci\u00f3n del puente sobre el callej\u00f3n de Torres lograron una mejor\u00eda sustancial en la circulaci\u00f3n de veh\u00edculos y peatones con un beneficio directo a las vecinas y vecinos de la zona, cada vez m\u00e1s transitada. Uno de los principales beneficios fue la colocaci\u00f3n de la pasarela, de hierro y madera, [&hellip;]<\/p>\n","protected":false},"author":2,"featured_media":6898,"comment_status":"closed","ping_status":"open","sticky":false,"template":"","format":"standard","meta":{"footnotes":""},"categories":[16,14,19,17],"tags":[],"class_list":{"0":"post-6897","1":"post","2":"type-post","3":"status-publish","4":"format-standard","5":"has-post-thumbnail","7":"category-destacadas","8":"category-noticias","9":"category-obras-y-servicios-publicos","10":"category-portada"},"_links":{"self":[{"href":"https:\/\/prensa.sma.gob.ar\/index.php?rest_route=\/wp\/v2\/posts\/6897","targetHints":{"allow":["GET"]}}],"collection":[{"href":"https:\/\/prensa.sma.gob.ar\/index.php?rest_route=\/wp\/v2\/posts"}],"about":[{"href":"https:\/\/prensa.sma.gob.ar\/index.php?rest_route=\/wp\/v2\/types\/post"}],"author":[{"embeddable":true,"href":"https:\/\/prensa.sma.gob.ar\/index.php?rest_route=\/wp\/v2\/users\/2"}],"replies":[{"embeddable":true,"href":"https:\/\/prensa.sma.gob.ar\/index.php?rest_route=%2Fwp%2Fv2%2Fcomments&post=6897"}],"version-history":[{"count":2,"href":"https:\/\/prensa.sma.gob.ar\/index.php?rest_route=\/wp\/v2\/posts\/6897\/revisions"}],"predecessor-version":[{"id":6930,"href":"https:\/\/prensa.sma.gob.ar\/index.php?rest_route=\/wp\/v2\/posts\/6897\/revisions\/6930"}],"wp:featuredmedia":[{"embeddable":true,"href":"https:\/\/prensa.sma.gob.ar\/index.php?rest_route=\/wp\/v2\/media\/6898"}],"wp:attachment":[{"href":"https:\/\/prensa.sma.gob.ar\/index.php?rest_route=%2Fwp%2Fv2%2Fmedia&parent=6897"}],"wp:term":[{"taxonomy":"category","embeddable":true,"href":"https:\/\/prensa.sma.gob.ar\/index.php?rest_route=%2Fwp%2Fv2%2Fcategories&post=6897"},{"taxonomy":"post_tag","embeddable":true,"href":"https:\/\/prensa.sma.gob.ar\/index.php?rest_route=%2Fwp%2Fv2%2Ftags&post=6897"}],"curies":[{"name":"wp","href":"https:\/\/api.w.org\/{rel}","templated":true}]}}