{"id":691,"date":"2024-06-27T17:59:07","date_gmt":"2024-06-27T17:59:07","guid":{"rendered":"https:\/\/prensa.sma.gob.ar\/?p=691"},"modified":"2024-06-27T20:16:13","modified_gmt":"2024-06-27T20:16:13","slug":"desarrollo-social-asistio-a-varias-personas-durante-el-temporal","status":"publish","type":"post","link":"https:\/\/prensa.sma.gob.ar\/?p=691","title":{"rendered":"Desarrollo Social asisti\u00f3 a varias personas durante el temporal"},"content":{"rendered":"\n<p>La Secretar\u00eda de Desarrollo Social y Derechos Humanos del Municipio asisti\u00f3 a varias personas que, en las \u00faltimas horas, se vieron afectadas por el intenso temporal de lluvia y nieve que afect\u00f3 nuestra ciudad.<\/p>\n\n\n\n<p>Personal del \u00e1rea se\u00f1al\u00f3 que, esta ma\u00f1ana, se activ\u00f3 la emergencia desde la Direcci\u00f3n de Protecci\u00f3n Civil por una vivienda que se desmoron\u00f3 en Rivadavia y Weber, en el barrio Godoy, producto, producto de las <a><\/a>intensas lluvias.<\/p>\n\n\n\n<p>\u201cTras la activaci\u00f3n de Protecci\u00f3n Civil, acudimos al lugar y asistimos a dos adultos que necesitaban ser evacuados\u201d, inform\u00f3 la secretaria de Desarrollo Social, Roc\u00edo Demateo.<\/p>\n\n\n\n<p>Agreg\u00f3 que se solicit\u00f3 espacio en el Ej\u00e9rcito para trasladar a ambos vecinos hasta tanto se pueda resolver la cuesti\u00f3n habitacional y se dispuso la asistencia con alimentos.<\/p>\n\n\n\n<p>\u201cTambi\u00e9n asistimos a otra persona de la calle Esperanza al 0. Fue necesaria su evacuaci\u00f3n y se la ingres\u00f3 a un dispositivo de tr\u00e1nsito\u201d, agreg\u00f3.<\/p>\n\n\n\n<p>Demateo especific\u00f3 que \u201cdesde anoche, asistimos a otras personas que se auto evacuaron con alimentos, frazadas y colchones\u201d y que, al mediod\u00eda de este jueves, continuaban las tareas para visitar a varias familias\u201d.<\/p>\n","protected":false},"excerpt":{"rendered":"<p>La Secretar\u00eda de Desarrollo Social y Derechos Humanos del Municipio asisti\u00f3 a varias personas que, en las \u00faltimas horas, se vieron afectadas por el intenso temporal de lluvia y nieve que afect\u00f3 nuestra ciudad. Personal del \u00e1rea se\u00f1al\u00f3 que, esta ma\u00f1ana, se activ\u00f3 la emergencia desde la Direcci\u00f3n de Protecci\u00f3n Civil por una vivienda que [&hellip;]<\/p>\n","protected":false},"author":2,"featured_media":695,"comment_status":"closed","ping_status":"open","sticky":false,"template":"","format":"standard","meta":{"footnotes":""},"categories":[15,16,11,14,17],"tags":[],"class_list":{"0":"post-691","1":"post","2":"type-post","3":"status-publish","4":"format-standard","5":"has-post-thumbnail","7":"category-desarrollo-social","8":"category-destacadas","9":"category-gobierno","10":"category-noticias","11":"category-portada"},"_links":{"self":[{"href":"https:\/\/prensa.sma.gob.ar\/index.php?rest_route=\/wp\/v2\/posts\/691","targetHints":{"allow":["GET"]}}],"collection":[{"href":"https:\/\/prensa.sma.gob.ar\/index.php?rest_route=\/wp\/v2\/posts"}],"about":[{"href":"https:\/\/prensa.sma.gob.ar\/index.php?rest_route=\/wp\/v2\/types\/post"}],"author":[{"embeddable":true,"href":"https:\/\/prensa.sma.gob.ar\/index.php?rest_route=\/wp\/v2\/users\/2"}],"replies":[{"embeddable":true,"href":"https:\/\/prensa.sma.gob.ar\/index.php?rest_route=%2Fwp%2Fv2%2Fcomments&post=691"}],"version-history":[{"count":1,"href":"https:\/\/prensa.sma.gob.ar\/index.php?rest_route=\/wp\/v2\/posts\/691\/revisions"}],"predecessor-version":[{"id":693,"href":"https:\/\/prensa.sma.gob.ar\/index.php?rest_route=\/wp\/v2\/posts\/691\/revisions\/693"}],"wp:featuredmedia":[{"embeddable":true,"href":"https:\/\/prensa.sma.gob.ar\/index.php?rest_route=\/wp\/v2\/media\/695"}],"wp:attachment":[{"href":"https:\/\/prensa.sma.gob.ar\/index.php?rest_route=%2Fwp%2Fv2%2Fmedia&parent=691"}],"wp:term":[{"taxonomy":"category","embeddable":true,"href":"https:\/\/prensa.sma.gob.ar\/index.php?rest_route=%2Fwp%2Fv2%2Fcategories&post=691"},{"taxonomy":"post_tag","embeddable":true,"href":"https:\/\/prensa.sma.gob.ar\/index.php?rest_route=%2Fwp%2Fv2%2Ftags&post=691"}],"curies":[{"name":"wp","href":"https:\/\/api.w.org\/{rel}","templated":true}]}}