{"id":6945,"date":"2025-05-05T11:50:14","date_gmt":"2025-05-05T11:50:14","guid":{"rendered":"https:\/\/prensa.sma.gob.ar\/?p=6945"},"modified":"2025-05-05T11:50:16","modified_gmt":"2025-05-05T11:50:16","slug":"familias-solidarias-invitacion-a-capacitacion-virtual-para-la-region-lagos-del-sur","status":"publish","type":"post","link":"https:\/\/prensa.sma.gob.ar\/?p=6945","title":{"rendered":"Familias Solidarias: Invitaci\u00f3n a capacitaci\u00f3n virtual para la regi\u00f3n Lagos del Sur"},"content":{"rendered":"\n<p>La subsecretaria de Familia de la provincia de Neuqu\u00e9n invita a participar de la capacitaci\u00f3n de \u00abFamilias Solidarias\u00bb que se va a realizar este martes 6 de mayo en la Regi\u00f3n Lagos del Sur.<\/p>\n\n\n\n<p>La actividad ser\u00e1 de forma virtual a trav\u00e9s de la plataforma CISCO, a las 10 horas.<\/p>\n\n\n\n<p>Drive de inscripci\u00f3n a la capacitaci\u00f3n y link de ingreso a la misma (se la puede encontrar tambi\u00e9n en el Facebook de la Municipalidad de San Mart\u00edn de los Andes y en la p\u00e1gina web).&nbsp;<\/p>\n\n\n\n<p><a href=\"https:\/\/docs.google.com\/forms\/d\/e\/1FAIpQLScPXTWnDA0M0f2m71fEXXG16icD8bLmow2x6gGLvAuIOVNkDw\/viewform?usp=header\">https:\/\/docs.google.com\/forms\/d\/e\/1FAIpQLScPXTWnDA0M0f2m71fEXXG16icD8bLmow2x6gGLvAuIOVNkDw\/viewform?usp=header<\/a><\/p>\n\n\n\n<p>Proceso de Seleccion de Familia Solidaria<\/p>\n\n\n\n<p>Organizado por Subsecretaria de Familia<\/p>\n\n\n\n<p><a href=\"https:\/\/gobneuquen.webex.com\/gobneuquen\/j.php?MTID=mfa29a6d5dbb7cd2dfdda8d7871d5a97e\">https:\/\/gobneuquen.webex.com\/gobneuquen\/j.php?MTID=mfa29a6d5dbb7cd2dfdda8d7871d5a97e<\/a><\/p>\n\n\n\n<p>Martes, 6 de mayo de 2025, a las 10:00 horas<\/p>\n\n\n\n<p>N\u00famero de reuni\u00f3n: 2539 165 5298<\/p>\n\n\n\n<p>Contrase\u00f1a: DbaJAupq882 (32252877 al conectarse desde un sistema de v\u00eddeo)<\/p>\n","protected":false},"excerpt":{"rendered":"<p>La subsecretaria de Familia de la provincia de Neuqu\u00e9n invita a participar de la capacitaci\u00f3n de \u00abFamilias Solidarias\u00bb que se va a realizar este martes 6 de mayo en la Regi\u00f3n Lagos del Sur. La actividad ser\u00e1 de forma virtual a trav\u00e9s de la plataforma CISCO, a las 10 horas. Drive de inscripci\u00f3n a la [&hellip;]<\/p>\n","protected":false},"author":2,"featured_media":6946,"comment_status":"closed","ping_status":"open","sticky":false,"template":"","format":"standard","meta":{"footnotes":""},"categories":[16,14],"tags":[],"class_list":{"0":"post-6945","1":"post","2":"type-post","3":"status-publish","4":"format-standard","5":"has-post-thumbnail","7":"category-destacadas","8":"category-noticias"},"_links":{"self":[{"href":"https:\/\/prensa.sma.gob.ar\/index.php?rest_route=\/wp\/v2\/posts\/6945","targetHints":{"allow":["GET"]}}],"collection":[{"href":"https:\/\/prensa.sma.gob.ar\/index.php?rest_route=\/wp\/v2\/posts"}],"about":[{"href":"https:\/\/prensa.sma.gob.ar\/index.php?rest_route=\/wp\/v2\/types\/post"}],"author":[{"embeddable":true,"href":"https:\/\/prensa.sma.gob.ar\/index.php?rest_route=\/wp\/v2\/users\/2"}],"replies":[{"embeddable":true,"href":"https:\/\/prensa.sma.gob.ar\/index.php?rest_route=%2Fwp%2Fv2%2Fcomments&post=6945"}],"version-history":[{"count":1,"href":"https:\/\/prensa.sma.gob.ar\/index.php?rest_route=\/wp\/v2\/posts\/6945\/revisions"}],"predecessor-version":[{"id":6947,"href":"https:\/\/prensa.sma.gob.ar\/index.php?rest_route=\/wp\/v2\/posts\/6945\/revisions\/6947"}],"wp:featuredmedia":[{"embeddable":true,"href":"https:\/\/prensa.sma.gob.ar\/index.php?rest_route=\/wp\/v2\/media\/6946"}],"wp:attachment":[{"href":"https:\/\/prensa.sma.gob.ar\/index.php?rest_route=%2Fwp%2Fv2%2Fmedia&parent=6945"}],"wp:term":[{"taxonomy":"category","embeddable":true,"href":"https:\/\/prensa.sma.gob.ar\/index.php?rest_route=%2Fwp%2Fv2%2Fcategories&post=6945"},{"taxonomy":"post_tag","embeddable":true,"href":"https:\/\/prensa.sma.gob.ar\/index.php?rest_route=%2Fwp%2Fv2%2Ftags&post=6945"}],"curies":[{"name":"wp","href":"https:\/\/api.w.org\/{rel}","templated":true}]}}