{"id":6948,"date":"2025-05-06T12:15:51","date_gmt":"2025-05-06T12:15:51","guid":{"rendered":"https:\/\/prensa.sma.gob.ar\/?p=6948"},"modified":"2025-05-06T12:18:11","modified_gmt":"2025-05-06T12:18:11","slug":"los-intendentes-de-junin-y-san-martin-acompanaron-a-autoridades-provinciales-en-las-visitas-al-aeropuerto-chapelco","status":"publish","type":"post","link":"https:\/\/prensa.sma.gob.ar\/?p=6948","title":{"rendered":"Los intendentes de Jun\u00edn y San Mart\u00edn acompa\u00f1aron a autoridades provinciales en las visitas al aeropuerto Chapelco"},"content":{"rendered":"\n<p>Los intendentes de Jun\u00edn de los Andes, Luis Madue\u00f1o, y San Mart\u00edn de los Andes, Carlos Saloniti, &nbsp;acompa\u00f1aron al director de Infraestructura Aeroportuaria y Ferroviaria de la Provincia del Neuqu\u00e9n, Francis Pojmaevich, durante el primer d\u00eda de visitas al aeropuerto Chapelco de empresas interesadas en la obra de remodelaci\u00f3n.<\/p>\n\n\n\n<p>Este lunes comenzaron las visitas de obra obligatorias de la Licitaci\u00f3n P\u00fablica 01\/2025 para la ampliaci\u00f3n y remodelaci\u00f3n del Aeropuerto de Chapelco. Se presentaron m\u00e1s de 20 solicitudes de pliegos y se programaron cinco visitas.<\/p>\n\n\n\n<p>La licitaci\u00f3n convocada por el gobierno provincial incluye m\u00e1s de 1.000 metros cuadrados de nueva infraestructura y una inversi\u00f3n de m\u00e1s de 2.200 millones de pesos. Estos fondos se suman a los 450 millones destinados a la repavimentaci\u00f3n de pista, calles de rodaje y ampliaci\u00f3n de posiciones.<\/p>\n\n\n\n<p>Pojmaevich agradeci\u00f3 la presencia de ambos jefes comunales, quienes coincidieron es la importancia que tiene el aeropuerto y la trascendencia que tendr\u00e1n las obras, en un contexto de crecimiento constante del movimiento de pasajeros desde hace varios a\u00f1os. El funcionario provincial se\u00f1al\u00f3 que Madue\u00f1o y Saloniti \u201cacompa\u00f1aron este gran paso para seguir fortaleciendo la conectividad a\u00e9rea y el turismo en la Regi\u00f3n de los Lagos del Sur\u201d.<\/p>\n\n\n\n<p>El director de Infraestructura tambi\u00e9n agradeci\u00f3 \u201cel trabajo conjunto con Sergio Sciacchitano, presidente de Neuqu\u00e9nTur, y con el ministro de Turismo de la provincia, Gustavo Fern\u00e1ndez Capiet\u201d.<\/p>\n\n\n\n<figure class=\"wp-block-gallery has-nested-images columns-default is-cropped wp-block-gallery-1 is-layout-flex wp-block-gallery-is-layout-flex\">\n<figure class=\"wp-block-image size-large\"><img loading=\"lazy\" decoding=\"async\" width=\"1024\" height=\"681\" data-id=\"6953\" src=\"https:\/\/prensa.sma.gob.ar\/wp-content\/uploads\/2025\/05\/WhatsApp-Image-2025-05-06-at-09.08.29-1024x681.jpeg\" alt=\"\" class=\"wp-image-6953\" srcset=\"https:\/\/prensa.sma.gob.ar\/wp-content\/uploads\/2025\/05\/WhatsApp-Image-2025-05-06-at-09.08.29-1024x681.jpeg 1024w, https:\/\/prensa.sma.gob.ar\/wp-content\/uploads\/2025\/05\/WhatsApp-Image-2025-05-06-at-09.08.29-300x199.jpeg 300w, https:\/\/prensa.sma.gob.ar\/wp-content\/uploads\/2025\/05\/WhatsApp-Image-2025-05-06-at-09.08.29-768x511.jpeg 768w, https:\/\/prensa.sma.gob.ar\/wp-content\/uploads\/2025\/05\/WhatsApp-Image-2025-05-06-at-09.08.29-1536x1021.jpeg 1536w, https:\/\/prensa.sma.gob.ar\/wp-content\/uploads\/2025\/05\/WhatsApp-Image-2025-05-06-at-09.08.29-2048x1362.jpeg 2048w, https:\/\/prensa.sma.gob.ar\/wp-content\/uploads\/2025\/05\/WhatsApp-Image-2025-05-06-at-09.08.29-632x420.jpeg 632w, https:\/\/prensa.sma.gob.ar\/wp-content\/uploads\/2025\/05\/WhatsApp-Image-2025-05-06-at-09.08.29-696x463.jpeg 696w, https:\/\/prensa.sma.gob.ar\/wp-content\/uploads\/2025\/05\/WhatsApp-Image-2025-05-06-at-09.08.29-1068x710.jpeg 1068w, https:\/\/prensa.sma.gob.ar\/wp-content\/uploads\/2025\/05\/WhatsApp-Image-2025-05-06-at-09.08.29-1920x1277.jpeg 1920w\" sizes=\"auto, (max-width: 1024px) 100vw, 1024px\" \/><\/figure>\n\n\n\n<figure class=\"wp-block-image size-large\"><img loading=\"lazy\" decoding=\"async\" width=\"1024\" height=\"915\" data-id=\"6951\" src=\"https:\/\/prensa.sma.gob.ar\/wp-content\/uploads\/2025\/05\/AEROPUERTO-3-1024x915.jpg\" alt=\"\" class=\"wp-image-6951\" srcset=\"https:\/\/prensa.sma.gob.ar\/wp-content\/uploads\/2025\/05\/AEROPUERTO-3-1024x915.jpg 1024w, https:\/\/prensa.sma.gob.ar\/wp-content\/uploads\/2025\/05\/AEROPUERTO-3-300x268.jpg 300w, https:\/\/prensa.sma.gob.ar\/wp-content\/uploads\/2025\/05\/AEROPUERTO-3-768x686.jpg 768w, https:\/\/prensa.sma.gob.ar\/wp-content\/uploads\/2025\/05\/AEROPUERTO-3-470x420.jpg 470w, https:\/\/prensa.sma.gob.ar\/wp-content\/uploads\/2025\/05\/AEROPUERTO-3-696x622.jpg 696w, https:\/\/prensa.sma.gob.ar\/wp-content\/uploads\/2025\/05\/AEROPUERTO-3-1068x954.jpg 1068w, https:\/\/prensa.sma.gob.ar\/wp-content\/uploads\/2025\/05\/AEROPUERTO-3.jpg 1400w\" sizes=\"auto, (max-width: 1024px) 100vw, 1024px\" \/><\/figure>\n<\/figure>\n","protected":false},"excerpt":{"rendered":"<p>Los intendentes de Jun\u00edn de los Andes, Luis Madue\u00f1o, y San Mart\u00edn de los Andes, Carlos Saloniti, &nbsp;acompa\u00f1aron al director de Infraestructura Aeroportuaria y Ferroviaria de la Provincia del Neuqu\u00e9n, Francis Pojmaevich, durante el primer d\u00eda de visitas al aeropuerto Chapelco de empresas interesadas en la obra de remodelaci\u00f3n. Este lunes comenzaron las visitas de [&hellip;]<\/p>\n","protected":false},"author":2,"featured_media":6951,"comment_status":"closed","ping_status":"open","sticky":false,"template":"","format":"standard","meta":{"footnotes":""},"categories":[16,14,17],"tags":[],"class_list":{"0":"post-6948","1":"post","2":"type-post","3":"status-publish","4":"format-standard","5":"has-post-thumbnail","7":"category-destacadas","8":"category-noticias","9":"category-portada"},"_links":{"self":[{"href":"https:\/\/prensa.sma.gob.ar\/index.php?rest_route=\/wp\/v2\/posts\/6948","targetHints":{"allow":["GET"]}}],"collection":[{"href":"https:\/\/prensa.sma.gob.ar\/index.php?rest_route=\/wp\/v2\/posts"}],"about":[{"href":"https:\/\/prensa.sma.gob.ar\/index.php?rest_route=\/wp\/v2\/types\/post"}],"author":[{"embeddable":true,"href":"https:\/\/prensa.sma.gob.ar\/index.php?rest_route=\/wp\/v2\/users\/2"}],"replies":[{"embeddable":true,"href":"https:\/\/prensa.sma.gob.ar\/index.php?rest_route=%2Fwp%2Fv2%2Fcomments&post=6948"}],"version-history":[{"count":1,"href":"https:\/\/prensa.sma.gob.ar\/index.php?rest_route=\/wp\/v2\/posts\/6948\/revisions"}],"predecessor-version":[{"id":6954,"href":"https:\/\/prensa.sma.gob.ar\/index.php?rest_route=\/wp\/v2\/posts\/6948\/revisions\/6954"}],"wp:featuredmedia":[{"embeddable":true,"href":"https:\/\/prensa.sma.gob.ar\/index.php?rest_route=\/wp\/v2\/media\/6951"}],"wp:attachment":[{"href":"https:\/\/prensa.sma.gob.ar\/index.php?rest_route=%2Fwp%2Fv2%2Fmedia&parent=6948"}],"wp:term":[{"taxonomy":"category","embeddable":true,"href":"https:\/\/prensa.sma.gob.ar\/index.php?rest_route=%2Fwp%2Fv2%2Fcategories&post=6948"},{"taxonomy":"post_tag","embeddable":true,"href":"https:\/\/prensa.sma.gob.ar\/index.php?rest_route=%2Fwp%2Fv2%2Ftags&post=6948"}],"curies":[{"name":"wp","href":"https:\/\/api.w.org\/{rel}","templated":true}]}}