{"id":6955,"date":"2025-05-06T13:04:25","date_gmt":"2025-05-06T13:04:25","guid":{"rendered":"https:\/\/prensa.sma.gob.ar\/?p=6955"},"modified":"2025-05-06T14:02:49","modified_gmt":"2025-05-06T14:02:49","slug":"cronograma-de-limpieza-de-microbasurales-en-barrios-durante-el-mes-de-mayo","status":"publish","type":"post","link":"https:\/\/prensa.sma.gob.ar\/?p=6955","title":{"rendered":"Cronograma de limpieza de microbasurales en barrios durante el mes de mayo"},"content":{"rendered":"\n<p>La Subsecretar\u00eda de Servicios P\u00fablicos lleva adelante un programa de limpieza en barrios, dispuesto en un cronograma por semana que se aplicar\u00e1 durante este mes de mayo.<\/p>\n\n\n\n<p>De acuerdo al cronograma, coordinado con el director general de Gesti\u00f3n Integral de Residuos S\u00f3lidos Urbanos (Girsu), Jos\u00e9 Pino, y el jefe del Departamento de Barrido y Limpieza, Marcelo Betancur, los trabajos se distribuyen de la siguiente manera:<\/p>\n\n\n\n<p>Semana 1, del 5 al 9 de mayo: zona Centro. Ladera del Cerro Curruhuinca, Altos del Sol, Cantera, Oasis y Trabunco.<\/p>\n\n\n\n<p>Semana 2, del 12 al 16 de mayo: Covisal, El Arenal, Kumelkayen, \u00c1rea Mixta, Chacra 4, Villa Paur, Los Riscos, Alihuen Bajo, Vega Maip\u00fa.<\/p>\n\n\n\n<p>Semana 3, del 19 al 23 de mayo: Villa Vega San Mart\u00edn, La Cascada, Amancay; callej\u00f3n de Torres; callej\u00f3n de Gingins.<\/p>\n\n\n\n<p>Semana 4, del 26 al 30 de mayo: Nahuilen, Alihuen, Chacras 28, 30 y 32.<\/p>\n\n\n\n<p><\/p>\n\n\n\n<p>El cronograma tambi\u00e9n fue notificado a la Subsecretar\u00eda de Juntas Vecinales para que informe a las vecinas y vecinos a trav\u00e9s de las comisiones barriales, junto al Consejo de Juntas Vecinales.<\/p>\n\n\n\n<p>El Municipio apela, una vez m\u00e1s, a la comunidad de todos los barrios, a mantener limpios los lugares comunes. El cuidado de la limpieza barrial es responsabilidad de todas y todos.<\/p>\n","protected":false},"excerpt":{"rendered":"<p>La Subsecretar\u00eda de Servicios P\u00fablicos lleva adelante un programa de limpieza en barrios, dispuesto en un cronograma por semana que se aplicar\u00e1 durante este mes de mayo. De acuerdo al cronograma, coordinado con el director general de Gesti\u00f3n Integral de Residuos S\u00f3lidos Urbanos (Girsu), Jos\u00e9 Pino, y el jefe del Departamento de Barrido y Limpieza, [&hellip;]<\/p>\n","protected":false},"author":1,"featured_media":6956,"comment_status":"closed","ping_status":"open","sticky":false,"template":"","format":"standard","meta":{"footnotes":""},"categories":[16,14,19],"tags":[],"class_list":{"0":"post-6955","1":"post","2":"type-post","3":"status-publish","4":"format-standard","5":"has-post-thumbnail","7":"category-destacadas","8":"category-noticias","9":"category-obras-y-servicios-publicos"},"_links":{"self":[{"href":"https:\/\/prensa.sma.gob.ar\/index.php?rest_route=\/wp\/v2\/posts\/6955","targetHints":{"allow":["GET"]}}],"collection":[{"href":"https:\/\/prensa.sma.gob.ar\/index.php?rest_route=\/wp\/v2\/posts"}],"about":[{"href":"https:\/\/prensa.sma.gob.ar\/index.php?rest_route=\/wp\/v2\/types\/post"}],"author":[{"embeddable":true,"href":"https:\/\/prensa.sma.gob.ar\/index.php?rest_route=\/wp\/v2\/users\/1"}],"replies":[{"embeddable":true,"href":"https:\/\/prensa.sma.gob.ar\/index.php?rest_route=%2Fwp%2Fv2%2Fcomments&post=6955"}],"version-history":[{"count":4,"href":"https:\/\/prensa.sma.gob.ar\/index.php?rest_route=\/wp\/v2\/posts\/6955\/revisions"}],"predecessor-version":[{"id":6962,"href":"https:\/\/prensa.sma.gob.ar\/index.php?rest_route=\/wp\/v2\/posts\/6955\/revisions\/6962"}],"wp:featuredmedia":[{"embeddable":true,"href":"https:\/\/prensa.sma.gob.ar\/index.php?rest_route=\/wp\/v2\/media\/6956"}],"wp:attachment":[{"href":"https:\/\/prensa.sma.gob.ar\/index.php?rest_route=%2Fwp%2Fv2%2Fmedia&parent=6955"}],"wp:term":[{"taxonomy":"category","embeddable":true,"href":"https:\/\/prensa.sma.gob.ar\/index.php?rest_route=%2Fwp%2Fv2%2Fcategories&post=6955"},{"taxonomy":"post_tag","embeddable":true,"href":"https:\/\/prensa.sma.gob.ar\/index.php?rest_route=%2Fwp%2Fv2%2Ftags&post=6955"}],"curies":[{"name":"wp","href":"https:\/\/api.w.org\/{rel}","templated":true}]}}