{"id":6963,"date":"2025-05-06T11:31:00","date_gmt":"2025-05-06T11:31:00","guid":{"rendered":"https:\/\/prensa.sma.gob.ar\/?p=6963"},"modified":"2025-05-06T16:21:32","modified_gmt":"2025-05-06T16:21:32","slug":"se-realiza-en-san-martin-de-los-andes-el-programa-adn-con-unos-200-estudiantes-de-arquitectura-de-la-uba","status":"publish","type":"post","link":"https:\/\/prensa.sma.gob.ar\/?p=6963","title":{"rendered":"Se realiza el Programa ADN con unos 200 estudiantes de Arquitectura de la UBA"},"content":{"rendered":"\n<p>Este lunes comenz\u00f3 en San Mart\u00edn de los Andes una nueva edici\u00f3n del Programa ADN, Encuentros Proyectuales en el Territorio, como parte del estudio de la Regi\u00f3n Geocultural Andino Lacustre de estudiantes de Arquitectura de la Universidad de Buenos Aires (UBA).<\/p>\n\n\n\n<p>El Taller, que se desarrolla en la primera semana de mayo de cada a\u00f1o, incluir\u00e1 charlas, exposiciones y visitas guiadas a diferentes barrios y \u00e1reas de nuestra ciudad y se extender\u00e1 hasta el pr\u00f3ximo viernes 9.<\/p>\n\n\n\n<p>ADN es una iniciativa de Red Naci\u00f3n, una c\u00e1tedra de la Facultad de Arquitectura, Dise\u00f1o y Urbanismo de la UBA, dirigida por el Arq. Pablo Ferreiro. Es un programa acad\u00e9mico que convoca a instituciones y organizaciones interesadas en analizar las demandas del territorio.<\/p>\n\n\n\n<p>Las actividades del primer d\u00eda fueron inauguradas en el Espacio Trama por la directora de Vivienda y H\u00e1bitat (IVH) del Municipio, Carolina Amaya, y por el subsecretario de Planificaci\u00f3n Participativa y Monitoreo del Plan Estrat\u00e9gico (COPE), F\u00e9lix Cariboni. Tambi\u00e9n particip\u00f3 el secretario de Turismo del Municipio, Alejandro Apaolaza.<\/p>\n\n\n\n<p>El cierre de la primera jornada estuvo a cargo del intendente Carlos Saloniti, quien agradeci\u00f3 la vista de alumnos y docentes, afirm\u00f3 que el Municipio recibir\u00e1 el documento que elaboren los estudiantes y asegur\u00f3 que el sentido principal de las normativas de nuestra ciudad es el equilibrio en el desarrollo, \u201cpara que no gane un solo sector sino para que gane toda la comunidad\u201d.<\/p>\n\n\n\n<figure class=\"wp-block-gallery has-nested-images columns-default is-cropped wp-block-gallery-1 is-layout-flex wp-block-gallery-is-layout-flex\">\n<figure class=\"wp-block-image size-large\"><img loading=\"lazy\" decoding=\"async\" width=\"1024\" height=\"576\" data-id=\"6975\" src=\"https:\/\/prensa.sma.gob.ar\/wp-content\/uploads\/2025\/05\/WhatsApp-Image-2025-05-05-at-11.43.06-2-1024x576.jpeg\" alt=\"\" class=\"wp-image-6975\" srcset=\"https:\/\/prensa.sma.gob.ar\/wp-content\/uploads\/2025\/05\/WhatsApp-Image-2025-05-05-at-11.43.06-2-1024x576.jpeg 1024w, https:\/\/prensa.sma.gob.ar\/wp-content\/uploads\/2025\/05\/WhatsApp-Image-2025-05-05-at-11.43.06-2-300x169.jpeg 300w, https:\/\/prensa.sma.gob.ar\/wp-content\/uploads\/2025\/05\/WhatsApp-Image-2025-05-05-at-11.43.06-2-768x432.jpeg 768w, https:\/\/prensa.sma.gob.ar\/wp-content\/uploads\/2025\/05\/WhatsApp-Image-2025-05-05-at-11.43.06-2-1536x864.jpeg 1536w, https:\/\/prensa.sma.gob.ar\/wp-content\/uploads\/2025\/05\/WhatsApp-Image-2025-05-05-at-11.43.06-2-747x420.jpeg 747w, https:\/\/prensa.sma.gob.ar\/wp-content\/uploads\/2025\/05\/WhatsApp-Image-2025-05-05-at-11.43.06-2-696x392.jpeg 696w, https:\/\/prensa.sma.gob.ar\/wp-content\/uploads\/2025\/05\/WhatsApp-Image-2025-05-05-at-11.43.06-2-1068x601.jpeg 1068w, https:\/\/prensa.sma.gob.ar\/wp-content\/uploads\/2025\/05\/WhatsApp-Image-2025-05-05-at-11.43.06-2.jpeg 1600w\" sizes=\"auto, (max-width: 1024px) 100vw, 1024px\" \/><\/figure>\n\n\n\n<figure class=\"wp-block-image size-large\"><img loading=\"lazy\" decoding=\"async\" width=\"1024\" height=\"589\" data-id=\"6974\" src=\"https:\/\/prensa.sma.gob.ar\/wp-content\/uploads\/2025\/05\/WhatsApp-Image-2025-05-05-at-11.43.07-3-1024x589.jpeg\" alt=\"\" class=\"wp-image-6974\" srcset=\"https:\/\/prensa.sma.gob.ar\/wp-content\/uploads\/2025\/05\/WhatsApp-Image-2025-05-05-at-11.43.07-3-1024x589.jpeg 1024w, https:\/\/prensa.sma.gob.ar\/wp-content\/uploads\/2025\/05\/WhatsApp-Image-2025-05-05-at-11.43.07-3-300x173.jpeg 300w, https:\/\/prensa.sma.gob.ar\/wp-content\/uploads\/2025\/05\/WhatsApp-Image-2025-05-05-at-11.43.07-3-768x442.jpeg 768w, https:\/\/prensa.sma.gob.ar\/wp-content\/uploads\/2025\/05\/WhatsApp-Image-2025-05-05-at-11.43.07-3-1536x883.jpeg 1536w, https:\/\/prensa.sma.gob.ar\/wp-content\/uploads\/2025\/05\/WhatsApp-Image-2025-05-05-at-11.43.07-3-730x420.jpeg 730w, https:\/\/prensa.sma.gob.ar\/wp-content\/uploads\/2025\/05\/WhatsApp-Image-2025-05-05-at-11.43.07-3-696x400.jpeg 696w, https:\/\/prensa.sma.gob.ar\/wp-content\/uploads\/2025\/05\/WhatsApp-Image-2025-05-05-at-11.43.07-3-1068x614.jpeg 1068w, https:\/\/prensa.sma.gob.ar\/wp-content\/uploads\/2025\/05\/WhatsApp-Image-2025-05-05-at-11.43.07-3.jpeg 1600w\" sizes=\"auto, (max-width: 1024px) 100vw, 1024px\" \/><\/figure>\n\n\n\n<figure class=\"wp-block-image size-large\"><img loading=\"lazy\" decoding=\"async\" width=\"1024\" height=\"576\" data-id=\"6972\" src=\"https:\/\/prensa.sma.gob.ar\/wp-content\/uploads\/2025\/05\/WhatsApp-Image-2025-05-05-at-11.43.07-5-1024x576.jpeg\" alt=\"\" class=\"wp-image-6972\" srcset=\"https:\/\/prensa.sma.gob.ar\/wp-content\/uploads\/2025\/05\/WhatsApp-Image-2025-05-05-at-11.43.07-5-1024x576.jpeg 1024w, https:\/\/prensa.sma.gob.ar\/wp-content\/uploads\/2025\/05\/WhatsApp-Image-2025-05-05-at-11.43.07-5-300x169.jpeg 300w, https:\/\/prensa.sma.gob.ar\/wp-content\/uploads\/2025\/05\/WhatsApp-Image-2025-05-05-at-11.43.07-5-768x432.jpeg 768w, https:\/\/prensa.sma.gob.ar\/wp-content\/uploads\/2025\/05\/WhatsApp-Image-2025-05-05-at-11.43.07-5-1536x864.jpeg 1536w, https:\/\/prensa.sma.gob.ar\/wp-content\/uploads\/2025\/05\/WhatsApp-Image-2025-05-05-at-11.43.07-5-747x420.jpeg 747w, https:\/\/prensa.sma.gob.ar\/wp-content\/uploads\/2025\/05\/WhatsApp-Image-2025-05-05-at-11.43.07-5-696x392.jpeg 696w, https:\/\/prensa.sma.gob.ar\/wp-content\/uploads\/2025\/05\/WhatsApp-Image-2025-05-05-at-11.43.07-5-1068x601.jpeg 1068w, https:\/\/prensa.sma.gob.ar\/wp-content\/uploads\/2025\/05\/WhatsApp-Image-2025-05-05-at-11.43.07-5.jpeg 1600w\" sizes=\"auto, (max-width: 1024px) 100vw, 1024px\" \/><\/figure>\n<\/figure>\n\n\n\n<p>Al dar la bienvenida, Carolina Amaya explic\u00f3 la modalidad de los trabajos pautados para la semana, incluyendo visitas a Lolog, al barrio Intercultural y la zona de Cordones. Destac\u00f3 que este encuentro es producto de un trabajo previo de varias semanas de Ferreiro con todo el equipo del IVH.<\/p>\n\n\n\n<p>Amaya le record\u00f3 a las y los estudiantes que la provincia de Neuqu\u00e9n est\u00e1 divida en siete regiones y que la correspondiente a San Mart\u00edn de los Andes, la Regi\u00f3n de los Lagos del Sur, tiene particularidades propias de la geograf\u00eda y de los altos niveles de crecimiento poblacional. &nbsp;En este sentido, se\u00f1al\u00f3 que, adem\u00e1s del IVH, en estas jornadas intervendr\u00e1n otras secretarias y \u00e1reas claves del Municipio en el desarrollo urbano y en la planificaci\u00f3n.<\/p>\n\n\n\n<p>Felix &nbsp;Cariboni, del COPE, hizo una descripci\u00f3n detallada de la expansi\u00f3n de la ciudad en los barrios, los nuevos loteos, los ejes de crecimiento y el aumento poblaci\u00f3n del San Mart\u00edn de los Andes, por encima del promedio provincial y tres veces m\u00e1s alto que el promedio nacional. El subsecretario tambi\u00e9n mencion\u00f3 los alcances del Plan Estrat\u00e9gico de San Mart\u00edn de los Andes 2030\u201d, que tiene como finalidad establecer el trazado de pol\u00edticas claras orientadas al desarrollo sustentable.<\/p>\n\n\n\n<p>Por su parte, el profesor Ferreiro explic\u00f3 que \u201clos chicos detectan los problemas que van observando, hacen un registro de eso y luego arman un informe&nbsp; con propuestas de lo que podr\u00eda hacerse para solucionar los inconvenientes y los proyectos que surjan, como devoluci\u00f3n de lo que transitaron durante la semana\u201d. Se\u00f1al\u00f3 que trabajos similares se hicieron en otras regiones como Misiones, &nbsp;Chapadmalal, Cipolletti y Neuqu\u00e9n, y en otras regiones que visitaron.<\/p>\n\n\n\n<p>Al anunciar su propuesta, Ferreiro hab\u00eda se\u00f1alado que \u201cconsideramos indispensable la conformaci\u00f3n y profundizaci\u00f3n de redes de pensamiento colectivo sobre nuestro extenso territorio, en un escenario donde definitivamente se han desplazado los alcances de nuestra disciplina\u201d.<\/p>\n\n\n\n<p>Al afirmar que esta iniciativa se enmarca en \u201clos nuevos paradigmas de \u00e9poca\u201d, Ferreiro afirm\u00f3 que se trata de \u201cuna \u00e9poca donde la relaci\u00f3n entre el soporte natural y la acci\u00f3n de la cultura fue llevada a extremos que nos obligan a construir nuevas herramientas para un pertinente abordaje de las nuevas escalas, programas y equipamientos\u201d.<\/p>\n\n\n\n<figure class=\"wp-block-gallery has-nested-images columns-default is-cropped wp-block-gallery-2 is-layout-flex wp-block-gallery-is-layout-flex\">\n<figure class=\"wp-block-image size-large\"><img loading=\"lazy\" decoding=\"async\" width=\"1024\" height=\"662\" data-id=\"6966\" src=\"https:\/\/prensa.sma.gob.ar\/wp-content\/uploads\/2025\/05\/WhatsApp-Image-2025-05-05-at-16.15.49-1-1024x662.jpeg\" alt=\"\" class=\"wp-image-6966\" srcset=\"https:\/\/prensa.sma.gob.ar\/wp-content\/uploads\/2025\/05\/WhatsApp-Image-2025-05-05-at-16.15.49-1-1024x662.jpeg 1024w, https:\/\/prensa.sma.gob.ar\/wp-content\/uploads\/2025\/05\/WhatsApp-Image-2025-05-05-at-16.15.49-1-300x194.jpeg 300w, https:\/\/prensa.sma.gob.ar\/wp-content\/uploads\/2025\/05\/WhatsApp-Image-2025-05-05-at-16.15.49-1-768x496.jpeg 768w, https:\/\/prensa.sma.gob.ar\/wp-content\/uploads\/2025\/05\/WhatsApp-Image-2025-05-05-at-16.15.49-1-1536x993.jpeg 1536w, https:\/\/prensa.sma.gob.ar\/wp-content\/uploads\/2025\/05\/WhatsApp-Image-2025-05-05-at-16.15.49-1-650x420.jpeg 650w, https:\/\/prensa.sma.gob.ar\/wp-content\/uploads\/2025\/05\/WhatsApp-Image-2025-05-05-at-16.15.49-1-696x450.jpeg 696w, https:\/\/prensa.sma.gob.ar\/wp-content\/uploads\/2025\/05\/WhatsApp-Image-2025-05-05-at-16.15.49-1-1068x690.jpeg 1068w, https:\/\/prensa.sma.gob.ar\/wp-content\/uploads\/2025\/05\/WhatsApp-Image-2025-05-05-at-16.15.49-1.jpeg 1600w\" sizes=\"auto, (max-width: 1024px) 100vw, 1024px\" \/><\/figure>\n\n\n\n<figure class=\"wp-block-image size-large\"><img loading=\"lazy\" decoding=\"async\" width=\"1024\" height=\"576\" data-id=\"6969\" src=\"https:\/\/prensa.sma.gob.ar\/wp-content\/uploads\/2025\/05\/WhatsApp-Image-2025-05-05-at-16.15.48-1024x576.jpeg\" alt=\"\" class=\"wp-image-6969\" srcset=\"https:\/\/prensa.sma.gob.ar\/wp-content\/uploads\/2025\/05\/WhatsApp-Image-2025-05-05-at-16.15.48-1024x576.jpeg 1024w, https:\/\/prensa.sma.gob.ar\/wp-content\/uploads\/2025\/05\/WhatsApp-Image-2025-05-05-at-16.15.48-300x169.jpeg 300w, https:\/\/prensa.sma.gob.ar\/wp-content\/uploads\/2025\/05\/WhatsApp-Image-2025-05-05-at-16.15.48-768x432.jpeg 768w, https:\/\/prensa.sma.gob.ar\/wp-content\/uploads\/2025\/05\/WhatsApp-Image-2025-05-05-at-16.15.48-1536x864.jpeg 1536w, https:\/\/prensa.sma.gob.ar\/wp-content\/uploads\/2025\/05\/WhatsApp-Image-2025-05-05-at-16.15.48-747x420.jpeg 747w, https:\/\/prensa.sma.gob.ar\/wp-content\/uploads\/2025\/05\/WhatsApp-Image-2025-05-05-at-16.15.48-696x392.jpeg 696w, https:\/\/prensa.sma.gob.ar\/wp-content\/uploads\/2025\/05\/WhatsApp-Image-2025-05-05-at-16.15.48-1068x601.jpeg 1068w, https:\/\/prensa.sma.gob.ar\/wp-content\/uploads\/2025\/05\/WhatsApp-Image-2025-05-05-at-16.15.48.jpeg 1600w\" sizes=\"auto, (max-width: 1024px) 100vw, 1024px\" \/><\/figure>\n\n\n\n<figure class=\"wp-block-image size-large\"><img loading=\"lazy\" decoding=\"async\" width=\"1024\" height=\"576\" data-id=\"6967\" src=\"https:\/\/prensa.sma.gob.ar\/wp-content\/uploads\/2025\/05\/WhatsApp-Image-2025-05-05-at-16.15.49-1024x576.jpeg\" alt=\"\" class=\"wp-image-6967\" srcset=\"https:\/\/prensa.sma.gob.ar\/wp-content\/uploads\/2025\/05\/WhatsApp-Image-2025-05-05-at-16.15.49-1024x576.jpeg 1024w, https:\/\/prensa.sma.gob.ar\/wp-content\/uploads\/2025\/05\/WhatsApp-Image-2025-05-05-at-16.15.49-300x169.jpeg 300w, https:\/\/prensa.sma.gob.ar\/wp-content\/uploads\/2025\/05\/WhatsApp-Image-2025-05-05-at-16.15.49-768x432.jpeg 768w, https:\/\/prensa.sma.gob.ar\/wp-content\/uploads\/2025\/05\/WhatsApp-Image-2025-05-05-at-16.15.49-1536x864.jpeg 1536w, https:\/\/prensa.sma.gob.ar\/wp-content\/uploads\/2025\/05\/WhatsApp-Image-2025-05-05-at-16.15.49-747x420.jpeg 747w, https:\/\/prensa.sma.gob.ar\/wp-content\/uploads\/2025\/05\/WhatsApp-Image-2025-05-05-at-16.15.49-696x392.jpeg 696w, https:\/\/prensa.sma.gob.ar\/wp-content\/uploads\/2025\/05\/WhatsApp-Image-2025-05-05-at-16.15.49-1068x601.jpeg 1068w, https:\/\/prensa.sma.gob.ar\/wp-content\/uploads\/2025\/05\/WhatsApp-Image-2025-05-05-at-16.15.49.jpeg 1600w\" sizes=\"auto, (max-width: 1024px) 100vw, 1024px\" \/><\/figure>\n<\/figure>\n\n\n\n<p><strong>\u201cNi el &#8216;vale todo&#8217; ni frenar el desarrollo\u201d<\/strong><\/p>\n\n\n\n<p>El intendente Saloniti se\u00f1al\u00f3 que, adem\u00e1s de la belleza natural, San Mart\u00edn de los Andes \u201ces producto de decisiones inteligentes que se tomaron en su momento sobre desarrollo equitativo y cuidado del entorno, que evitaron un crecimiento desproporcionado de la ciudad. El crecimiento est\u00e1 bien, pero no el crecimiento sea como sea\u201d.<\/p>\n\n\n\n<p>\u201cEn San Mart\u00edn queremos el progreso y el desarrollo. El 70 por ciento de la econom\u00eda lo mueve el sector privado, con el turismo y las obras. Queremos defender eso porque, si no, atentar\u00edamos contra el trabajo de nuestra gente\u201d, se\u00f1al\u00f3 el jefe comunal. Agreg\u00f3 que \u201cqueremos hacer entender que esta ciudad tiene que crecer en armon\u00eda, con las \u00e1reas del Municipio, colegios de profesionales, organizaciones civiles, &nbsp;el Concejo Deliberante y otros actores. Todo tiene que tener consenso y requiere dialogo\u201d.<\/p>\n\n\n\n<p>Finalmente, Saloniti salud\u00f3 a las y los estudiantes, confirm\u00f3 que el Municipio recibir\u00e1 el documento que elaboren. \u201cOjal\u00e1 que esta experiencia sirva y que nos den las recomendaciones para poder encontrar el equilibrio, que es lo m\u00e1s dif\u00edcil en estos tiempos: ni el vale todo ni frenar el desarrollo. &nbsp;San Mart\u00edn tiene desigualdades y tratamos de que le vaya bien a todos. Ac\u00e1 tienen que ganar todos, no solo un sector\u201d, sostuvo.<\/p>\n\n\n\n<p>Adem\u00e1s, el intendente ratific\u00f3 \u201cla importancia de la universidad p\u00fablica, porque permite conocer no s\u00f3lo la mirada acad\u00e9mica sino tambi\u00e9n lo que se observa en el territorio\u201d. Pidi\u00f3 \u201cdefenderla todos los d\u00edas, porque nos permite salir a la calle, al terreno, nos muestra una realidad\u201d.<\/p>\n\n\n\n<figure class=\"wp-block-gallery has-nested-images columns-default is-cropped wp-block-gallery-3 is-layout-flex wp-block-gallery-is-layout-flex\">\n<figure class=\"wp-block-image size-large\"><img loading=\"lazy\" decoding=\"async\" width=\"1024\" height=\"550\" data-id=\"6965\" src=\"https:\/\/prensa.sma.gob.ar\/wp-content\/uploads\/2025\/05\/WhatsApp-Image-2025-05-05-at-16.15.50-1024x550.jpeg\" alt=\"\" class=\"wp-image-6965\" srcset=\"https:\/\/prensa.sma.gob.ar\/wp-content\/uploads\/2025\/05\/WhatsApp-Image-2025-05-05-at-16.15.50-1024x550.jpeg 1024w, https:\/\/prensa.sma.gob.ar\/wp-content\/uploads\/2025\/05\/WhatsApp-Image-2025-05-05-at-16.15.50-300x161.jpeg 300w, https:\/\/prensa.sma.gob.ar\/wp-content\/uploads\/2025\/05\/WhatsApp-Image-2025-05-05-at-16.15.50-768x413.jpeg 768w, https:\/\/prensa.sma.gob.ar\/wp-content\/uploads\/2025\/05\/WhatsApp-Image-2025-05-05-at-16.15.50-1536x826.jpeg 1536w, https:\/\/prensa.sma.gob.ar\/wp-content\/uploads\/2025\/05\/WhatsApp-Image-2025-05-05-at-16.15.50-781x420.jpeg 781w, https:\/\/prensa.sma.gob.ar\/wp-content\/uploads\/2025\/05\/WhatsApp-Image-2025-05-05-at-16.15.50-696x374.jpeg 696w, https:\/\/prensa.sma.gob.ar\/wp-content\/uploads\/2025\/05\/WhatsApp-Image-2025-05-05-at-16.15.50-1068x574.jpeg 1068w, https:\/\/prensa.sma.gob.ar\/wp-content\/uploads\/2025\/05\/WhatsApp-Image-2025-05-05-at-16.15.50.jpeg 1600w\" sizes=\"auto, (max-width: 1024px) 100vw, 1024px\" \/><\/figure>\n\n\n\n<figure class=\"wp-block-image size-large\"><img loading=\"lazy\" decoding=\"async\" width=\"1024\" height=\"576\" data-id=\"6964\" src=\"https:\/\/prensa.sma.gob.ar\/wp-content\/uploads\/2025\/05\/WhatsApp-Image-2025-05-05-at-16.15.50-1-1024x576.jpeg\" alt=\"\" class=\"wp-image-6964\" srcset=\"https:\/\/prensa.sma.gob.ar\/wp-content\/uploads\/2025\/05\/WhatsApp-Image-2025-05-05-at-16.15.50-1-1024x576.jpeg 1024w, https:\/\/prensa.sma.gob.ar\/wp-content\/uploads\/2025\/05\/WhatsApp-Image-2025-05-05-at-16.15.50-1-300x169.jpeg 300w, https:\/\/prensa.sma.gob.ar\/wp-content\/uploads\/2025\/05\/WhatsApp-Image-2025-05-05-at-16.15.50-1-768x432.jpeg 768w, https:\/\/prensa.sma.gob.ar\/wp-content\/uploads\/2025\/05\/WhatsApp-Image-2025-05-05-at-16.15.50-1-1536x864.jpeg 1536w, https:\/\/prensa.sma.gob.ar\/wp-content\/uploads\/2025\/05\/WhatsApp-Image-2025-05-05-at-16.15.50-1-747x420.jpeg 747w, https:\/\/prensa.sma.gob.ar\/wp-content\/uploads\/2025\/05\/WhatsApp-Image-2025-05-05-at-16.15.50-1-696x392.jpeg 696w, https:\/\/prensa.sma.gob.ar\/wp-content\/uploads\/2025\/05\/WhatsApp-Image-2025-05-05-at-16.15.50-1-1068x601.jpeg 1068w, https:\/\/prensa.sma.gob.ar\/wp-content\/uploads\/2025\/05\/WhatsApp-Image-2025-05-05-at-16.15.50-1.jpeg 1600w\" sizes=\"auto, (max-width: 1024px) 100vw, 1024px\" \/><\/figure>\n\n\n\n<figure class=\"wp-block-image size-large\"><img loading=\"lazy\" decoding=\"async\" width=\"1024\" height=\"576\" data-id=\"6973\" src=\"https:\/\/prensa.sma.gob.ar\/wp-content\/uploads\/2025\/05\/WhatsApp-Image-2025-05-05-at-11.43.07-4-1024x576.jpeg\" alt=\"\" class=\"wp-image-6973\" srcset=\"https:\/\/prensa.sma.gob.ar\/wp-content\/uploads\/2025\/05\/WhatsApp-Image-2025-05-05-at-11.43.07-4-1024x576.jpeg 1024w, https:\/\/prensa.sma.gob.ar\/wp-content\/uploads\/2025\/05\/WhatsApp-Image-2025-05-05-at-11.43.07-4-300x169.jpeg 300w, https:\/\/prensa.sma.gob.ar\/wp-content\/uploads\/2025\/05\/WhatsApp-Image-2025-05-05-at-11.43.07-4-768x432.jpeg 768w, https:\/\/prensa.sma.gob.ar\/wp-content\/uploads\/2025\/05\/WhatsApp-Image-2025-05-05-at-11.43.07-4-1536x864.jpeg 1536w, https:\/\/prensa.sma.gob.ar\/wp-content\/uploads\/2025\/05\/WhatsApp-Image-2025-05-05-at-11.43.07-4-747x420.jpeg 747w, https:\/\/prensa.sma.gob.ar\/wp-content\/uploads\/2025\/05\/WhatsApp-Image-2025-05-05-at-11.43.07-4-696x392.jpeg 696w, https:\/\/prensa.sma.gob.ar\/wp-content\/uploads\/2025\/05\/WhatsApp-Image-2025-05-05-at-11.43.07-4-1068x601.jpeg 1068w, https:\/\/prensa.sma.gob.ar\/wp-content\/uploads\/2025\/05\/WhatsApp-Image-2025-05-05-at-11.43.07-4.jpeg 1600w\" sizes=\"auto, (max-width: 1024px) 100vw, 1024px\" \/><\/figure>\n<\/figure>\n","protected":false},"excerpt":{"rendered":"<p>Este lunes comenz\u00f3 en San Mart\u00edn de los Andes una nueva edici\u00f3n del Programa ADN, Encuentros Proyectuales en el Territorio, como parte del estudio de la Regi\u00f3n Geocultural Andino Lacustre de estudiantes de Arquitectura de la Universidad de Buenos Aires (UBA). El Taller, que se desarrolla en la primera semana de mayo de cada a\u00f1o, [&hellip;]<\/p>\n","protected":false},"author":2,"featured_media":6968,"comment_status":"closed","ping_status":"open","sticky":false,"template":"","format":"standard","meta":{"footnotes":""},"categories":[16,14,17],"tags":[],"class_list":{"0":"post-6963","1":"post","2":"type-post","3":"status-publish","4":"format-standard","5":"has-post-thumbnail","7":"category-destacadas","8":"category-noticias","9":"category-portada"},"_links":{"self":[{"href":"https:\/\/prensa.sma.gob.ar\/index.php?rest_route=\/wp\/v2\/posts\/6963","targetHints":{"allow":["GET"]}}],"collection":[{"href":"https:\/\/prensa.sma.gob.ar\/index.php?rest_route=\/wp\/v2\/posts"}],"about":[{"href":"https:\/\/prensa.sma.gob.ar\/index.php?rest_route=\/wp\/v2\/types\/post"}],"author":[{"embeddable":true,"href":"https:\/\/prensa.sma.gob.ar\/index.php?rest_route=\/wp\/v2\/users\/2"}],"replies":[{"embeddable":true,"href":"https:\/\/prensa.sma.gob.ar\/index.php?rest_route=%2Fwp%2Fv2%2Fcomments&post=6963"}],"version-history":[{"count":3,"href":"https:\/\/prensa.sma.gob.ar\/index.php?rest_route=\/wp\/v2\/posts\/6963\/revisions"}],"predecessor-version":[{"id":6978,"href":"https:\/\/prensa.sma.gob.ar\/index.php?rest_route=\/wp\/v2\/posts\/6963\/revisions\/6978"}],"wp:featuredmedia":[{"embeddable":true,"href":"https:\/\/prensa.sma.gob.ar\/index.php?rest_route=\/wp\/v2\/media\/6968"}],"wp:attachment":[{"href":"https:\/\/prensa.sma.gob.ar\/index.php?rest_route=%2Fwp%2Fv2%2Fmedia&parent=6963"}],"wp:term":[{"taxonomy":"category","embeddable":true,"href":"https:\/\/prensa.sma.gob.ar\/index.php?rest_route=%2Fwp%2Fv2%2Fcategories&post=6963"},{"taxonomy":"post_tag","embeddable":true,"href":"https:\/\/prensa.sma.gob.ar\/index.php?rest_route=%2Fwp%2Fv2%2Ftags&post=6963"}],"curies":[{"name":"wp","href":"https:\/\/api.w.org\/{rel}","templated":true}]}}