{"id":6983,"date":"2025-05-08T11:59:03","date_gmt":"2025-05-08T11:59:03","guid":{"rendered":"https:\/\/prensa.sma.gob.ar\/?p=6983"},"modified":"2025-05-08T11:59:04","modified_gmt":"2025-05-08T11:59:04","slug":"con-varios-expositores-se-realizo-una-nueva-jornada-con-estudiantes-de-arquitectura-de-la-uba","status":"publish","type":"post","link":"https:\/\/prensa.sma.gob.ar\/?p=6983","title":{"rendered":"Con varios expositores, se realiz\u00f3 una nueva jornada con estudiantes de arquitectura de la UBA"},"content":{"rendered":"\n<p>Representantes de organizaciones de la sociedad civil, funcionarios y acad\u00e9micos expusieron en la tercera jornada del Programa ADN, Encuentros Proyectuales en el Territorio, de estudiantes de Arquitectura de la Universidad de Buenos Aires (UBA).<\/p>\n\n\n\n<p>Luego de una segunda jornada que incluy\u00f3 visitas y recorridas por el Barrio Intercultural y por loteos en la zona de Lolog, este mi\u00e9rcoles, m\u00e1s de 200 estudiantes de la UBA participaron en el Espacio Trama de intercambio con profesionales de nuestra ciudad.<\/p>\n\n\n\n<p>Participaron representantes del Parque Nacional Lanin; la secretaria de Planificaci\u00f3n del Municipio, Paula Dest\u00e9fano; del Colegio de Arquitectos; del Centro Regional de la Universidad del Comahue y de organizaciones sociales y pol\u00edticas vinculadas con las tem\u00e1ticas de vivienda, urbanismo y h\u00e1bitat. La actividad estuvo coordinada por la directora del Instituto de Vivienda y H\u00e1bitat, Carolina Amaya, y cont\u00f3 con la presencia del secretario de Gobierno, Federico Vita.<\/p>\n\n\n\n<p>El Taller, que se desarrolla anualmente en la primera semana de mayo, se realiza en San Mart\u00edn de los Andes hasta el viernes 9 e incluye charlas, exposiciones y visitas guiadas a diferentes barrios y \u00e1reas de nuestra ciudad.<\/p>\n\n\n\n<p>ADN es una iniciativa de Red Naci\u00f3n, una c\u00e1tedra de la Facultad de Arquitectura, Dise\u00f1o y Urbanismo de la UBA, dirigida por el Arq. Pablo Ferreiro. Es un programa acad\u00e9mico que convoca a instituciones y organizaciones interesadas en analizar las demandas del territorio.<\/p>\n\n\n\n<figure class=\"wp-block-gallery has-nested-images columns-default is-cropped wp-block-gallery-1 is-layout-flex wp-block-gallery-is-layout-flex\">\n<figure class=\"wp-block-image size-large\"><img loading=\"lazy\" decoding=\"async\" width=\"1024\" height=\"630\" data-id=\"6990\" src=\"https:\/\/prensa.sma.gob.ar\/wp-content\/uploads\/2025\/05\/WhatsApp-Image-2025-05-07-at-12.59.46-1-1024x630.jpeg\" alt=\"\" class=\"wp-image-6990\" srcset=\"https:\/\/prensa.sma.gob.ar\/wp-content\/uploads\/2025\/05\/WhatsApp-Image-2025-05-07-at-12.59.46-1-1024x630.jpeg 1024w, https:\/\/prensa.sma.gob.ar\/wp-content\/uploads\/2025\/05\/WhatsApp-Image-2025-05-07-at-12.59.46-1-300x185.jpeg 300w, https:\/\/prensa.sma.gob.ar\/wp-content\/uploads\/2025\/05\/WhatsApp-Image-2025-05-07-at-12.59.46-1-768x473.jpeg 768w, https:\/\/prensa.sma.gob.ar\/wp-content\/uploads\/2025\/05\/WhatsApp-Image-2025-05-07-at-12.59.46-1-1536x946.jpeg 1536w, https:\/\/prensa.sma.gob.ar\/wp-content\/uploads\/2025\/05\/WhatsApp-Image-2025-05-07-at-12.59.46-1-682x420.jpeg 682w, https:\/\/prensa.sma.gob.ar\/wp-content\/uploads\/2025\/05\/WhatsApp-Image-2025-05-07-at-12.59.46-1-696x428.jpeg 696w, https:\/\/prensa.sma.gob.ar\/wp-content\/uploads\/2025\/05\/WhatsApp-Image-2025-05-07-at-12.59.46-1-1068x657.jpeg 1068w, https:\/\/prensa.sma.gob.ar\/wp-content\/uploads\/2025\/05\/WhatsApp-Image-2025-05-07-at-12.59.46-1.jpeg 1600w\" sizes=\"auto, (max-width: 1024px) 100vw, 1024px\" \/><\/figure>\n\n\n\n<figure class=\"wp-block-image size-large\"><img loading=\"lazy\" decoding=\"async\" width=\"1024\" height=\"576\" data-id=\"6991\" src=\"https:\/\/prensa.sma.gob.ar\/wp-content\/uploads\/2025\/05\/WhatsApp-Image-2025-05-07-at-12.58.26-1-1024x576.jpeg\" alt=\"\" class=\"wp-image-6991\" srcset=\"https:\/\/prensa.sma.gob.ar\/wp-content\/uploads\/2025\/05\/WhatsApp-Image-2025-05-07-at-12.58.26-1-1024x576.jpeg 1024w, https:\/\/prensa.sma.gob.ar\/wp-content\/uploads\/2025\/05\/WhatsApp-Image-2025-05-07-at-12.58.26-1-300x169.jpeg 300w, https:\/\/prensa.sma.gob.ar\/wp-content\/uploads\/2025\/05\/WhatsApp-Image-2025-05-07-at-12.58.26-1-768x432.jpeg 768w, https:\/\/prensa.sma.gob.ar\/wp-content\/uploads\/2025\/05\/WhatsApp-Image-2025-05-07-at-12.58.26-1-1536x864.jpeg 1536w, https:\/\/prensa.sma.gob.ar\/wp-content\/uploads\/2025\/05\/WhatsApp-Image-2025-05-07-at-12.58.26-1-747x420.jpeg 747w, https:\/\/prensa.sma.gob.ar\/wp-content\/uploads\/2025\/05\/WhatsApp-Image-2025-05-07-at-12.58.26-1-696x392.jpeg 696w, https:\/\/prensa.sma.gob.ar\/wp-content\/uploads\/2025\/05\/WhatsApp-Image-2025-05-07-at-12.58.26-1-1068x601.jpeg 1068w, https:\/\/prensa.sma.gob.ar\/wp-content\/uploads\/2025\/05\/WhatsApp-Image-2025-05-07-at-12.58.26-1.jpeg 1600w\" sizes=\"auto, (max-width: 1024px) 100vw, 1024px\" \/><\/figure>\n\n\n\n<figure class=\"wp-block-image size-large\"><img loading=\"lazy\" decoding=\"async\" width=\"1024\" height=\"576\" data-id=\"6992\" src=\"https:\/\/prensa.sma.gob.ar\/wp-content\/uploads\/2025\/05\/WhatsApp-Image-2025-05-07-at-12.58.25-1-1-1024x576.jpeg\" alt=\"\" class=\"wp-image-6992\" srcset=\"https:\/\/prensa.sma.gob.ar\/wp-content\/uploads\/2025\/05\/WhatsApp-Image-2025-05-07-at-12.58.25-1-1-1024x576.jpeg 1024w, https:\/\/prensa.sma.gob.ar\/wp-content\/uploads\/2025\/05\/WhatsApp-Image-2025-05-07-at-12.58.25-1-1-300x169.jpeg 300w, https:\/\/prensa.sma.gob.ar\/wp-content\/uploads\/2025\/05\/WhatsApp-Image-2025-05-07-at-12.58.25-1-1-768x432.jpeg 768w, https:\/\/prensa.sma.gob.ar\/wp-content\/uploads\/2025\/05\/WhatsApp-Image-2025-05-07-at-12.58.25-1-1-1536x864.jpeg 1536w, https:\/\/prensa.sma.gob.ar\/wp-content\/uploads\/2025\/05\/WhatsApp-Image-2025-05-07-at-12.58.25-1-1-747x420.jpeg 747w, https:\/\/prensa.sma.gob.ar\/wp-content\/uploads\/2025\/05\/WhatsApp-Image-2025-05-07-at-12.58.25-1-1-696x392.jpeg 696w, https:\/\/prensa.sma.gob.ar\/wp-content\/uploads\/2025\/05\/WhatsApp-Image-2025-05-07-at-12.58.25-1-1-1068x601.jpeg 1068w, https:\/\/prensa.sma.gob.ar\/wp-content\/uploads\/2025\/05\/WhatsApp-Image-2025-05-07-at-12.58.25-1-1.jpeg 1600w\" sizes=\"auto, (max-width: 1024px) 100vw, 1024px\" \/><\/figure>\n<\/figure>\n","protected":false},"excerpt":{"rendered":"<p>Representantes de organizaciones de la sociedad civil, funcionarios y acad\u00e9micos expusieron en la tercera jornada del Programa ADN, Encuentros Proyectuales en el Territorio, de estudiantes de Arquitectura de la Universidad de Buenos Aires (UBA). Luego de una segunda jornada que incluy\u00f3 visitas y recorridas por el Barrio Intercultural y por loteos en la zona de [&hellip;]<\/p>\n","protected":false},"author":2,"featured_media":6986,"comment_status":"closed","ping_status":"open","sticky":false,"template":"","format":"standard","meta":{"footnotes":""},"categories":[16,14,37],"tags":[],"class_list":{"0":"post-6983","1":"post","2":"type-post","3":"status-publish","4":"format-standard","5":"has-post-thumbnail","7":"category-destacadas","8":"category-noticias","9":"category-vivienda"},"_links":{"self":[{"href":"https:\/\/prensa.sma.gob.ar\/index.php?rest_route=\/wp\/v2\/posts\/6983","targetHints":{"allow":["GET"]}}],"collection":[{"href":"https:\/\/prensa.sma.gob.ar\/index.php?rest_route=\/wp\/v2\/posts"}],"about":[{"href":"https:\/\/prensa.sma.gob.ar\/index.php?rest_route=\/wp\/v2\/types\/post"}],"author":[{"embeddable":true,"href":"https:\/\/prensa.sma.gob.ar\/index.php?rest_route=\/wp\/v2\/users\/2"}],"replies":[{"embeddable":true,"href":"https:\/\/prensa.sma.gob.ar\/index.php?rest_route=%2Fwp%2Fv2%2Fcomments&post=6983"}],"version-history":[{"count":1,"href":"https:\/\/prensa.sma.gob.ar\/index.php?rest_route=\/wp\/v2\/posts\/6983\/revisions"}],"predecessor-version":[{"id":6993,"href":"https:\/\/prensa.sma.gob.ar\/index.php?rest_route=\/wp\/v2\/posts\/6983\/revisions\/6993"}],"wp:featuredmedia":[{"embeddable":true,"href":"https:\/\/prensa.sma.gob.ar\/index.php?rest_route=\/wp\/v2\/media\/6986"}],"wp:attachment":[{"href":"https:\/\/prensa.sma.gob.ar\/index.php?rest_route=%2Fwp%2Fv2%2Fmedia&parent=6983"}],"wp:term":[{"taxonomy":"category","embeddable":true,"href":"https:\/\/prensa.sma.gob.ar\/index.php?rest_route=%2Fwp%2Fv2%2Fcategories&post=6983"},{"taxonomy":"post_tag","embeddable":true,"href":"https:\/\/prensa.sma.gob.ar\/index.php?rest_route=%2Fwp%2Fv2%2Ftags&post=6983"}],"curies":[{"name":"wp","href":"https:\/\/api.w.org\/{rel}","templated":true}]}}