{"id":7014,"date":"2025-05-09T18:42:08","date_gmt":"2025-05-09T18:42:08","guid":{"rendered":"https:\/\/prensa.sma.gob.ar\/?p=7014"},"modified":"2025-05-09T18:48:16","modified_gmt":"2025-05-09T18:48:16","slug":"se-realizo-la-tercera-reunion-de-trabajo-para-analizar-la-actual-ordenanza-de-juntas-vecinales","status":"publish","type":"post","link":"https:\/\/prensa.sma.gob.ar\/?p=7014","title":{"rendered":"Se realiz\u00f3 la tercera reuni\u00f3n de trabajo para analizar la actual Ordenanza de Juntas Vecinales"},"content":{"rendered":"\n<p>Con la presencia del Defensor del Pueblo y del Ambiente, Fernando Bravo, se llev\u00f3 a cabo la tercera reuni\u00f3n para analizar posibles modificaciones a la Ordenanza 9439\/12, convocada por el Consejo de Juntas Vecinales y la Subsecretar\u00eda de Juntas Vecinales. El encuentro se realiz\u00f3 este martes, en la delegaci\u00f3n Vega Centro.<\/p>\n\n\n\n<p>Bravo realiz\u00f3 un resumen del dictamen que, unas horas antes, hab\u00eda remitido a la subsecretaria de Juntas Vecinales, Lorena Gonz\u00e1lez, y al Consejo de Juntas Vecinales, en el cual muestra la mirada de la Defensor\u00eda sobre temas surgidos en las dos primeras reuniones: condici\u00f3n y definiciones de vecino y las relaciones de vecindad.<\/p>\n\n\n\n<p>En su exposici\u00f3n, Bravo rese\u00f1\u00f3 aspectos normativos consultados como la Carta Org\u00e1nica Municipal; la Ordenanza 9439\/12, cuyas eventual reforma est\u00e1 siendo sujeto de an\u00e1lisis; el C\u00f3digo Civil y Comercial de la Naci\u00f3n; el Manual de T\u00e9cnica Legislativa; la Ley Nacional 17671\/68, de Identificaci\u00f3n, Registro y Clasificaci\u00f3n del Potencial Humano Nacional; legislaci\u00f3n comparada e jurisprudencia.<\/p>\n\n\n\n<p>Del dictamen de la Defensor\u00eda \u2013cuyo texto fue compartido entre los miembros del Consejo de Juntas Vecinales y de la Subsecretar\u00eda de Juntas Vecinales- surgieron expresiones y definiciones de t\u00e9rminos como proximidad, domicilio real, domicilio legal, propiedad y vecindad, sentido comunitario, pertenencia al barrio, participaci\u00f3n vecinal, uso com\u00fan del espacio y las relaciones dentro de ese espacio.<\/p>\n\n\n\n<p>\u201cUna cosa es el ejercicio de los derechos electorales o de las presunciones legales en relaci\u00f3n al domicilio de la persona y otra cosa es el ejercicio efectivo de la vecindad\u201d, fue una de las aseveraciones del Defensor del Pueblo y del Ambiente.<\/p>\n\n\n\n<p>Tal como se hab\u00eda acordado en la primera reuni\u00f3n, el an\u00e1lisis y diagn\u00f3stico de la Ordenanza de Juntas Vecinales comenz\u00f3 por su Cap\u00edtulo I, que comprende los primeros ocho art\u00edculos. En el segundo encuentro, se debati\u00f3 sobre el concepto de \u201cvecino\u201d, en virtud de la necesidad de especificar derechos y obligaciones de las personas para la elecci\u00f3n de una Junta Vecinal, para ser candidata o candidato, integrar la comisi\u00f3n directiva y participar en asambleas.<\/p>\n\n\n\n<p>En la reuni\u00f3n de esta semana, la exposici\u00f3n de Fernando Bravo fue seguida por preguntas de los representantes del consejo de Juntas Vecinales y por otros vecinos que asistieron. La discusi\u00f3n sobre las eventuales modificaciones a la Ordenanza 9439 continuar\u00e1 el pr\u00f3ximo lunes 19 de mayo, a las 20, en la Sala Torres de la Biblioteca Popular 9 de Julio.<\/p>\n\n\n\n<figure class=\"wp-block-gallery has-nested-images columns-default is-cropped wp-block-gallery-1 is-layout-flex wp-block-gallery-is-layout-flex\">\n<figure class=\"wp-block-image size-large\"><img loading=\"lazy\" decoding=\"async\" width=\"1024\" height=\"771\" data-id=\"7019\" src=\"https:\/\/prensa.sma.gob.ar\/wp-content\/uploads\/2025\/05\/WhatsApp-Image-2025-05-09-at-15.38.11-1024x771.jpeg\" alt=\"\" class=\"wp-image-7019\" srcset=\"https:\/\/prensa.sma.gob.ar\/wp-content\/uploads\/2025\/05\/WhatsApp-Image-2025-05-09-at-15.38.11-1024x771.jpeg 1024w, https:\/\/prensa.sma.gob.ar\/wp-content\/uploads\/2025\/05\/WhatsApp-Image-2025-05-09-at-15.38.11-300x226.jpeg 300w, https:\/\/prensa.sma.gob.ar\/wp-content\/uploads\/2025\/05\/WhatsApp-Image-2025-05-09-at-15.38.11-768x578.jpeg 768w, https:\/\/prensa.sma.gob.ar\/wp-content\/uploads\/2025\/05\/WhatsApp-Image-2025-05-09-at-15.38.11-1536x1157.jpeg 1536w, https:\/\/prensa.sma.gob.ar\/wp-content\/uploads\/2025\/05\/WhatsApp-Image-2025-05-09-at-15.38.11-2048x1542.jpeg 2048w, https:\/\/prensa.sma.gob.ar\/wp-content\/uploads\/2025\/05\/WhatsApp-Image-2025-05-09-at-15.38.11-558x420.jpeg 558w, https:\/\/prensa.sma.gob.ar\/wp-content\/uploads\/2025\/05\/WhatsApp-Image-2025-05-09-at-15.38.11-80x60.jpeg 80w, https:\/\/prensa.sma.gob.ar\/wp-content\/uploads\/2025\/05\/WhatsApp-Image-2025-05-09-at-15.38.11-696x524.jpeg 696w, https:\/\/prensa.sma.gob.ar\/wp-content\/uploads\/2025\/05\/WhatsApp-Image-2025-05-09-at-15.38.11-1068x804.jpeg 1068w, https:\/\/prensa.sma.gob.ar\/wp-content\/uploads\/2025\/05\/WhatsApp-Image-2025-05-09-at-15.38.11-1920x1446.jpeg 1920w\" sizes=\"auto, (max-width: 1024px) 100vw, 1024px\" \/><\/figure>\n\n\n\n<figure class=\"wp-block-image size-large\"><img loading=\"lazy\" decoding=\"async\" width=\"1024\" height=\"771\" data-id=\"7017\" src=\"https:\/\/prensa.sma.gob.ar\/wp-content\/uploads\/2025\/05\/WhatsApp-Image-2025-05-09-at-15.38.17-1024x771.jpeg\" alt=\"\" class=\"wp-image-7017\" srcset=\"https:\/\/prensa.sma.gob.ar\/wp-content\/uploads\/2025\/05\/WhatsApp-Image-2025-05-09-at-15.38.17-1024x771.jpeg 1024w, https:\/\/prensa.sma.gob.ar\/wp-content\/uploads\/2025\/05\/WhatsApp-Image-2025-05-09-at-15.38.17-300x226.jpeg 300w, https:\/\/prensa.sma.gob.ar\/wp-content\/uploads\/2025\/05\/WhatsApp-Image-2025-05-09-at-15.38.17-768x578.jpeg 768w, https:\/\/prensa.sma.gob.ar\/wp-content\/uploads\/2025\/05\/WhatsApp-Image-2025-05-09-at-15.38.17-1536x1157.jpeg 1536w, https:\/\/prensa.sma.gob.ar\/wp-content\/uploads\/2025\/05\/WhatsApp-Image-2025-05-09-at-15.38.17-2048x1542.jpeg 2048w, https:\/\/prensa.sma.gob.ar\/wp-content\/uploads\/2025\/05\/WhatsApp-Image-2025-05-09-at-15.38.17-558x420.jpeg 558w, https:\/\/prensa.sma.gob.ar\/wp-content\/uploads\/2025\/05\/WhatsApp-Image-2025-05-09-at-15.38.17-80x60.jpeg 80w, https:\/\/prensa.sma.gob.ar\/wp-content\/uploads\/2025\/05\/WhatsApp-Image-2025-05-09-at-15.38.17-696x524.jpeg 696w, https:\/\/prensa.sma.gob.ar\/wp-content\/uploads\/2025\/05\/WhatsApp-Image-2025-05-09-at-15.38.17-1068x804.jpeg 1068w, https:\/\/prensa.sma.gob.ar\/wp-content\/uploads\/2025\/05\/WhatsApp-Image-2025-05-09-at-15.38.17-1920x1446.jpeg 1920w\" sizes=\"auto, (max-width: 1024px) 100vw, 1024px\" \/><\/figure>\n\n\n\n<figure class=\"wp-block-image size-large\"><img loading=\"lazy\" decoding=\"async\" width=\"1024\" height=\"771\" data-id=\"7016\" src=\"https:\/\/prensa.sma.gob.ar\/wp-content\/uploads\/2025\/05\/WhatsApp-Image-2025-05-09-at-15.38.17-1-1024x771.jpeg\" alt=\"\" class=\"wp-image-7016\" srcset=\"https:\/\/prensa.sma.gob.ar\/wp-content\/uploads\/2025\/05\/WhatsApp-Image-2025-05-09-at-15.38.17-1-1024x771.jpeg 1024w, https:\/\/prensa.sma.gob.ar\/wp-content\/uploads\/2025\/05\/WhatsApp-Image-2025-05-09-at-15.38.17-1-300x226.jpeg 300w, https:\/\/prensa.sma.gob.ar\/wp-content\/uploads\/2025\/05\/WhatsApp-Image-2025-05-09-at-15.38.17-1-768x578.jpeg 768w, https:\/\/prensa.sma.gob.ar\/wp-content\/uploads\/2025\/05\/WhatsApp-Image-2025-05-09-at-15.38.17-1-1536x1157.jpeg 1536w, https:\/\/prensa.sma.gob.ar\/wp-content\/uploads\/2025\/05\/WhatsApp-Image-2025-05-09-at-15.38.17-1-2048x1542.jpeg 2048w, https:\/\/prensa.sma.gob.ar\/wp-content\/uploads\/2025\/05\/WhatsApp-Image-2025-05-09-at-15.38.17-1-558x420.jpeg 558w, https:\/\/prensa.sma.gob.ar\/wp-content\/uploads\/2025\/05\/WhatsApp-Image-2025-05-09-at-15.38.17-1-80x60.jpeg 80w, https:\/\/prensa.sma.gob.ar\/wp-content\/uploads\/2025\/05\/WhatsApp-Image-2025-05-09-at-15.38.17-1-696x524.jpeg 696w, https:\/\/prensa.sma.gob.ar\/wp-content\/uploads\/2025\/05\/WhatsApp-Image-2025-05-09-at-15.38.17-1-1068x804.jpeg 1068w, https:\/\/prensa.sma.gob.ar\/wp-content\/uploads\/2025\/05\/WhatsApp-Image-2025-05-09-at-15.38.17-1-1920x1446.jpeg 1920w\" sizes=\"auto, (max-width: 1024px) 100vw, 1024px\" \/><\/figure>\n<\/figure>\n","protected":false},"excerpt":{"rendered":"<p>Con la presencia del Defensor del Pueblo y del Ambiente, Fernando Bravo, se llev\u00f3 a cabo la tercera reuni\u00f3n para analizar posibles modificaciones a la Ordenanza 9439\/12, convocada por el Consejo de Juntas Vecinales y la Subsecretar\u00eda de Juntas Vecinales. El encuentro se realiz\u00f3 este martes, en la delegaci\u00f3n Vega Centro. Bravo realiz\u00f3 un resumen [&hellip;]<\/p>\n","protected":false},"author":2,"featured_media":7018,"comment_status":"closed","ping_status":"open","sticky":false,"template":"","format":"standard","meta":{"footnotes":""},"categories":[16,39,14],"tags":[],"class_list":{"0":"post-7014","1":"post","2":"type-post","3":"status-publish","4":"format-standard","5":"has-post-thumbnail","7":"category-destacadas","8":"category-subs-juntas-vecinales","9":"category-noticias"},"_links":{"self":[{"href":"https:\/\/prensa.sma.gob.ar\/index.php?rest_route=\/wp\/v2\/posts\/7014","targetHints":{"allow":["GET"]}}],"collection":[{"href":"https:\/\/prensa.sma.gob.ar\/index.php?rest_route=\/wp\/v2\/posts"}],"about":[{"href":"https:\/\/prensa.sma.gob.ar\/index.php?rest_route=\/wp\/v2\/types\/post"}],"author":[{"embeddable":true,"href":"https:\/\/prensa.sma.gob.ar\/index.php?rest_route=\/wp\/v2\/users\/2"}],"replies":[{"embeddable":true,"href":"https:\/\/prensa.sma.gob.ar\/index.php?rest_route=%2Fwp%2Fv2%2Fcomments&post=7014"}],"version-history":[{"count":2,"href":"https:\/\/prensa.sma.gob.ar\/index.php?rest_route=\/wp\/v2\/posts\/7014\/revisions"}],"predecessor-version":[{"id":7021,"href":"https:\/\/prensa.sma.gob.ar\/index.php?rest_route=\/wp\/v2\/posts\/7014\/revisions\/7021"}],"wp:featuredmedia":[{"embeddable":true,"href":"https:\/\/prensa.sma.gob.ar\/index.php?rest_route=\/wp\/v2\/media\/7018"}],"wp:attachment":[{"href":"https:\/\/prensa.sma.gob.ar\/index.php?rest_route=%2Fwp%2Fv2%2Fmedia&parent=7014"}],"wp:term":[{"taxonomy":"category","embeddable":true,"href":"https:\/\/prensa.sma.gob.ar\/index.php?rest_route=%2Fwp%2Fv2%2Fcategories&post=7014"},{"taxonomy":"post_tag","embeddable":true,"href":"https:\/\/prensa.sma.gob.ar\/index.php?rest_route=%2Fwp%2Fv2%2Ftags&post=7014"}],"curies":[{"name":"wp","href":"https:\/\/api.w.org\/{rel}","templated":true}]}}