{"id":7022,"date":"2025-05-10T04:03:53","date_gmt":"2025-05-10T04:03:53","guid":{"rendered":"https:\/\/prensa.sma.gob.ar\/?p=7022"},"modified":"2025-05-10T04:03:54","modified_gmt":"2025-05-10T04:03:54","slug":"el-concejo-deliberante-aprobo-la-pavimentacion-de-las-calles-en-chacra-4-y-el-arenal","status":"publish","type":"post","link":"https:\/\/prensa.sma.gob.ar\/?p=7022","title":{"rendered":"El Concejo Deliberante aprob\u00f3 la pavimentaci\u00f3n de las calles en Chacra 4 y El Arenal"},"content":{"rendered":"\n<p>El Concejo Deliberante de San Mart\u00edn de los Andes aprob\u00f3 las ordenanzas que declaran de utilidad p\u00fablica y pago obligatorio las obras de pavimentaci\u00f3n en los barrios Chacra 4 y El Arenal.<\/p>\n\n\n\n<p>La iniciativa fue tratada y votada art\u00edculo por art\u00edculo, durante la novena sesi\u00f3n ordinaria del Legislativo comunal, y obtuvo amplio respaldo por parte de los concejales.<\/p>\n\n\n\n<p>En Chacra 4, las obras incluir\u00e1n las calles Tromen (entre la Ruta Nacional 40 y Las Coloradas), Las Coloradas (entre Tromen y Pil Pil), Pil Pil (hasta el lote E-6 de la manzana E) y Las Lajas (entre Pil Pil y la ruta provincial 62). En El Arenal, se pavimentar\u00e1 la calle Los Pinos, desde Las Mosquetas hasta Los Pehuenes.<\/p>\n\n\n\n<p>La Secretar\u00eda de Obras y Servicios P\u00fablicos estar\u00e1 a cargo de la ejecuci\u00f3n de los trabajos, que comenzar\u00e1n en el corto plazo con personal propio. Las tareas se iniciar\u00e1n en la calle Los Pinos, mientras que en la calle Las Lajas ser\u00e1 necesario realizar previamente una obra de remediaci\u00f3n antes de avanzar con el pavimento.<\/p>\n\n\n\n<p>Seg\u00fan inform\u00f3 el Consejo de Planificaci\u00f3n Estrat\u00e9gica (CoPE), m\u00e1s del 70% de los frentistas firmaron los registros de adhesi\u00f3n vecinal, requisito clave para avanzar con las obras.<\/p>\n\n\n\n<p>La normativa tambi\u00e9n contempla la distribuci\u00f3n proporcional de los costos entre los vecinos beneficiados, la incorporaci\u00f3n de infraestructura complementaria como badenes y reductores de velocidad, y la gesti\u00f3n de aportes provinciales para financiar parte de la obra.<\/p>\n","protected":false},"excerpt":{"rendered":"<p>El Concejo Deliberante de San Mart\u00edn de los Andes aprob\u00f3 las ordenanzas que declaran de utilidad p\u00fablica y pago obligatorio las obras de pavimentaci\u00f3n en los barrios Chacra 4 y El Arenal. La iniciativa fue tratada y votada art\u00edculo por art\u00edculo, durante la novena sesi\u00f3n ordinaria del Legislativo comunal, y obtuvo amplio respaldo por parte [&hellip;]<\/p>\n","protected":false},"author":2,"featured_media":7023,"comment_status":"closed","ping_status":"open","sticky":false,"template":"","format":"standard","meta":{"footnotes":""},"categories":[4,6,16,14,19,17],"tags":[],"class_list":{"0":"post-7022","1":"post","2":"type-post","3":"status-publish","4":"format-standard","5":"has-post-thumbnail","7":"category-cope","8":"category-deliberante","9":"category-destacadas","10":"category-noticias","11":"category-obras-y-servicios-publicos","12":"category-portada"},"_links":{"self":[{"href":"https:\/\/prensa.sma.gob.ar\/index.php?rest_route=\/wp\/v2\/posts\/7022","targetHints":{"allow":["GET"]}}],"collection":[{"href":"https:\/\/prensa.sma.gob.ar\/index.php?rest_route=\/wp\/v2\/posts"}],"about":[{"href":"https:\/\/prensa.sma.gob.ar\/index.php?rest_route=\/wp\/v2\/types\/post"}],"author":[{"embeddable":true,"href":"https:\/\/prensa.sma.gob.ar\/index.php?rest_route=\/wp\/v2\/users\/2"}],"replies":[{"embeddable":true,"href":"https:\/\/prensa.sma.gob.ar\/index.php?rest_route=%2Fwp%2Fv2%2Fcomments&post=7022"}],"version-history":[{"count":1,"href":"https:\/\/prensa.sma.gob.ar\/index.php?rest_route=\/wp\/v2\/posts\/7022\/revisions"}],"predecessor-version":[{"id":7024,"href":"https:\/\/prensa.sma.gob.ar\/index.php?rest_route=\/wp\/v2\/posts\/7022\/revisions\/7024"}],"wp:featuredmedia":[{"embeddable":true,"href":"https:\/\/prensa.sma.gob.ar\/index.php?rest_route=\/wp\/v2\/media\/7023"}],"wp:attachment":[{"href":"https:\/\/prensa.sma.gob.ar\/index.php?rest_route=%2Fwp%2Fv2%2Fmedia&parent=7022"}],"wp:term":[{"taxonomy":"category","embeddable":true,"href":"https:\/\/prensa.sma.gob.ar\/index.php?rest_route=%2Fwp%2Fv2%2Fcategories&post=7022"},{"taxonomy":"post_tag","embeddable":true,"href":"https:\/\/prensa.sma.gob.ar\/index.php?rest_route=%2Fwp%2Fv2%2Ftags&post=7022"}],"curies":[{"name":"wp","href":"https:\/\/api.w.org\/{rel}","templated":true}]}}