{"id":7032,"date":"2025-05-10T01:55:00","date_gmt":"2025-05-10T01:55:00","guid":{"rendered":"https:\/\/prensa.sma.gob.ar\/?p=7032"},"modified":"2025-05-10T15:42:09","modified_gmt":"2025-05-10T15:42:09","slug":"finalizo-el-programa-adn-con-estudiantes-de-la-uba-que-recorrieron-la-localidad","status":"publish","type":"post","link":"https:\/\/prensa.sma.gob.ar\/?p=7032","title":{"rendered":"Finaliz\u00f3 el programa ADN con estudiantes de la UBA que recorrieron la localidad"},"content":{"rendered":"\n<p>Este viernes concluy\u00f3 el Programa ADN &#8211; <em>Encuentros Proyectuales en el Territorio<\/em>, que durante toda la semana reuni\u00f3 en San Mart\u00edn de los Andes a m\u00e1s de 200 estudiantes de Arquitectura de la Universidad de Buenos Aires (UBA).<\/p>\n\n\n\n<p>La iniciativa fue posible gracias a la articulaci\u00f3n entre el Taller Naci\u00f3n \u2014c\u00e1tedra de la Facultad de Arquitectura, Dise\u00f1o y Urbanismo de la UBA, dirigida por el Arq. Pablo Ferreiro\u2014 y el Instituto de Vivienda y H\u00e1bitat del Municipio, que promueve instancias de trabajo colectivo. A modo de cierre, en la Plaza San Mart\u00edn, los y las estudiantes compartieron con la comunidad parte de los proyectos y reflexiones que surgieron durante la semana.<\/p>\n\n\n\n<p>La intensa agenda comenz\u00f3 el lunes 5 con la <a href=\"https:\/\/prensa.sma.gob.ar\/?p=6963\"><strong>presentaci\u00f3n de distintos representantes del gobierno local<\/strong><\/a> y continu\u00f3 a lo largo de toda la semana con visitas, caminatas y espacios de di\u00e1logo con referentes sociales, comunidades y organizaciones locales.<\/p>\n\n\n\n<p><strong>Territorio en foco: aprendizajes desde Lolog e Intercultural<\/strong><\/p>\n\n\n\n<p>La jornada del martes 6 comenz\u00f3 con una recorrida en colectivo hasta el paraje Lolog, atravesando la complejidad del clima y los caminos anegados por la lluvia, y finaliz\u00f3 en el Barrio Intercultural, donde integrantes de la organizaci\u00f3n Vecinos Sin Techo compartieron el proceso de construcci\u00f3n del barrio, que lleva m\u00e1s de 20 a\u00f1os de historia en la localidad.<\/p>\n\n\n\n<figure class=\"wp-block-gallery has-nested-images columns-default is-cropped wp-block-gallery-1 is-layout-flex wp-block-gallery-is-layout-flex\">\n<figure class=\"wp-block-image size-large\"><img loading=\"lazy\" decoding=\"async\" width=\"1024\" height=\"682\" data-id=\"7049\" src=\"https:\/\/prensa.sma.gob.ar\/wp-content\/uploads\/2025\/05\/photo_4967825776514805372_y-1024x682.jpg\" alt=\"\" class=\"wp-image-7049\" srcset=\"https:\/\/prensa.sma.gob.ar\/wp-content\/uploads\/2025\/05\/photo_4967825776514805372_y-1024x682.jpg 1024w, https:\/\/prensa.sma.gob.ar\/wp-content\/uploads\/2025\/05\/photo_4967825776514805372_y-300x200.jpg 300w, https:\/\/prensa.sma.gob.ar\/wp-content\/uploads\/2025\/05\/photo_4967825776514805372_y-768x512.jpg 768w, https:\/\/prensa.sma.gob.ar\/wp-content\/uploads\/2025\/05\/photo_4967825776514805372_y-630x420.jpg 630w, https:\/\/prensa.sma.gob.ar\/wp-content\/uploads\/2025\/05\/photo_4967825776514805372_y-696x464.jpg 696w, https:\/\/prensa.sma.gob.ar\/wp-content\/uploads\/2025\/05\/photo_4967825776514805372_y-1068x712.jpg 1068w, https:\/\/prensa.sma.gob.ar\/wp-content\/uploads\/2025\/05\/photo_4967825776514805372_y.jpg 1280w\" sizes=\"auto, (max-width: 1024px) 100vw, 1024px\" \/><\/figure>\n\n\n\n<figure class=\"wp-block-image size-large\"><img loading=\"lazy\" decoding=\"async\" width=\"1024\" height=\"576\" data-id=\"7048\" src=\"https:\/\/prensa.sma.gob.ar\/wp-content\/uploads\/2025\/05\/photo_4967825776514805371_y-1024x576.jpg\" alt=\"\" class=\"wp-image-7048\" srcset=\"https:\/\/prensa.sma.gob.ar\/wp-content\/uploads\/2025\/05\/photo_4967825776514805371_y-1024x576.jpg 1024w, https:\/\/prensa.sma.gob.ar\/wp-content\/uploads\/2025\/05\/photo_4967825776514805371_y-300x169.jpg 300w, https:\/\/prensa.sma.gob.ar\/wp-content\/uploads\/2025\/05\/photo_4967825776514805371_y-768x432.jpg 768w, https:\/\/prensa.sma.gob.ar\/wp-content\/uploads\/2025\/05\/photo_4967825776514805371_y-747x420.jpg 747w, https:\/\/prensa.sma.gob.ar\/wp-content\/uploads\/2025\/05\/photo_4967825776514805371_y-696x392.jpg 696w, https:\/\/prensa.sma.gob.ar\/wp-content\/uploads\/2025\/05\/photo_4967825776514805371_y-1068x601.jpg 1068w, https:\/\/prensa.sma.gob.ar\/wp-content\/uploads\/2025\/05\/photo_4967825776514805371_y.jpg 1280w\" sizes=\"auto, (max-width: 1024px) 100vw, 1024px\" \/><\/figure>\n\n\n\n<figure class=\"wp-block-image size-large\"><img loading=\"lazy\" decoding=\"async\" width=\"1024\" height=\"682\" data-id=\"7047\" src=\"https:\/\/prensa.sma.gob.ar\/wp-content\/uploads\/2025\/05\/photo_4967825776514805376_y-1024x682.jpg\" alt=\"\" class=\"wp-image-7047\" srcset=\"https:\/\/prensa.sma.gob.ar\/wp-content\/uploads\/2025\/05\/photo_4967825776514805376_y-1024x682.jpg 1024w, https:\/\/prensa.sma.gob.ar\/wp-content\/uploads\/2025\/05\/photo_4967825776514805376_y-300x200.jpg 300w, https:\/\/prensa.sma.gob.ar\/wp-content\/uploads\/2025\/05\/photo_4967825776514805376_y-768x512.jpg 768w, https:\/\/prensa.sma.gob.ar\/wp-content\/uploads\/2025\/05\/photo_4967825776514805376_y-630x420.jpg 630w, https:\/\/prensa.sma.gob.ar\/wp-content\/uploads\/2025\/05\/photo_4967825776514805376_y-696x464.jpg 696w, https:\/\/prensa.sma.gob.ar\/wp-content\/uploads\/2025\/05\/photo_4967825776514805376_y-1068x712.jpg 1068w, https:\/\/prensa.sma.gob.ar\/wp-content\/uploads\/2025\/05\/photo_4967825776514805376_y.jpg 1280w\" sizes=\"auto, (max-width: 1024px) 100vw, 1024px\" \/><\/figure>\n<\/figure>\n\n\n\n<p>Para Maite\u00a0Moreno, estudiante de segundo a\u00f1o, participar del Programa ADN en San Mart\u00edn de los Andes signific\u00f3 mucho m\u00e1s que una actividad acad\u00e9mica.\u00a0<\/p>\n\n\n\n<p><em>\u201cLo interdisciplinario, lo colectivo, el trabajo en comunidad&#8230; que no sean los arquitectos solos decidiendo qu\u00e9 se hace, sino pregunt\u00e1ndole a las personas c\u00f3mo viven, qu\u00e9 quieren, qu\u00e9 sienten, qu\u00e9 forma de vida tienen. Eso me pareci\u00f3 fundamental\u201d.&nbsp;<\/em><\/p>\n\n\n\n<p>Aunque no era su primera visita a la localidad, el taller le permiti\u00f3 ver m\u00e1s all\u00e1 de la postal tur\u00edstica: <em>\u201cYo hab\u00eda venido como turista, uno ve ac\u00e1 y es bell\u00edsimo. Hay casas hermosas, pero dentro de eso hay un mont\u00f3n de cosas que uno no ve. El tema de que la gente no tenga su propia casa, de que tenga que vivir en asentamientos. Eso es algo que lo ves caminando, o sea, recorri\u00e9ndolo, charlando con la gente, no se ve de otro modo.\u201d<\/em><\/p>\n\n\n\n<p>Y concluy\u00f3 con una reflexi\u00f3n sobre el rol del Estado y su lugar como estudiante y futura profesional: \u201c<em>El laburo del Instituto es inmenso, mientras se apagan incendios, se proponen acciones<\/em>\u201d. Y sostuvo: \u201c<em>creo que cada uno decidir\u00e1 qu\u00e9 rol quiere ocupar, si quiere ser un profesional de escritorio o de campo, estar con la gente y colaborar\u201d<\/em>.<\/p>\n\n\n\n<figure class=\"wp-block-gallery has-nested-images columns-default is-cropped wp-block-gallery-2 is-layout-flex wp-block-gallery-is-layout-flex\">\n<figure class=\"wp-block-image size-large\"><img loading=\"lazy\" decoding=\"async\" width=\"1024\" height=\"682\" data-id=\"7046\" src=\"https:\/\/prensa.sma.gob.ar\/wp-content\/uploads\/2025\/05\/photo_4967825776514805374_y-1024x682.jpg\" alt=\"\" class=\"wp-image-7046\" srcset=\"https:\/\/prensa.sma.gob.ar\/wp-content\/uploads\/2025\/05\/photo_4967825776514805374_y-1024x682.jpg 1024w, https:\/\/prensa.sma.gob.ar\/wp-content\/uploads\/2025\/05\/photo_4967825776514805374_y-300x200.jpg 300w, https:\/\/prensa.sma.gob.ar\/wp-content\/uploads\/2025\/05\/photo_4967825776514805374_y-768x512.jpg 768w, https:\/\/prensa.sma.gob.ar\/wp-content\/uploads\/2025\/05\/photo_4967825776514805374_y-630x420.jpg 630w, https:\/\/prensa.sma.gob.ar\/wp-content\/uploads\/2025\/05\/photo_4967825776514805374_y-696x464.jpg 696w, https:\/\/prensa.sma.gob.ar\/wp-content\/uploads\/2025\/05\/photo_4967825776514805374_y-1068x712.jpg 1068w, https:\/\/prensa.sma.gob.ar\/wp-content\/uploads\/2025\/05\/photo_4967825776514805374_y.jpg 1280w\" sizes=\"auto, (max-width: 1024px) 100vw, 1024px\" \/><\/figure>\n\n\n\n<figure class=\"wp-block-image size-large\"><img loading=\"lazy\" decoding=\"async\" width=\"1024\" height=\"682\" data-id=\"7045\" src=\"https:\/\/prensa.sma.gob.ar\/wp-content\/uploads\/2025\/05\/photo_4967825776514805375_y-1024x682.jpg\" alt=\"\" class=\"wp-image-7045\" srcset=\"https:\/\/prensa.sma.gob.ar\/wp-content\/uploads\/2025\/05\/photo_4967825776514805375_y-1024x682.jpg 1024w, https:\/\/prensa.sma.gob.ar\/wp-content\/uploads\/2025\/05\/photo_4967825776514805375_y-300x200.jpg 300w, https:\/\/prensa.sma.gob.ar\/wp-content\/uploads\/2025\/05\/photo_4967825776514805375_y-768x512.jpg 768w, https:\/\/prensa.sma.gob.ar\/wp-content\/uploads\/2025\/05\/photo_4967825776514805375_y-630x420.jpg 630w, https:\/\/prensa.sma.gob.ar\/wp-content\/uploads\/2025\/05\/photo_4967825776514805375_y-696x464.jpg 696w, https:\/\/prensa.sma.gob.ar\/wp-content\/uploads\/2025\/05\/photo_4967825776514805375_y-1068x712.jpg 1068w, https:\/\/prensa.sma.gob.ar\/wp-content\/uploads\/2025\/05\/photo_4967825776514805375_y.jpg 1280w\" sizes=\"auto, (max-width: 1024px) 100vw, 1024px\" \/><\/figure>\n\n\n\n<figure class=\"wp-block-image size-large\"><img loading=\"lazy\" decoding=\"async\" width=\"1024\" height=\"682\" data-id=\"7044\" src=\"https:\/\/prensa.sma.gob.ar\/wp-content\/uploads\/2025\/05\/photo_4967825776514805378_y-1024x682.jpg\" alt=\"\" class=\"wp-image-7044\" srcset=\"https:\/\/prensa.sma.gob.ar\/wp-content\/uploads\/2025\/05\/photo_4967825776514805378_y-1024x682.jpg 1024w, https:\/\/prensa.sma.gob.ar\/wp-content\/uploads\/2025\/05\/photo_4967825776514805378_y-300x200.jpg 300w, https:\/\/prensa.sma.gob.ar\/wp-content\/uploads\/2025\/05\/photo_4967825776514805378_y-768x512.jpg 768w, https:\/\/prensa.sma.gob.ar\/wp-content\/uploads\/2025\/05\/photo_4967825776514805378_y-630x420.jpg 630w, https:\/\/prensa.sma.gob.ar\/wp-content\/uploads\/2025\/05\/photo_4967825776514805378_y-696x464.jpg 696w, https:\/\/prensa.sma.gob.ar\/wp-content\/uploads\/2025\/05\/photo_4967825776514805378_y-1068x712.jpg 1068w, https:\/\/prensa.sma.gob.ar\/wp-content\/uploads\/2025\/05\/photo_4967825776514805378_y.jpg 1280w\" sizes=\"auto, (max-width: 1024px) 100vw, 1024px\" \/><\/figure>\n<\/figure>\n\n\n\n<p><br><strong>Escuchar al territorio: experiencias en primera persona<\/strong><\/p>\n\n\n\n<p>El mi\u00e9rcoles 7 inici\u00f3 con <a href=\"https:\/\/prensa.sma.gob.ar\/?p=6983\"><strong>varios expositores<\/strong><\/a> Durante la tarde se desarrollaron dos actividades en paralelo. En el Espacio Trama, organizaciones sociales compartieron sus experiencias. Participaron el Movimiento de Trabajadores Excluidos (MTE), colectivo Enjambre, el grupo de vecinos autoconvocados del Tr\u00e9bol y la organizaci\u00f3n Vecinos Sin Techo. Tambi\u00e9n expusieron Sof\u00eda Russiani y Agustina Pera que pasaron en sus a\u00f1os de estudio, por el Taller Naci\u00f3n y fueron parte del programa Procrear, cerrado este a\u00f1o por el gobierno nacional. Fue un espacio de escucha atenta, intercambio y reflexi\u00f3n sobre las m\u00faltiples formas de habitar el territorio y los obst\u00e1culos para acceder a una vivienda digna.<\/p>\n\n\n\n<figure class=\"wp-block-gallery has-nested-images columns-default is-cropped wp-block-gallery-3 is-layout-flex wp-block-gallery-is-layout-flex\">\n<figure class=\"wp-block-image size-large\"><img loading=\"lazy\" decoding=\"async\" width=\"1024\" height=\"682\" data-id=\"7043\" src=\"https:\/\/prensa.sma.gob.ar\/wp-content\/uploads\/2025\/05\/photo_4967825776514805377_y-1024x682.jpg\" alt=\"\" class=\"wp-image-7043\" srcset=\"https:\/\/prensa.sma.gob.ar\/wp-content\/uploads\/2025\/05\/photo_4967825776514805377_y-1024x682.jpg 1024w, https:\/\/prensa.sma.gob.ar\/wp-content\/uploads\/2025\/05\/photo_4967825776514805377_y-300x200.jpg 300w, https:\/\/prensa.sma.gob.ar\/wp-content\/uploads\/2025\/05\/photo_4967825776514805377_y-768x512.jpg 768w, https:\/\/prensa.sma.gob.ar\/wp-content\/uploads\/2025\/05\/photo_4967825776514805377_y-630x420.jpg 630w, https:\/\/prensa.sma.gob.ar\/wp-content\/uploads\/2025\/05\/photo_4967825776514805377_y-696x464.jpg 696w, https:\/\/prensa.sma.gob.ar\/wp-content\/uploads\/2025\/05\/photo_4967825776514805377_y-1068x712.jpg 1068w, https:\/\/prensa.sma.gob.ar\/wp-content\/uploads\/2025\/05\/photo_4967825776514805377_y.jpg 1280w\" sizes=\"auto, (max-width: 1024px) 100vw, 1024px\" \/><\/figure>\n\n\n\n<figure class=\"wp-block-image size-large\"><img loading=\"lazy\" decoding=\"async\" width=\"1024\" height=\"682\" data-id=\"7042\" src=\"https:\/\/prensa.sma.gob.ar\/wp-content\/uploads\/2025\/05\/photo_4967825776514805379_y-1024x682.jpg\" alt=\"\" class=\"wp-image-7042\" srcset=\"https:\/\/prensa.sma.gob.ar\/wp-content\/uploads\/2025\/05\/photo_4967825776514805379_y-1024x682.jpg 1024w, https:\/\/prensa.sma.gob.ar\/wp-content\/uploads\/2025\/05\/photo_4967825776514805379_y-300x200.jpg 300w, https:\/\/prensa.sma.gob.ar\/wp-content\/uploads\/2025\/05\/photo_4967825776514805379_y-768x512.jpg 768w, https:\/\/prensa.sma.gob.ar\/wp-content\/uploads\/2025\/05\/photo_4967825776514805379_y-630x420.jpg 630w, https:\/\/prensa.sma.gob.ar\/wp-content\/uploads\/2025\/05\/photo_4967825776514805379_y-696x464.jpg 696w, https:\/\/prensa.sma.gob.ar\/wp-content\/uploads\/2025\/05\/photo_4967825776514805379_y-1068x712.jpg 1068w, https:\/\/prensa.sma.gob.ar\/wp-content\/uploads\/2025\/05\/photo_4967825776514805379_y.jpg 1280w\" sizes=\"auto, (max-width: 1024px) 100vw, 1024px\" \/><\/figure>\n\n\n\n<figure class=\"wp-block-image size-large\"><img loading=\"lazy\" decoding=\"async\" width=\"1024\" height=\"682\" data-id=\"7041\" src=\"https:\/\/prensa.sma.gob.ar\/wp-content\/uploads\/2025\/05\/photo_4967989805610807121_y-1024x682.jpg\" alt=\"\" class=\"wp-image-7041\" srcset=\"https:\/\/prensa.sma.gob.ar\/wp-content\/uploads\/2025\/05\/photo_4967989805610807121_y-1024x682.jpg 1024w, https:\/\/prensa.sma.gob.ar\/wp-content\/uploads\/2025\/05\/photo_4967989805610807121_y-300x200.jpg 300w, https:\/\/prensa.sma.gob.ar\/wp-content\/uploads\/2025\/05\/photo_4967989805610807121_y-768x512.jpg 768w, https:\/\/prensa.sma.gob.ar\/wp-content\/uploads\/2025\/05\/photo_4967989805610807121_y-630x420.jpg 630w, https:\/\/prensa.sma.gob.ar\/wp-content\/uploads\/2025\/05\/photo_4967989805610807121_y-696x464.jpg 696w, https:\/\/prensa.sma.gob.ar\/wp-content\/uploads\/2025\/05\/photo_4967989805610807121_y-1068x712.jpg 1068w, https:\/\/prensa.sma.gob.ar\/wp-content\/uploads\/2025\/05\/photo_4967989805610807121_y.jpg 1280w\" sizes=\"auto, (max-width: 1024px) 100vw, 1024px\" \/><\/figure>\n<\/figure>\n\n\n\n<p>Simult\u00e1neamente, en la EPET 12, estudiantes de la UBA compartieron su experiencia con alumnos del \u00faltimo a\u00f1o del secundario, reflexionando sobre lo que implica estudiar en una universidad p\u00fablica y su importancia.<br><br>Juan Manuel Mart\u00ednez, uno de los 32 profesores del Taller Naci\u00f3n, comparti\u00f3 respecto a este encuentro: <em>\u201cCreo que la relaci\u00f3n de la ciudad con el paisaje, la preservaci\u00f3n del entorno natural y el respeto por la diversidad cultural son distintos temas que San Mart\u00edn de Los Andes pondr\u00e1n en agenda en sus trabajos y en la construcci\u00f3n de un pensamiento cr\u00edtico para el an\u00e1lisis de las distintas ciudades del pa\u00eds as\u00ed como las propias\u201d<\/em>. Adem\u00e1s, se\u00f1al\u00f3 una preocupaci\u00f3n en t\u00e9rminos de acceso y pertenencia de los j\u00f3venes: <em>\u201cLa ausencia de espacios de uso comunitario p\u00fablico para la poblaci\u00f3n local, que est\u00e9n disponibles todo el a\u00f1o, supone una dificultad para el desarrollo de las juventudes y el arraigo dentro de la ciudad\u00bb.<\/em><\/p>\n\n\n\n<figure class=\"wp-block-gallery has-nested-images columns-default is-cropped wp-block-gallery-4 is-layout-flex wp-block-gallery-is-layout-flex\">\n<figure class=\"wp-block-image size-large\"><img loading=\"lazy\" decoding=\"async\" width=\"854\" height=\"519\" data-id=\"7040\" src=\"https:\/\/prensa.sma.gob.ar\/wp-content\/uploads\/2025\/05\/photo_4967927253707108043_y.jpg\" alt=\"\" class=\"wp-image-7040\" srcset=\"https:\/\/prensa.sma.gob.ar\/wp-content\/uploads\/2025\/05\/photo_4967927253707108043_y.jpg 854w, https:\/\/prensa.sma.gob.ar\/wp-content\/uploads\/2025\/05\/photo_4967927253707108043_y-300x182.jpg 300w, https:\/\/prensa.sma.gob.ar\/wp-content\/uploads\/2025\/05\/photo_4967927253707108043_y-768x467.jpg 768w, https:\/\/prensa.sma.gob.ar\/wp-content\/uploads\/2025\/05\/photo_4967927253707108043_y-691x420.jpg 691w, https:\/\/prensa.sma.gob.ar\/wp-content\/uploads\/2025\/05\/photo_4967927253707108043_y-696x423.jpg 696w\" sizes=\"auto, (max-width: 854px) 100vw, 854px\" \/><\/figure>\n\n\n\n<figure class=\"wp-block-image size-large\"><img loading=\"lazy\" decoding=\"async\" width=\"1024\" height=\"768\" data-id=\"7039\" src=\"https:\/\/prensa.sma.gob.ar\/wp-content\/uploads\/2025\/05\/photo_4967927253707108044_y-1024x768.jpg\" alt=\"\" class=\"wp-image-7039\" srcset=\"https:\/\/prensa.sma.gob.ar\/wp-content\/uploads\/2025\/05\/photo_4967927253707108044_y-1024x768.jpg 1024w, https:\/\/prensa.sma.gob.ar\/wp-content\/uploads\/2025\/05\/photo_4967927253707108044_y-300x225.jpg 300w, https:\/\/prensa.sma.gob.ar\/wp-content\/uploads\/2025\/05\/photo_4967927253707108044_y-768x576.jpg 768w, https:\/\/prensa.sma.gob.ar\/wp-content\/uploads\/2025\/05\/photo_4967927253707108044_y-560x420.jpg 560w, https:\/\/prensa.sma.gob.ar\/wp-content\/uploads\/2025\/05\/photo_4967927253707108044_y-80x60.jpg 80w, https:\/\/prensa.sma.gob.ar\/wp-content\/uploads\/2025\/05\/photo_4967927253707108044_y-696x522.jpg 696w, https:\/\/prensa.sma.gob.ar\/wp-content\/uploads\/2025\/05\/photo_4967927253707108044_y-1068x801.jpg 1068w, https:\/\/prensa.sma.gob.ar\/wp-content\/uploads\/2025\/05\/photo_4967927253707108044_y.jpg 1152w\" sizes=\"auto, (max-width: 1024px) 100vw, 1024px\" \/><\/figure>\n\n\n\n<figure class=\"wp-block-image size-large\"><img loading=\"lazy\" decoding=\"async\" width=\"1024\" height=\"682\" data-id=\"7044\" src=\"https:\/\/prensa.sma.gob.ar\/wp-content\/uploads\/2025\/05\/photo_4967825776514805378_y-1024x682.jpg\" alt=\"\" class=\"wp-image-7044\" srcset=\"https:\/\/prensa.sma.gob.ar\/wp-content\/uploads\/2025\/05\/photo_4967825776514805378_y-1024x682.jpg 1024w, https:\/\/prensa.sma.gob.ar\/wp-content\/uploads\/2025\/05\/photo_4967825776514805378_y-300x200.jpg 300w, https:\/\/prensa.sma.gob.ar\/wp-content\/uploads\/2025\/05\/photo_4967825776514805378_y-768x512.jpg 768w, https:\/\/prensa.sma.gob.ar\/wp-content\/uploads\/2025\/05\/photo_4967825776514805378_y-630x420.jpg 630w, https:\/\/prensa.sma.gob.ar\/wp-content\/uploads\/2025\/05\/photo_4967825776514805378_y-696x464.jpg 696w, https:\/\/prensa.sma.gob.ar\/wp-content\/uploads\/2025\/05\/photo_4967825776514805378_y-1068x712.jpg 1068w, https:\/\/prensa.sma.gob.ar\/wp-content\/uploads\/2025\/05\/photo_4967825776514805378_y.jpg 1280w\" sizes=\"auto, (max-width: 1024px) 100vw, 1024px\" \/><\/figure>\n<\/figure>\n\n\n\n<p><strong>Jueves 9: territorio y comunidad en Trompul<\/strong><\/p>\n\n\n\n<p>El jueves, los y las estudiantes se trasladaron al paraje Trompul, donde fueron recibidos por el Lonko filos\u00f3fico Carlos Curruhuinca y distintos integrantes de la comunidad mapuche y pobladores locales. La actividad incluy\u00f3 una caminata guiada por el territorio, en la que se abordaron temas vinculados al arraigo, la ancestralidad del territorio y la defensa del modo de vida comunitario.<\/p>\n\n\n\n<p><em>Uno de los aspectos que m\u00e1s me llamaron la atenci\u00f3n fue la l\u00f3gica de trabajo participativo. El desaf\u00edo de poder administrar un territorio tan extenso y con la presencia de distintas comunidades e intereses no siempre es abordado de forma conjunta por quienes habitan el territorio\u201d<\/em>.<\/p>\n\n\n\n<figure class=\"wp-block-gallery has-nested-images columns-default is-cropped wp-block-gallery-5 is-layout-flex wp-block-gallery-is-layout-flex\">\n<figure class=\"wp-block-image size-large\"><img loading=\"lazy\" decoding=\"async\" width=\"1024\" height=\"461\" data-id=\"7038\" src=\"https:\/\/prensa.sma.gob.ar\/wp-content\/uploads\/2025\/05\/photo_4967825776514805382_y-1024x461.jpg\" alt=\"\" class=\"wp-image-7038\" srcset=\"https:\/\/prensa.sma.gob.ar\/wp-content\/uploads\/2025\/05\/photo_4967825776514805382_y-1024x461.jpg 1024w, https:\/\/prensa.sma.gob.ar\/wp-content\/uploads\/2025\/05\/photo_4967825776514805382_y-300x135.jpg 300w, https:\/\/prensa.sma.gob.ar\/wp-content\/uploads\/2025\/05\/photo_4967825776514805382_y-768x346.jpg 768w, https:\/\/prensa.sma.gob.ar\/wp-content\/uploads\/2025\/05\/photo_4967825776514805382_y-933x420.jpg 933w, https:\/\/prensa.sma.gob.ar\/wp-content\/uploads\/2025\/05\/photo_4967825776514805382_y-696x313.jpg 696w, https:\/\/prensa.sma.gob.ar\/wp-content\/uploads\/2025\/05\/photo_4967825776514805382_y-1068x481.jpg 1068w, https:\/\/prensa.sma.gob.ar\/wp-content\/uploads\/2025\/05\/photo_4967825776514805382_y.jpg 1280w\" sizes=\"auto, (max-width: 1024px) 100vw, 1024px\" \/><\/figure>\n\n\n\n<figure class=\"wp-block-image size-large\"><img loading=\"lazy\" decoding=\"async\" width=\"1024\" height=\"461\" data-id=\"7037\" src=\"https:\/\/prensa.sma.gob.ar\/wp-content\/uploads\/2025\/05\/photo_4967825776514805381_y-1024x461.jpg\" alt=\"\" class=\"wp-image-7037\" srcset=\"https:\/\/prensa.sma.gob.ar\/wp-content\/uploads\/2025\/05\/photo_4967825776514805381_y-1024x461.jpg 1024w, https:\/\/prensa.sma.gob.ar\/wp-content\/uploads\/2025\/05\/photo_4967825776514805381_y-300x135.jpg 300w, https:\/\/prensa.sma.gob.ar\/wp-content\/uploads\/2025\/05\/photo_4967825776514805381_y-768x346.jpg 768w, https:\/\/prensa.sma.gob.ar\/wp-content\/uploads\/2025\/05\/photo_4967825776514805381_y-933x420.jpg 933w, https:\/\/prensa.sma.gob.ar\/wp-content\/uploads\/2025\/05\/photo_4967825776514805381_y-696x313.jpg 696w, https:\/\/prensa.sma.gob.ar\/wp-content\/uploads\/2025\/05\/photo_4967825776514805381_y-1068x481.jpg 1068w, https:\/\/prensa.sma.gob.ar\/wp-content\/uploads\/2025\/05\/photo_4967825776514805381_y.jpg 1280w\" sizes=\"auto, (max-width: 1024px) 100vw, 1024px\" \/><\/figure>\n\n\n\n<figure class=\"wp-block-image size-large\"><img loading=\"lazy\" decoding=\"async\" width=\"1024\" height=\"576\" data-id=\"7036\" src=\"https:\/\/prensa.sma.gob.ar\/wp-content\/uploads\/2025\/05\/photo_4967989805610807123_y-1024x576.jpg\" alt=\"\" class=\"wp-image-7036\" srcset=\"https:\/\/prensa.sma.gob.ar\/wp-content\/uploads\/2025\/05\/photo_4967989805610807123_y-1024x576.jpg 1024w, https:\/\/prensa.sma.gob.ar\/wp-content\/uploads\/2025\/05\/photo_4967989805610807123_y-300x169.jpg 300w, https:\/\/prensa.sma.gob.ar\/wp-content\/uploads\/2025\/05\/photo_4967989805610807123_y-768x432.jpg 768w, https:\/\/prensa.sma.gob.ar\/wp-content\/uploads\/2025\/05\/photo_4967989805610807123_y-747x420.jpg 747w, https:\/\/prensa.sma.gob.ar\/wp-content\/uploads\/2025\/05\/photo_4967989805610807123_y-696x392.jpg 696w, https:\/\/prensa.sma.gob.ar\/wp-content\/uploads\/2025\/05\/photo_4967989805610807123_y-1068x601.jpg 1068w, https:\/\/prensa.sma.gob.ar\/wp-content\/uploads\/2025\/05\/photo_4967989805610807123_y.jpg 1280w\" sizes=\"auto, (max-width: 1024px) 100vw, 1024px\" \/><\/figure>\n<\/figure>\n\n\n\n<p><strong>Una apuesta colectiva por una arquitectura con compromiso<\/strong><\/p>\n\n\n\n<p>El Programa ADN deja una huella en quienes participaron, a trav\u00e9s del intercambio directo con comunidades y organizaciones, se fortalecen los v\u00ednculos entre la universidad p\u00fablica y los territorios, y se impulsa una formaci\u00f3n profesional cr\u00edtica, comprometida y situada.<\/p>\n\n\n\n<p>Juan Manuel Mart\u00ednez, profesor que forma parte del Taller Naci\u00f3n desde hace dos a\u00f1os observ\u00f3: <em>\u201cLa universidad p\u00fablica es el espacio desde donde podemos permitirnos pensar y proponer nuevas miradas sobre el territorio, tener la oportunidad de trabajar\u201d Tambi\u00e9n comparti\u00f3 una primera reflexi\u00f3n sobre el territorio y los principales desaf\u00edos identificados durante el recorrido: \u201cLa emergencia habitacional y la administraci\u00f3n del ejido de San Mart\u00edn de Los Andes fueron uno de los problemas principales que identificamos, la complejidad de abarcar un territorio tan extenso y con tan variadas jurisdicciones supone un desaf\u00edo para el desarrollo futuro de la ciudad, la aparici\u00f3n de grandes desarrollos inmobiliarios y la puja por la explotaci\u00f3n del territorio son situaciones que preocupan y que tendremos que tomar el tiempo para pensar y elaborar al respecto.\u201d<\/em><\/p>\n\n\n\n<p>San Mart\u00edn de los Andes no fue solo un escenario de aprendizaje, sino un territorio vivo de experiencias compartidas, memorias, luchas y proyectos comunes. Promover instancias p\u00fablicas, colectivas y transformadoras como esta es una forma concreta de fortalecer el derecho a la ciudad y de construir, junto a la comunidad, respuestas integrales a las problem\u00e1ticas habitacionales del presente.<\/p>\n\n\n\n<figure class=\"wp-block-gallery has-nested-images columns-default is-cropped wp-block-gallery-6 is-layout-flex wp-block-gallery-is-layout-flex\">\n<figure class=\"wp-block-image size-large\"><img loading=\"lazy\" decoding=\"async\" width=\"1024\" height=\"682\" data-id=\"7033\" src=\"https:\/\/prensa.sma.gob.ar\/wp-content\/uploads\/2025\/05\/photo_4967825776514805385_y-1024x682.jpg\" alt=\"\" class=\"wp-image-7033\" srcset=\"https:\/\/prensa.sma.gob.ar\/wp-content\/uploads\/2025\/05\/photo_4967825776514805385_y-1024x682.jpg 1024w, https:\/\/prensa.sma.gob.ar\/wp-content\/uploads\/2025\/05\/photo_4967825776514805385_y-300x200.jpg 300w, https:\/\/prensa.sma.gob.ar\/wp-content\/uploads\/2025\/05\/photo_4967825776514805385_y-768x512.jpg 768w, https:\/\/prensa.sma.gob.ar\/wp-content\/uploads\/2025\/05\/photo_4967825776514805385_y-630x420.jpg 630w, https:\/\/prensa.sma.gob.ar\/wp-content\/uploads\/2025\/05\/photo_4967825776514805385_y-696x464.jpg 696w, https:\/\/prensa.sma.gob.ar\/wp-content\/uploads\/2025\/05\/photo_4967825776514805385_y-1068x712.jpg 1068w, https:\/\/prensa.sma.gob.ar\/wp-content\/uploads\/2025\/05\/photo_4967825776514805385_y.jpg 1280w\" sizes=\"auto, (max-width: 1024px) 100vw, 1024px\" \/><\/figure>\n\n\n\n<figure class=\"wp-block-image size-large\"><img loading=\"lazy\" decoding=\"async\" width=\"1024\" height=\"647\" data-id=\"7034\" src=\"https:\/\/prensa.sma.gob.ar\/wp-content\/uploads\/2025\/05\/photo_4967825776514805383_y-1024x647.jpg\" alt=\"\" class=\"wp-image-7034\" srcset=\"https:\/\/prensa.sma.gob.ar\/wp-content\/uploads\/2025\/05\/photo_4967825776514805383_y-1024x647.jpg 1024w, https:\/\/prensa.sma.gob.ar\/wp-content\/uploads\/2025\/05\/photo_4967825776514805383_y-300x190.jpg 300w, https:\/\/prensa.sma.gob.ar\/wp-content\/uploads\/2025\/05\/photo_4967825776514805383_y-768x485.jpg 768w, https:\/\/prensa.sma.gob.ar\/wp-content\/uploads\/2025\/05\/photo_4967825776514805383_y-665x420.jpg 665w, https:\/\/prensa.sma.gob.ar\/wp-content\/uploads\/2025\/05\/photo_4967825776514805383_y-696x440.jpg 696w, https:\/\/prensa.sma.gob.ar\/wp-content\/uploads\/2025\/05\/photo_4967825776514805383_y-1068x675.jpg 1068w, https:\/\/prensa.sma.gob.ar\/wp-content\/uploads\/2025\/05\/photo_4967825776514805383_y.jpg 1280w\" sizes=\"auto, (max-width: 1024px) 100vw, 1024px\" \/><\/figure>\n\n\n\n<figure class=\"wp-block-image size-large\"><img loading=\"lazy\" decoding=\"async\" width=\"1024\" height=\"682\" data-id=\"7035\" src=\"https:\/\/prensa.sma.gob.ar\/wp-content\/uploads\/2025\/05\/photo_4967825776514805384_y-1024x682.jpg\" alt=\"\" class=\"wp-image-7035\" srcset=\"https:\/\/prensa.sma.gob.ar\/wp-content\/uploads\/2025\/05\/photo_4967825776514805384_y-1024x682.jpg 1024w, https:\/\/prensa.sma.gob.ar\/wp-content\/uploads\/2025\/05\/photo_4967825776514805384_y-300x200.jpg 300w, https:\/\/prensa.sma.gob.ar\/wp-content\/uploads\/2025\/05\/photo_4967825776514805384_y-768x512.jpg 768w, https:\/\/prensa.sma.gob.ar\/wp-content\/uploads\/2025\/05\/photo_4967825776514805384_y-630x420.jpg 630w, https:\/\/prensa.sma.gob.ar\/wp-content\/uploads\/2025\/05\/photo_4967825776514805384_y-696x464.jpg 696w, https:\/\/prensa.sma.gob.ar\/wp-content\/uploads\/2025\/05\/photo_4967825776514805384_y-1068x712.jpg 1068w, https:\/\/prensa.sma.gob.ar\/wp-content\/uploads\/2025\/05\/photo_4967825776514805384_y.jpg 1280w\" sizes=\"auto, (max-width: 1024px) 100vw, 1024px\" \/><\/figure>\n\n\n\n<figure class=\"wp-block-image size-large\"><img loading=\"lazy\" decoding=\"async\" width=\"1024\" height=\"576\" data-id=\"6992\" src=\"https:\/\/prensa.sma.gob.ar\/wp-content\/uploads\/2025\/05\/WhatsApp-Image-2025-05-07-at-12.58.25-1-1-1024x576.jpeg\" alt=\"\" class=\"wp-image-6992\" srcset=\"https:\/\/prensa.sma.gob.ar\/wp-content\/uploads\/2025\/05\/WhatsApp-Image-2025-05-07-at-12.58.25-1-1-1024x576.jpeg 1024w, https:\/\/prensa.sma.gob.ar\/wp-content\/uploads\/2025\/05\/WhatsApp-Image-2025-05-07-at-12.58.25-1-1-300x169.jpeg 300w, https:\/\/prensa.sma.gob.ar\/wp-content\/uploads\/2025\/05\/WhatsApp-Image-2025-05-07-at-12.58.25-1-1-768x432.jpeg 768w, https:\/\/prensa.sma.gob.ar\/wp-content\/uploads\/2025\/05\/WhatsApp-Image-2025-05-07-at-12.58.25-1-1-1536x864.jpeg 1536w, https:\/\/prensa.sma.gob.ar\/wp-content\/uploads\/2025\/05\/WhatsApp-Image-2025-05-07-at-12.58.25-1-1-747x420.jpeg 747w, https:\/\/prensa.sma.gob.ar\/wp-content\/uploads\/2025\/05\/WhatsApp-Image-2025-05-07-at-12.58.25-1-1-696x392.jpeg 696w, https:\/\/prensa.sma.gob.ar\/wp-content\/uploads\/2025\/05\/WhatsApp-Image-2025-05-07-at-12.58.25-1-1-1068x601.jpeg 1068w, https:\/\/prensa.sma.gob.ar\/wp-content\/uploads\/2025\/05\/WhatsApp-Image-2025-05-07-at-12.58.25-1-1.jpeg 1600w\" sizes=\"auto, (max-width: 1024px) 100vw, 1024px\" \/><\/figure>\n\n\n\n<figure class=\"wp-block-image size-large\"><img loading=\"lazy\" decoding=\"async\" width=\"1024\" height=\"589\" data-id=\"6974\" src=\"https:\/\/prensa.sma.gob.ar\/wp-content\/uploads\/2025\/05\/WhatsApp-Image-2025-05-05-at-11.43.07-3-1024x589.jpeg\" alt=\"\" class=\"wp-image-6974\" srcset=\"https:\/\/prensa.sma.gob.ar\/wp-content\/uploads\/2025\/05\/WhatsApp-Image-2025-05-05-at-11.43.07-3-1024x589.jpeg 1024w, https:\/\/prensa.sma.gob.ar\/wp-content\/uploads\/2025\/05\/WhatsApp-Image-2025-05-05-at-11.43.07-3-300x173.jpeg 300w, https:\/\/prensa.sma.gob.ar\/wp-content\/uploads\/2025\/05\/WhatsApp-Image-2025-05-05-at-11.43.07-3-768x442.jpeg 768w, https:\/\/prensa.sma.gob.ar\/wp-content\/uploads\/2025\/05\/WhatsApp-Image-2025-05-05-at-11.43.07-3-1536x883.jpeg 1536w, https:\/\/prensa.sma.gob.ar\/wp-content\/uploads\/2025\/05\/WhatsApp-Image-2025-05-05-at-11.43.07-3-730x420.jpeg 730w, https:\/\/prensa.sma.gob.ar\/wp-content\/uploads\/2025\/05\/WhatsApp-Image-2025-05-05-at-11.43.07-3-696x400.jpeg 696w, https:\/\/prensa.sma.gob.ar\/wp-content\/uploads\/2025\/05\/WhatsApp-Image-2025-05-05-at-11.43.07-3-1068x614.jpeg 1068w, https:\/\/prensa.sma.gob.ar\/wp-content\/uploads\/2025\/05\/WhatsApp-Image-2025-05-05-at-11.43.07-3.jpeg 1600w\" sizes=\"auto, (max-width: 1024px) 100vw, 1024px\" \/><\/figure>\n\n\n\n<figure class=\"wp-block-image size-large\"><img loading=\"lazy\" decoding=\"async\" width=\"1024\" height=\"576\" data-id=\"6968\" src=\"https:\/\/prensa.sma.gob.ar\/wp-content\/uploads\/2025\/05\/WhatsApp-Image-2025-05-05-at-16.15.48-1-1024x576.jpeg\" alt=\"\" class=\"wp-image-6968\" srcset=\"https:\/\/prensa.sma.gob.ar\/wp-content\/uploads\/2025\/05\/WhatsApp-Image-2025-05-05-at-16.15.48-1-1024x576.jpeg 1024w, https:\/\/prensa.sma.gob.ar\/wp-content\/uploads\/2025\/05\/WhatsApp-Image-2025-05-05-at-16.15.48-1-300x169.jpeg 300w, https:\/\/prensa.sma.gob.ar\/wp-content\/uploads\/2025\/05\/WhatsApp-Image-2025-05-05-at-16.15.48-1-768x432.jpeg 768w, https:\/\/prensa.sma.gob.ar\/wp-content\/uploads\/2025\/05\/WhatsApp-Image-2025-05-05-at-16.15.48-1-1536x864.jpeg 1536w, https:\/\/prensa.sma.gob.ar\/wp-content\/uploads\/2025\/05\/WhatsApp-Image-2025-05-05-at-16.15.48-1-747x420.jpeg 747w, https:\/\/prensa.sma.gob.ar\/wp-content\/uploads\/2025\/05\/WhatsApp-Image-2025-05-05-at-16.15.48-1-696x392.jpeg 696w, https:\/\/prensa.sma.gob.ar\/wp-content\/uploads\/2025\/05\/WhatsApp-Image-2025-05-05-at-16.15.48-1-1068x601.jpeg 1068w, https:\/\/prensa.sma.gob.ar\/wp-content\/uploads\/2025\/05\/WhatsApp-Image-2025-05-05-at-16.15.48-1.jpeg 1600w\" sizes=\"auto, (max-width: 1024px) 100vw, 1024px\" \/><\/figure>\n\n\n\n<figure class=\"wp-block-image size-large\"><img loading=\"lazy\" decoding=\"async\" width=\"1024\" height=\"576\" data-id=\"6964\" src=\"https:\/\/prensa.sma.gob.ar\/wp-content\/uploads\/2025\/05\/WhatsApp-Image-2025-05-05-at-16.15.50-1-1024x576.jpeg\" alt=\"\" class=\"wp-image-6964\" srcset=\"https:\/\/prensa.sma.gob.ar\/wp-content\/uploads\/2025\/05\/WhatsApp-Image-2025-05-05-at-16.15.50-1-1024x576.jpeg 1024w, https:\/\/prensa.sma.gob.ar\/wp-content\/uploads\/2025\/05\/WhatsApp-Image-2025-05-05-at-16.15.50-1-300x169.jpeg 300w, https:\/\/prensa.sma.gob.ar\/wp-content\/uploads\/2025\/05\/WhatsApp-Image-2025-05-05-at-16.15.50-1-768x432.jpeg 768w, https:\/\/prensa.sma.gob.ar\/wp-content\/uploads\/2025\/05\/WhatsApp-Image-2025-05-05-at-16.15.50-1-1536x864.jpeg 1536w, https:\/\/prensa.sma.gob.ar\/wp-content\/uploads\/2025\/05\/WhatsApp-Image-2025-05-05-at-16.15.50-1-747x420.jpeg 747w, https:\/\/prensa.sma.gob.ar\/wp-content\/uploads\/2025\/05\/WhatsApp-Image-2025-05-05-at-16.15.50-1-696x392.jpeg 696w, https:\/\/prensa.sma.gob.ar\/wp-content\/uploads\/2025\/05\/WhatsApp-Image-2025-05-05-at-16.15.50-1-1068x601.jpeg 1068w, https:\/\/prensa.sma.gob.ar\/wp-content\/uploads\/2025\/05\/WhatsApp-Image-2025-05-05-at-16.15.50-1.jpeg 1600w\" sizes=\"auto, (max-width: 1024px) 100vw, 1024px\" \/><\/figure>\n\n\n\n<figure class=\"wp-block-image size-large\"><img loading=\"lazy\" decoding=\"async\" width=\"1024\" height=\"576\" data-id=\"6987\" src=\"https:\/\/prensa.sma.gob.ar\/wp-content\/uploads\/2025\/05\/WhatsApp-Image-2025-05-07-at-12.58.25-1-1024x576.jpeg\" alt=\"\" class=\"wp-image-6987\" srcset=\"https:\/\/prensa.sma.gob.ar\/wp-content\/uploads\/2025\/05\/WhatsApp-Image-2025-05-07-at-12.58.25-1-1024x576.jpeg 1024w, https:\/\/prensa.sma.gob.ar\/wp-content\/uploads\/2025\/05\/WhatsApp-Image-2025-05-07-at-12.58.25-1-300x169.jpeg 300w, https:\/\/prensa.sma.gob.ar\/wp-content\/uploads\/2025\/05\/WhatsApp-Image-2025-05-07-at-12.58.25-1-768x432.jpeg 768w, https:\/\/prensa.sma.gob.ar\/wp-content\/uploads\/2025\/05\/WhatsApp-Image-2025-05-07-at-12.58.25-1-1536x864.jpeg 1536w, https:\/\/prensa.sma.gob.ar\/wp-content\/uploads\/2025\/05\/WhatsApp-Image-2025-05-07-at-12.58.25-1-747x420.jpeg 747w, https:\/\/prensa.sma.gob.ar\/wp-content\/uploads\/2025\/05\/WhatsApp-Image-2025-05-07-at-12.58.25-1-696x392.jpeg 696w, https:\/\/prensa.sma.gob.ar\/wp-content\/uploads\/2025\/05\/WhatsApp-Image-2025-05-07-at-12.58.25-1-1068x601.jpeg 1068w, https:\/\/prensa.sma.gob.ar\/wp-content\/uploads\/2025\/05\/WhatsApp-Image-2025-05-07-at-12.58.25-1.jpeg 1600w\" sizes=\"auto, (max-width: 1024px) 100vw, 1024px\" \/><\/figure>\n\n\n\n<figure class=\"wp-block-image size-large\"><img loading=\"lazy\" decoding=\"async\" width=\"1024\" height=\"630\" data-id=\"6984\" src=\"https:\/\/prensa.sma.gob.ar\/wp-content\/uploads\/2025\/05\/WhatsApp-Image-2025-05-07-at-12.59.46-1024x630.jpeg\" alt=\"\" class=\"wp-image-6984\" srcset=\"https:\/\/prensa.sma.gob.ar\/wp-content\/uploads\/2025\/05\/WhatsApp-Image-2025-05-07-at-12.59.46-1024x630.jpeg 1024w, https:\/\/prensa.sma.gob.ar\/wp-content\/uploads\/2025\/05\/WhatsApp-Image-2025-05-07-at-12.59.46-300x185.jpeg 300w, https:\/\/prensa.sma.gob.ar\/wp-content\/uploads\/2025\/05\/WhatsApp-Image-2025-05-07-at-12.59.46-768x473.jpeg 768w, https:\/\/prensa.sma.gob.ar\/wp-content\/uploads\/2025\/05\/WhatsApp-Image-2025-05-07-at-12.59.46-1536x946.jpeg 1536w, https:\/\/prensa.sma.gob.ar\/wp-content\/uploads\/2025\/05\/WhatsApp-Image-2025-05-07-at-12.59.46-682x420.jpeg 682w, https:\/\/prensa.sma.gob.ar\/wp-content\/uploads\/2025\/05\/WhatsApp-Image-2025-05-07-at-12.59.46-696x428.jpeg 696w, https:\/\/prensa.sma.gob.ar\/wp-content\/uploads\/2025\/05\/WhatsApp-Image-2025-05-07-at-12.59.46-1068x657.jpeg 1068w, https:\/\/prensa.sma.gob.ar\/wp-content\/uploads\/2025\/05\/WhatsApp-Image-2025-05-07-at-12.59.46.jpeg 1600w\" sizes=\"auto, (max-width: 1024px) 100vw, 1024px\" \/><\/figure>\n<\/figure>\n\n\n\n<p><em>(Informe del Instituto de Vivienda y H\u00e1bitat de San Mart\u00edn de los Andes)<\/em><\/p>\n\n\n\n<p><\/p>\n","protected":false},"excerpt":{"rendered":"<p>Este viernes concluy\u00f3 el Programa ADN &#8211; Encuentros Proyectuales en el Territorio, que durante toda la semana reuni\u00f3 en San Mart\u00edn de los Andes a m\u00e1s de 200 estudiantes de Arquitectura de la Universidad de Buenos Aires (UBA). La iniciativa fue posible gracias a la articulaci\u00f3n entre el Taller Naci\u00f3n \u2014c\u00e1tedra de la Facultad de [&hellip;]<\/p>\n","protected":false},"author":2,"featured_media":7050,"comment_status":"closed","ping_status":"open","sticky":false,"template":"","format":"standard","meta":{"footnotes":""},"categories":[16,14,17,37],"tags":[],"class_list":{"0":"post-7032","1":"post","2":"type-post","3":"status-publish","4":"format-standard","5":"has-post-thumbnail","7":"category-destacadas","8":"category-noticias","9":"category-portada","10":"category-vivienda"},"_links":{"self":[{"href":"https:\/\/prensa.sma.gob.ar\/index.php?rest_route=\/wp\/v2\/posts\/7032","targetHints":{"allow":["GET"]}}],"collection":[{"href":"https:\/\/prensa.sma.gob.ar\/index.php?rest_route=\/wp\/v2\/posts"}],"about":[{"href":"https:\/\/prensa.sma.gob.ar\/index.php?rest_route=\/wp\/v2\/types\/post"}],"author":[{"embeddable":true,"href":"https:\/\/prensa.sma.gob.ar\/index.php?rest_route=\/wp\/v2\/users\/2"}],"replies":[{"embeddable":true,"href":"https:\/\/prensa.sma.gob.ar\/index.php?rest_route=%2Fwp%2Fv2%2Fcomments&post=7032"}],"version-history":[{"count":2,"href":"https:\/\/prensa.sma.gob.ar\/index.php?rest_route=\/wp\/v2\/posts\/7032\/revisions"}],"predecessor-version":[{"id":7070,"href":"https:\/\/prensa.sma.gob.ar\/index.php?rest_route=\/wp\/v2\/posts\/7032\/revisions\/7070"}],"wp:featuredmedia":[{"embeddable":true,"href":"https:\/\/prensa.sma.gob.ar\/index.php?rest_route=\/wp\/v2\/media\/7050"}],"wp:attachment":[{"href":"https:\/\/prensa.sma.gob.ar\/index.php?rest_route=%2Fwp%2Fv2%2Fmedia&parent=7032"}],"wp:term":[{"taxonomy":"category","embeddable":true,"href":"https:\/\/prensa.sma.gob.ar\/index.php?rest_route=%2Fwp%2Fv2%2Fcategories&post=7032"},{"taxonomy":"post_tag","embeddable":true,"href":"https:\/\/prensa.sma.gob.ar\/index.php?rest_route=%2Fwp%2Fv2%2Ftags&post=7032"}],"curies":[{"name":"wp","href":"https:\/\/api.w.org\/{rel}","templated":true}]}}