{"id":716,"date":"2024-06-28T12:48:54","date_gmt":"2024-06-28T12:48:54","guid":{"rendered":"https:\/\/prensa.sma.gob.ar\/?p=716"},"modified":"2024-06-28T17:34:19","modified_gmt":"2024-06-28T17:34:19","slug":"turismo-de-provincia-y-el-municipio-firman-un-convenio-de-colaboracion","status":"publish","type":"post","link":"https:\/\/prensa.sma.gob.ar\/?p=716","title":{"rendered":"Turismo de Provincia y Municipio firman convenio de colaboraci\u00f3n"},"content":{"rendered":"\n<p>El Ministerio de Turismo de la Provincia del Neuqu\u00e9n y la Municipalidad de San Mart\u00edn de los Andes celebraron un Convenio Marco de Colaboraci\u00f3n Institucional para organizar, ejecutar y relevar conjunta y coordinadamente la informaci\u00f3n estad\u00edstica del sector tur\u00edstico incluyendo datos de la oferta y de la demanda real del Municipio.<\/p>\n\n\n\n<p>Seg\u00fan el convenio, tambi\u00e9n acordaron que \u201ctoda decisi\u00f3n relativa a la organizaci\u00f3n y ejecuci\u00f3n de las tareas relacionadas a la informaci\u00f3n estad\u00edstica, ser\u00e1 evaluada y acordada teniendo en cuenta los criterios de optimizaci\u00f3n de los recursos y rigurosidad metodol\u00f3gica\u201d.<\/p>\n\n\n\n<p>El acta fue firmada por el intendente de San Mart\u00edn de los Andes, Carlos Saloniti, y el ministro de Turismo de Neuqu\u00e9n, Gustavo Fern\u00e1ndez Capiet, durante la reciente visita oficial del jefe comunal a la ciudad capital de la provincia.<\/p>\n\n\n\n<p>Entre otras cosas, las partes se comprometieron a brindar las metodolog\u00edas seg\u00fan el tipo de relevamiento de datos que se necesite; seleccionar y capacitar al personal que ser\u00e1 afectado a las tareas tanto de relevamiento como de procesamiento de datos.<\/p>\n\n\n\n<p>Tambi\u00e9n acordaron controlar las tareas de recolecci\u00f3n de datos; desarrollar el software necesario para la carga de la informaci\u00f3n relevada; elaborar los instrumentos de recolecci\u00f3n de informaci\u00f3n y realizar talleres de sensibilizaci\u00f3n que permitan relevar con mayor eficiencia la informaci\u00f3n tur\u00edstica necesaria para la gesti\u00f3n del turismo en la provincia.<\/p>\n\n\n\n<p>Seg\u00fan el texto firmado, el Municipio se comprometi\u00f3 a disponer de personal dedicado al registro de la informaci\u00f3n estad\u00edstica vinculada al sector tur\u00edstico y difundir p\u00fablicamente los objetivos e importancia del estudio a efectuarse.<\/p>\n","protected":false},"excerpt":{"rendered":"<p>El Ministerio de Turismo de la Provincia del Neuqu\u00e9n y la Municipalidad de San Mart\u00edn de los Andes celebraron un Convenio Marco de Colaboraci\u00f3n Institucional para organizar, ejecutar y relevar conjunta y coordinadamente la informaci\u00f3n estad\u00edstica del sector tur\u00edstico incluyendo datos de la oferta y de la demanda real del Municipio. Seg\u00fan el convenio, tambi\u00e9n [&hellip;]<\/p>\n","protected":false},"author":1,"featured_media":717,"comment_status":"closed","ping_status":"open","sticky":false,"template":"","format":"standard","meta":{"footnotes":""},"categories":[11,14,36],"tags":[],"class_list":{"0":"post-716","1":"post","2":"type-post","3":"status-publish","4":"format-standard","5":"has-post-thumbnail","7":"category-gobierno","8":"category-noticias","9":"category-turismo"},"_links":{"self":[{"href":"https:\/\/prensa.sma.gob.ar\/index.php?rest_route=\/wp\/v2\/posts\/716","targetHints":{"allow":["GET"]}}],"collection":[{"href":"https:\/\/prensa.sma.gob.ar\/index.php?rest_route=\/wp\/v2\/posts"}],"about":[{"href":"https:\/\/prensa.sma.gob.ar\/index.php?rest_route=\/wp\/v2\/types\/post"}],"author":[{"embeddable":true,"href":"https:\/\/prensa.sma.gob.ar\/index.php?rest_route=\/wp\/v2\/users\/1"}],"replies":[{"embeddable":true,"href":"https:\/\/prensa.sma.gob.ar\/index.php?rest_route=%2Fwp%2Fv2%2Fcomments&post=716"}],"version-history":[{"count":3,"href":"https:\/\/prensa.sma.gob.ar\/index.php?rest_route=\/wp\/v2\/posts\/716\/revisions"}],"predecessor-version":[{"id":727,"href":"https:\/\/prensa.sma.gob.ar\/index.php?rest_route=\/wp\/v2\/posts\/716\/revisions\/727"}],"wp:featuredmedia":[{"embeddable":true,"href":"https:\/\/prensa.sma.gob.ar\/index.php?rest_route=\/wp\/v2\/media\/717"}],"wp:attachment":[{"href":"https:\/\/prensa.sma.gob.ar\/index.php?rest_route=%2Fwp%2Fv2%2Fmedia&parent=716"}],"wp:term":[{"taxonomy":"category","embeddable":true,"href":"https:\/\/prensa.sma.gob.ar\/index.php?rest_route=%2Fwp%2Fv2%2Fcategories&post=716"},{"taxonomy":"post_tag","embeddable":true,"href":"https:\/\/prensa.sma.gob.ar\/index.php?rest_route=%2Fwp%2Fv2%2Ftags&post=716"}],"curies":[{"name":"wp","href":"https:\/\/api.w.org\/{rel}","templated":true}]}}