{"id":7175,"date":"2025-05-14T11:31:04","date_gmt":"2025-05-14T11:31:04","guid":{"rendered":"https:\/\/prensa.sma.gob.ar\/?p=7175"},"modified":"2025-05-14T11:31:06","modified_gmt":"2025-05-14T11:31:06","slug":"provincia-y-municipio-acordaron-un-plan-para-mejorar-el-tratamiento-de-los-efluentes-cloacales","status":"publish","type":"post","link":"https:\/\/prensa.sma.gob.ar\/?p=7175","title":{"rendered":"Provincia y Municipio acordaron un plan para mejorar el tratamiento de los efluentes cloacales"},"content":{"rendered":"\n<p>El Gobierno de la Provincia y la Municipalidad firmaron un convenio de cooperaci\u00f3n para ejecutar la obra de tratamiento y disposici\u00f3n de barros provenientes de las Plantas de Tratamiento de Efluentes Cloacales de San Mart\u00edn de los Andes.<\/p>\n\n\n\n<p>El convenio fue firmado por el gobernador Rolando Figueroa y el intendente de Carlos Saloniti y all\u00ed se establece que el Estado provincial cubrir\u00e1 el 50% del costo total de los trabajos, que asciende a 128.063.423 pesos, mientras que la municipalidad asumir\u00e1 el otro 50%.<\/p>\n\n\n\n<p>La municipalidad, a su vez, se compromete a llevar a cabo la ejecuci\u00f3n de los trabajos y a rendir cuentas ante el Tribunal de Cuentas de la Provincia de los fondos aportados por la Provincia, y a continuar la pol\u00edtica p\u00fablica de homogeneizaci\u00f3n de tarifas para el servicio de agua y saneamiento.<\/p>\n\n\n\n<p>El convenio es fruto del Pacto de Gobernanza firmado en 2024, que busca mejorar la gesti\u00f3n de recursos y servicios p\u00fablicos en la provincia trabajando en forma conjunta el Estado provincial y los municipios, propiciando una gesti\u00f3n austera y respetuosa de los recursos de los neuquinos y neuquinas.<\/p>\n\n\n\n<p>Luego de la firma, el gobernador felicit\u00f3 al intendente y su equipo por el significativo avance logrado en la gesti\u00f3n del agua en la localidad. \u201cEs un gran paso que refleja una buena administraci\u00f3n, y sabemos lo vital que es el ambiente en San Mart\u00edn de los Andes. Esta posibilidad de financiar fondos que son \u00fatiles para el saneamiento creemos que es un modo muy fruct\u00edfero en cuanto a la posibilidad de trabajo con cada uno de los municipios\u201d, se\u00f1al\u00f3.<\/p>\n\n\n\n<p>El intendente Saloniti explic\u00f3 que \u201cse busca la homogeneizaci\u00f3n de toda la tarifa para agua y saneamiento en la provincia y a partir de ah\u00ed poder empezar a pensar las obras que se necesitan\u201d.<\/p>\n\n\n\n<p>\u201cEsto va destinado al saneamiento de San Mart\u00edn de los Andes y a seguir ayudando a la cooperativa de agua -que siempre requiere inversiones- a partir de no contar con el Ente Nacional de Obras H\u00eddricas y Saneamiento (Enohsa) que era la fuente de financiamiento nacional que siempre tuvimos\u201d, especific\u00f3.<\/p>\n\n\n\n<p>Indic\u00f3 que \u201ca partir de ahora el financiamiento lo hacemos junto con la Provincia, como ya lo hicimos en su momento con una bomba espec\u00edfica que necesitaba la cooperativa de agua, que fue un aporte no reintegrable de la provincia\u201d.<\/p>\n\n\n\n<figure class=\"wp-block-gallery has-nested-images columns-default is-cropped wp-block-gallery-1 is-layout-flex wp-block-gallery-is-layout-flex\">\n<figure class=\"wp-block-image size-large\"><img loading=\"lazy\" decoding=\"async\" width=\"1024\" height=\"579\" data-id=\"7149\" src=\"https:\/\/prensa.sma.gob.ar\/wp-content\/uploads\/2025\/05\/WhatsApp-Image-2025-05-13-at-12.44.33-1024x579.jpeg\" alt=\"\" class=\"wp-image-7149\" srcset=\"https:\/\/prensa.sma.gob.ar\/wp-content\/uploads\/2025\/05\/WhatsApp-Image-2025-05-13-at-12.44.33-1024x579.jpeg 1024w, https:\/\/prensa.sma.gob.ar\/wp-content\/uploads\/2025\/05\/WhatsApp-Image-2025-05-13-at-12.44.33-300x170.jpeg 300w, https:\/\/prensa.sma.gob.ar\/wp-content\/uploads\/2025\/05\/WhatsApp-Image-2025-05-13-at-12.44.33-768x434.jpeg 768w, https:\/\/prensa.sma.gob.ar\/wp-content\/uploads\/2025\/05\/WhatsApp-Image-2025-05-13-at-12.44.33-1536x868.jpeg 1536w, https:\/\/prensa.sma.gob.ar\/wp-content\/uploads\/2025\/05\/WhatsApp-Image-2025-05-13-at-12.44.33-743x420.jpeg 743w, https:\/\/prensa.sma.gob.ar\/wp-content\/uploads\/2025\/05\/WhatsApp-Image-2025-05-13-at-12.44.33-696x393.jpeg 696w, https:\/\/prensa.sma.gob.ar\/wp-content\/uploads\/2025\/05\/WhatsApp-Image-2025-05-13-at-12.44.33-1068x603.jpeg 1068w, https:\/\/prensa.sma.gob.ar\/wp-content\/uploads\/2025\/05\/WhatsApp-Image-2025-05-13-at-12.44.33.jpeg 1600w\" sizes=\"auto, (max-width: 1024px) 100vw, 1024px\" \/><\/figure>\n\n\n\n<figure class=\"wp-block-image size-large\"><img loading=\"lazy\" decoding=\"async\" width=\"1024\" height=\"618\" data-id=\"7150\" src=\"https:\/\/prensa.sma.gob.ar\/wp-content\/uploads\/2025\/05\/WhatsApp-Image-2025-05-13-at-12.44.32-3-1024x618.jpeg\" alt=\"\" class=\"wp-image-7150\" srcset=\"https:\/\/prensa.sma.gob.ar\/wp-content\/uploads\/2025\/05\/WhatsApp-Image-2025-05-13-at-12.44.32-3-1024x618.jpeg 1024w, https:\/\/prensa.sma.gob.ar\/wp-content\/uploads\/2025\/05\/WhatsApp-Image-2025-05-13-at-12.44.32-3-300x181.jpeg 300w, https:\/\/prensa.sma.gob.ar\/wp-content\/uploads\/2025\/05\/WhatsApp-Image-2025-05-13-at-12.44.32-3-768x464.jpeg 768w, https:\/\/prensa.sma.gob.ar\/wp-content\/uploads\/2025\/05\/WhatsApp-Image-2025-05-13-at-12.44.32-3-1536x927.jpeg 1536w, https:\/\/prensa.sma.gob.ar\/wp-content\/uploads\/2025\/05\/WhatsApp-Image-2025-05-13-at-12.44.32-3-696x420.jpeg 696w, https:\/\/prensa.sma.gob.ar\/wp-content\/uploads\/2025\/05\/WhatsApp-Image-2025-05-13-at-12.44.32-3-1068x645.jpeg 1068w, https:\/\/prensa.sma.gob.ar\/wp-content\/uploads\/2025\/05\/WhatsApp-Image-2025-05-13-at-12.44.32-3.jpeg 1600w\" sizes=\"auto, (max-width: 1024px) 100vw, 1024px\" \/><\/figure>\n\n\n\n<figure class=\"wp-block-image size-large\"><img loading=\"lazy\" decoding=\"async\" width=\"1024\" height=\"601\" data-id=\"7151\" src=\"https:\/\/prensa.sma.gob.ar\/wp-content\/uploads\/2025\/05\/WhatsApp-Image-2025-05-13-at-12.44.32-2-1024x601.jpeg\" alt=\"\" class=\"wp-image-7151\" srcset=\"https:\/\/prensa.sma.gob.ar\/wp-content\/uploads\/2025\/05\/WhatsApp-Image-2025-05-13-at-12.44.32-2-1024x601.jpeg 1024w, https:\/\/prensa.sma.gob.ar\/wp-content\/uploads\/2025\/05\/WhatsApp-Image-2025-05-13-at-12.44.32-2-300x176.jpeg 300w, https:\/\/prensa.sma.gob.ar\/wp-content\/uploads\/2025\/05\/WhatsApp-Image-2025-05-13-at-12.44.32-2-768x451.jpeg 768w, https:\/\/prensa.sma.gob.ar\/wp-content\/uploads\/2025\/05\/WhatsApp-Image-2025-05-13-at-12.44.32-2-1536x901.jpeg 1536w, https:\/\/prensa.sma.gob.ar\/wp-content\/uploads\/2025\/05\/WhatsApp-Image-2025-05-13-at-12.44.32-2-716x420.jpeg 716w, https:\/\/prensa.sma.gob.ar\/wp-content\/uploads\/2025\/05\/WhatsApp-Image-2025-05-13-at-12.44.32-2-696x408.jpeg 696w, https:\/\/prensa.sma.gob.ar\/wp-content\/uploads\/2025\/05\/WhatsApp-Image-2025-05-13-at-12.44.32-2-1068x627.jpeg 1068w, https:\/\/prensa.sma.gob.ar\/wp-content\/uploads\/2025\/05\/WhatsApp-Image-2025-05-13-at-12.44.32-2.jpeg 1600w\" sizes=\"auto, (max-width: 1024px) 100vw, 1024px\" \/><\/figure>\n\n\n\n<figure class=\"wp-block-image size-large\"><img loading=\"lazy\" decoding=\"async\" width=\"1024\" height=\"670\" data-id=\"7152\" src=\"https:\/\/prensa.sma.gob.ar\/wp-content\/uploads\/2025\/05\/WhatsApp-Image-2025-05-13-at-12.44.32-1-1024x670.jpeg\" alt=\"\" class=\"wp-image-7152\" srcset=\"https:\/\/prensa.sma.gob.ar\/wp-content\/uploads\/2025\/05\/WhatsApp-Image-2025-05-13-at-12.44.32-1-1024x670.jpeg 1024w, https:\/\/prensa.sma.gob.ar\/wp-content\/uploads\/2025\/05\/WhatsApp-Image-2025-05-13-at-12.44.32-1-300x196.jpeg 300w, https:\/\/prensa.sma.gob.ar\/wp-content\/uploads\/2025\/05\/WhatsApp-Image-2025-05-13-at-12.44.32-1-768x503.jpeg 768w, https:\/\/prensa.sma.gob.ar\/wp-content\/uploads\/2025\/05\/WhatsApp-Image-2025-05-13-at-12.44.32-1-1536x1005.jpeg 1536w, https:\/\/prensa.sma.gob.ar\/wp-content\/uploads\/2025\/05\/WhatsApp-Image-2025-05-13-at-12.44.32-1-642x420.jpeg 642w, https:\/\/prensa.sma.gob.ar\/wp-content\/uploads\/2025\/05\/WhatsApp-Image-2025-05-13-at-12.44.32-1-696x455.jpeg 696w, https:\/\/prensa.sma.gob.ar\/wp-content\/uploads\/2025\/05\/WhatsApp-Image-2025-05-13-at-12.44.32-1-1068x699.jpeg 1068w, https:\/\/prensa.sma.gob.ar\/wp-content\/uploads\/2025\/05\/WhatsApp-Image-2025-05-13-at-12.44.32-1.jpeg 1600w\" sizes=\"auto, (max-width: 1024px) 100vw, 1024px\" \/><\/figure>\n\n\n\n<figure class=\"wp-block-image size-large\"><img loading=\"lazy\" decoding=\"async\" width=\"1024\" height=\"651\" data-id=\"7153\" src=\"https:\/\/prensa.sma.gob.ar\/wp-content\/uploads\/2025\/05\/WhatsApp-Image-2025-05-13-at-12.44.32-1024x651.jpeg\" alt=\"\" class=\"wp-image-7153\" srcset=\"https:\/\/prensa.sma.gob.ar\/wp-content\/uploads\/2025\/05\/WhatsApp-Image-2025-05-13-at-12.44.32-1024x651.jpeg 1024w, https:\/\/prensa.sma.gob.ar\/wp-content\/uploads\/2025\/05\/WhatsApp-Image-2025-05-13-at-12.44.32-300x191.jpeg 300w, https:\/\/prensa.sma.gob.ar\/wp-content\/uploads\/2025\/05\/WhatsApp-Image-2025-05-13-at-12.44.32-768x488.jpeg 768w, https:\/\/prensa.sma.gob.ar\/wp-content\/uploads\/2025\/05\/WhatsApp-Image-2025-05-13-at-12.44.32-1536x976.jpeg 1536w, https:\/\/prensa.sma.gob.ar\/wp-content\/uploads\/2025\/05\/WhatsApp-Image-2025-05-13-at-12.44.32-661x420.jpeg 661w, https:\/\/prensa.sma.gob.ar\/wp-content\/uploads\/2025\/05\/WhatsApp-Image-2025-05-13-at-12.44.32-696x442.jpeg 696w, https:\/\/prensa.sma.gob.ar\/wp-content\/uploads\/2025\/05\/WhatsApp-Image-2025-05-13-at-12.44.32-1068x679.jpeg 1068w, https:\/\/prensa.sma.gob.ar\/wp-content\/uploads\/2025\/05\/WhatsApp-Image-2025-05-13-at-12.44.32.jpeg 1600w\" sizes=\"auto, (max-width: 1024px) 100vw, 1024px\" \/><\/figure>\n\n\n\n<figure class=\"wp-block-image size-large\"><img loading=\"lazy\" decoding=\"async\" width=\"1024\" height=\"600\" data-id=\"7155\" src=\"https:\/\/prensa.sma.gob.ar\/wp-content\/uploads\/2025\/05\/WhatsApp-Image-2025-05-13-at-12.44.31-2-1024x600.jpeg\" alt=\"\" class=\"wp-image-7155\" srcset=\"https:\/\/prensa.sma.gob.ar\/wp-content\/uploads\/2025\/05\/WhatsApp-Image-2025-05-13-at-12.44.31-2-1024x600.jpeg 1024w, https:\/\/prensa.sma.gob.ar\/wp-content\/uploads\/2025\/05\/WhatsApp-Image-2025-05-13-at-12.44.31-2-300x176.jpeg 300w, https:\/\/prensa.sma.gob.ar\/wp-content\/uploads\/2025\/05\/WhatsApp-Image-2025-05-13-at-12.44.31-2-768x450.jpeg 768w, https:\/\/prensa.sma.gob.ar\/wp-content\/uploads\/2025\/05\/WhatsApp-Image-2025-05-13-at-12.44.31-2-1536x900.jpeg 1536w, https:\/\/prensa.sma.gob.ar\/wp-content\/uploads\/2025\/05\/WhatsApp-Image-2025-05-13-at-12.44.31-2-717x420.jpeg 717w, https:\/\/prensa.sma.gob.ar\/wp-content\/uploads\/2025\/05\/WhatsApp-Image-2025-05-13-at-12.44.31-2-696x408.jpeg 696w, https:\/\/prensa.sma.gob.ar\/wp-content\/uploads\/2025\/05\/WhatsApp-Image-2025-05-13-at-12.44.31-2-1068x625.jpeg 1068w, https:\/\/prensa.sma.gob.ar\/wp-content\/uploads\/2025\/05\/WhatsApp-Image-2025-05-13-at-12.44.31-2.jpeg 1600w\" sizes=\"auto, (max-width: 1024px) 100vw, 1024px\" \/><\/figure>\n<\/figure>\n\n\n\n<p><\/p>\n\n\n\n<p><\/p>\n","protected":false},"excerpt":{"rendered":"<p>El Gobierno de la Provincia y la Municipalidad firmaron un convenio de cooperaci\u00f3n para ejecutar la obra de tratamiento y disposici\u00f3n de barros provenientes de las Plantas de Tratamiento de Efluentes Cloacales de San Mart\u00edn de los Andes. El convenio fue firmado por el gobernador Rolando Figueroa y el intendente de Carlos Saloniti y all\u00ed [&hellip;]<\/p>\n","protected":false},"author":2,"featured_media":7154,"comment_status":"closed","ping_status":"open","sticky":false,"template":"","format":"standard","meta":{"footnotes":""},"categories":[16,14,19,17],"tags":[],"class_list":{"0":"post-7175","1":"post","2":"type-post","3":"status-publish","4":"format-standard","5":"has-post-thumbnail","7":"category-destacadas","8":"category-noticias","9":"category-obras-y-servicios-publicos","10":"category-portada"},"_links":{"self":[{"href":"https:\/\/prensa.sma.gob.ar\/index.php?rest_route=\/wp\/v2\/posts\/7175","targetHints":{"allow":["GET"]}}],"collection":[{"href":"https:\/\/prensa.sma.gob.ar\/index.php?rest_route=\/wp\/v2\/posts"}],"about":[{"href":"https:\/\/prensa.sma.gob.ar\/index.php?rest_route=\/wp\/v2\/types\/post"}],"author":[{"embeddable":true,"href":"https:\/\/prensa.sma.gob.ar\/index.php?rest_route=\/wp\/v2\/users\/2"}],"replies":[{"embeddable":true,"href":"https:\/\/prensa.sma.gob.ar\/index.php?rest_route=%2Fwp%2Fv2%2Fcomments&post=7175"}],"version-history":[{"count":1,"href":"https:\/\/prensa.sma.gob.ar\/index.php?rest_route=\/wp\/v2\/posts\/7175\/revisions"}],"predecessor-version":[{"id":7183,"href":"https:\/\/prensa.sma.gob.ar\/index.php?rest_route=\/wp\/v2\/posts\/7175\/revisions\/7183"}],"wp:featuredmedia":[{"embeddable":true,"href":"https:\/\/prensa.sma.gob.ar\/index.php?rest_route=\/wp\/v2\/media\/7154"}],"wp:attachment":[{"href":"https:\/\/prensa.sma.gob.ar\/index.php?rest_route=%2Fwp%2Fv2%2Fmedia&parent=7175"}],"wp:term":[{"taxonomy":"category","embeddable":true,"href":"https:\/\/prensa.sma.gob.ar\/index.php?rest_route=%2Fwp%2Fv2%2Fcategories&post=7175"},{"taxonomy":"post_tag","embeddable":true,"href":"https:\/\/prensa.sma.gob.ar\/index.php?rest_route=%2Fwp%2Fv2%2Ftags&post=7175"}],"curies":[{"name":"wp","href":"https:\/\/api.w.org\/{rel}","templated":true}]}}