{"id":719,"date":"2024-06-28T17:31:47","date_gmt":"2024-06-28T17:31:47","guid":{"rendered":"https:\/\/prensa.sma.gob.ar\/?p=719"},"modified":"2024-06-28T17:33:06","modified_gmt":"2024-06-28T17:33:06","slug":"trabajos-de-poda-de-espacios-verdes","status":"publish","type":"post","link":"https:\/\/prensa.sma.gob.ar\/?p=719","title":{"rendered":"Trabajos de poda en El Arenal y en Altos del Sol"},"content":{"rendered":"\n<p>Personal de la Direcci\u00f3n de Espacios Verdes realiz\u00f3 este viernes tareas de poda en calles Los Robles y Amancay, en barrio Altos del Sol, y en calle Los Pinos, barrio El Arenal.<\/p>\n\n\n\n<p>Adem\u00e1s, continuaron las tareas de recolecci\u00f3n de poda en diferentes sectores de la ciudad y la preparaci\u00f3n de esquejes de rosas.<\/p>\n\n\n\n<figure class=\"wp-block-gallery has-nested-images columns-default is-cropped wp-block-gallery-1 is-layout-flex wp-block-gallery-is-layout-flex\">\n<figure class=\"wp-block-image size-large\"><img loading=\"lazy\" decoding=\"async\" width=\"1024\" height=\"576\" data-id=\"721\" src=\"https:\/\/prensa.sma.gob.ar\/wp-content\/uploads\/2024\/06\/WhatsApp-Image-2024-06-28-at-12.23.152-1024x576.jpeg\" alt=\"\" class=\"wp-image-721\" srcset=\"https:\/\/prensa.sma.gob.ar\/wp-content\/uploads\/2024\/06\/WhatsApp-Image-2024-06-28-at-12.23.152-1024x576.jpeg 1024w, https:\/\/prensa.sma.gob.ar\/wp-content\/uploads\/2024\/06\/WhatsApp-Image-2024-06-28-at-12.23.152-300x169.jpeg 300w, https:\/\/prensa.sma.gob.ar\/wp-content\/uploads\/2024\/06\/WhatsApp-Image-2024-06-28-at-12.23.152-768x432.jpeg 768w, https:\/\/prensa.sma.gob.ar\/wp-content\/uploads\/2024\/06\/WhatsApp-Image-2024-06-28-at-12.23.152-1536x864.jpeg 1536w, https:\/\/prensa.sma.gob.ar\/wp-content\/uploads\/2024\/06\/WhatsApp-Image-2024-06-28-at-12.23.152-747x420.jpeg 747w, https:\/\/prensa.sma.gob.ar\/wp-content\/uploads\/2024\/06\/WhatsApp-Image-2024-06-28-at-12.23.152-696x392.jpeg 696w, https:\/\/prensa.sma.gob.ar\/wp-content\/uploads\/2024\/06\/WhatsApp-Image-2024-06-28-at-12.23.152-1068x601.jpeg 1068w, https:\/\/prensa.sma.gob.ar\/wp-content\/uploads\/2024\/06\/WhatsApp-Image-2024-06-28-at-12.23.152.jpeg 1600w\" sizes=\"auto, (max-width: 1024px) 100vw, 1024px\" \/><\/figure>\n\n\n\n<figure class=\"wp-block-image size-large\"><img loading=\"lazy\" decoding=\"async\" width=\"1024\" height=\"576\" data-id=\"722\" src=\"https:\/\/prensa.sma.gob.ar\/wp-content\/uploads\/2024\/06\/WhatsApp-Image-2024-06-28-at-12.23.15-1024x576.jpeg\" alt=\"\" class=\"wp-image-722\" srcset=\"https:\/\/prensa.sma.gob.ar\/wp-content\/uploads\/2024\/06\/WhatsApp-Image-2024-06-28-at-12.23.15-1024x576.jpeg 1024w, https:\/\/prensa.sma.gob.ar\/wp-content\/uploads\/2024\/06\/WhatsApp-Image-2024-06-28-at-12.23.15-300x169.jpeg 300w, https:\/\/prensa.sma.gob.ar\/wp-content\/uploads\/2024\/06\/WhatsApp-Image-2024-06-28-at-12.23.15-768x432.jpeg 768w, https:\/\/prensa.sma.gob.ar\/wp-content\/uploads\/2024\/06\/WhatsApp-Image-2024-06-28-at-12.23.15-1536x864.jpeg 1536w, https:\/\/prensa.sma.gob.ar\/wp-content\/uploads\/2024\/06\/WhatsApp-Image-2024-06-28-at-12.23.15-747x420.jpeg 747w, https:\/\/prensa.sma.gob.ar\/wp-content\/uploads\/2024\/06\/WhatsApp-Image-2024-06-28-at-12.23.15-696x392.jpeg 696w, https:\/\/prensa.sma.gob.ar\/wp-content\/uploads\/2024\/06\/WhatsApp-Image-2024-06-28-at-12.23.15-1068x601.jpeg 1068w, https:\/\/prensa.sma.gob.ar\/wp-content\/uploads\/2024\/06\/WhatsApp-Image-2024-06-28-at-12.23.15.jpeg 1600w\" sizes=\"auto, (max-width: 1024px) 100vw, 1024px\" \/><\/figure>\n\n\n\n<figure class=\"wp-block-image size-large\"><img loading=\"lazy\" decoding=\"async\" width=\"1024\" height=\"768\" data-id=\"723\" src=\"https:\/\/prensa.sma.gob.ar\/wp-content\/uploads\/2024\/06\/WhatsApp-Image-2024-06-28-at-12.23.132-1024x768.jpeg\" alt=\"\" class=\"wp-image-723\" srcset=\"https:\/\/prensa.sma.gob.ar\/wp-content\/uploads\/2024\/06\/WhatsApp-Image-2024-06-28-at-12.23.132-1024x768.jpeg 1024w, https:\/\/prensa.sma.gob.ar\/wp-content\/uploads\/2024\/06\/WhatsApp-Image-2024-06-28-at-12.23.132-300x225.jpeg 300w, https:\/\/prensa.sma.gob.ar\/wp-content\/uploads\/2024\/06\/WhatsApp-Image-2024-06-28-at-12.23.132-768x576.jpeg 768w, https:\/\/prensa.sma.gob.ar\/wp-content\/uploads\/2024\/06\/WhatsApp-Image-2024-06-28-at-12.23.132-1536x1152.jpeg 1536w, https:\/\/prensa.sma.gob.ar\/wp-content\/uploads\/2024\/06\/WhatsApp-Image-2024-06-28-at-12.23.132-560x420.jpeg 560w, https:\/\/prensa.sma.gob.ar\/wp-content\/uploads\/2024\/06\/WhatsApp-Image-2024-06-28-at-12.23.132-80x60.jpeg 80w, https:\/\/prensa.sma.gob.ar\/wp-content\/uploads\/2024\/06\/WhatsApp-Image-2024-06-28-at-12.23.132-696x522.jpeg 696w, https:\/\/prensa.sma.gob.ar\/wp-content\/uploads\/2024\/06\/WhatsApp-Image-2024-06-28-at-12.23.132-1068x801.jpeg 1068w, https:\/\/prensa.sma.gob.ar\/wp-content\/uploads\/2024\/06\/WhatsApp-Image-2024-06-28-at-12.23.132.jpeg 1600w\" sizes=\"auto, (max-width: 1024px) 100vw, 1024px\" \/><\/figure>\n<\/figure>\n","protected":false},"excerpt":{"rendered":"<p>Personal de la Direcci\u00f3n de Espacios Verdes realiz\u00f3 este viernes tareas de poda en calles Los Robles y Amancay, en barrio Altos del Sol, y en calle Los Pinos, barrio El Arenal. Adem\u00e1s, continuaron las tareas de recolecci\u00f3n de poda en diferentes sectores de la ciudad y la preparaci\u00f3n de esquejes de rosas.<\/p>\n","protected":false},"author":1,"featured_media":720,"comment_status":"closed","ping_status":"open","sticky":false,"template":"","format":"standard","meta":{"footnotes":""},"categories":[14,19,21],"tags":[],"class_list":{"0":"post-719","1":"post","2":"type-post","3":"status-publish","4":"format-standard","5":"has-post-thumbnail","7":"category-noticias","8":"category-obras-y-servicios-publicos","9":"category-parques"},"_links":{"self":[{"href":"https:\/\/prensa.sma.gob.ar\/index.php?rest_route=\/wp\/v2\/posts\/719","targetHints":{"allow":["GET"]}}],"collection":[{"href":"https:\/\/prensa.sma.gob.ar\/index.php?rest_route=\/wp\/v2\/posts"}],"about":[{"href":"https:\/\/prensa.sma.gob.ar\/index.php?rest_route=\/wp\/v2\/types\/post"}],"author":[{"embeddable":true,"href":"https:\/\/prensa.sma.gob.ar\/index.php?rest_route=\/wp\/v2\/users\/1"}],"replies":[{"embeddable":true,"href":"https:\/\/prensa.sma.gob.ar\/index.php?rest_route=%2Fwp%2Fv2%2Fcomments&post=719"}],"version-history":[{"count":2,"href":"https:\/\/prensa.sma.gob.ar\/index.php?rest_route=\/wp\/v2\/posts\/719\/revisions"}],"predecessor-version":[{"id":725,"href":"https:\/\/prensa.sma.gob.ar\/index.php?rest_route=\/wp\/v2\/posts\/719\/revisions\/725"}],"wp:featuredmedia":[{"embeddable":true,"href":"https:\/\/prensa.sma.gob.ar\/index.php?rest_route=\/wp\/v2\/media\/720"}],"wp:attachment":[{"href":"https:\/\/prensa.sma.gob.ar\/index.php?rest_route=%2Fwp%2Fv2%2Fmedia&parent=719"}],"wp:term":[{"taxonomy":"category","embeddable":true,"href":"https:\/\/prensa.sma.gob.ar\/index.php?rest_route=%2Fwp%2Fv2%2Fcategories&post=719"},{"taxonomy":"post_tag","embeddable":true,"href":"https:\/\/prensa.sma.gob.ar\/index.php?rest_route=%2Fwp%2Fv2%2Ftags&post=719"}],"curies":[{"name":"wp","href":"https:\/\/api.w.org\/{rel}","templated":true}]}}