{"id":7231,"date":"2025-05-19T15:32:29","date_gmt":"2025-05-19T15:32:29","guid":{"rendered":"https:\/\/prensa.sma.gob.ar\/?p=7231"},"modified":"2025-05-19T15:32:31","modified_gmt":"2025-05-19T15:32:31","slug":"vuelven-el-apoyo-escolar-y-la-hora-del-cuento-al-cic-de-cordones-de-chapelco","status":"publish","type":"post","link":"https:\/\/prensa.sma.gob.ar\/?p=7231","title":{"rendered":"\u00a1Vuelven el Apoyo Escolar y la Hora del Cuento al CIC de Cordones de Chapelco!"},"content":{"rendered":"\n<p>A partir de este martes 20 de mayo, retomamos nuestras actividades pensadas para ni\u00f1os y ni\u00f1as de nivel primario:<\/p>\n\n\n\n<p>Apoyo Escolar: un espacio para acompa\u00f1ar y fortalecer el aprendizaje.<\/p>\n\n\n\n<p>La hora del Cuento: para viajar con la imaginaci\u00f3n y disfrutar de la lectura compartida.<\/p>\n\n\n\n<p>La Hora del Cuento estar\u00e1 a cargo de Cintia Valenzuela, coordinadora del CIC, junto a Laura Mignaco docente jubilada con mucha vocaci\u00f3n.<\/p>\n\n\n\n<p>\u00a1Los\/las esperamos con muchas ganas de aprender y compartir!<\/p>\n\n\n\n<p>Para m\u00e1s informaci\u00f3n, pueden comunicarse con Cintia Valenzuela al: +54 9 2944 70-6309 o acercarse por las ma\u00f1anas al CIC.<\/p>\n","protected":false},"excerpt":{"rendered":"<p>A partir de este martes 20 de mayo, retomamos nuestras actividades pensadas para ni\u00f1os y ni\u00f1as de nivel primario: Apoyo Escolar: un espacio para acompa\u00f1ar y fortalecer el aprendizaje. La hora del Cuento: para viajar con la imaginaci\u00f3n y disfrutar de la lectura compartida. La Hora del Cuento estar\u00e1 a cargo de Cintia Valenzuela, coordinadora [&hellip;]<\/p>\n","protected":false},"author":1,"featured_media":7232,"comment_status":"closed","ping_status":"open","sticky":false,"template":"","format":"standard","meta":{"footnotes":""},"categories":[16,9,11,14],"tags":[],"class_list":{"0":"post-7231","1":"post","2":"type-post","3":"status-publish","4":"format-standard","5":"has-post-thumbnail","7":"category-destacadas","8":"category-educacion","9":"category-gobierno","10":"category-noticias"},"_links":{"self":[{"href":"https:\/\/prensa.sma.gob.ar\/index.php?rest_route=\/wp\/v2\/posts\/7231","targetHints":{"allow":["GET"]}}],"collection":[{"href":"https:\/\/prensa.sma.gob.ar\/index.php?rest_route=\/wp\/v2\/posts"}],"about":[{"href":"https:\/\/prensa.sma.gob.ar\/index.php?rest_route=\/wp\/v2\/types\/post"}],"author":[{"embeddable":true,"href":"https:\/\/prensa.sma.gob.ar\/index.php?rest_route=\/wp\/v2\/users\/1"}],"replies":[{"embeddable":true,"href":"https:\/\/prensa.sma.gob.ar\/index.php?rest_route=%2Fwp%2Fv2%2Fcomments&post=7231"}],"version-history":[{"count":1,"href":"https:\/\/prensa.sma.gob.ar\/index.php?rest_route=\/wp\/v2\/posts\/7231\/revisions"}],"predecessor-version":[{"id":7233,"href":"https:\/\/prensa.sma.gob.ar\/index.php?rest_route=\/wp\/v2\/posts\/7231\/revisions\/7233"}],"wp:featuredmedia":[{"embeddable":true,"href":"https:\/\/prensa.sma.gob.ar\/index.php?rest_route=\/wp\/v2\/media\/7232"}],"wp:attachment":[{"href":"https:\/\/prensa.sma.gob.ar\/index.php?rest_route=%2Fwp%2Fv2%2Fmedia&parent=7231"}],"wp:term":[{"taxonomy":"category","embeddable":true,"href":"https:\/\/prensa.sma.gob.ar\/index.php?rest_route=%2Fwp%2Fv2%2Fcategories&post=7231"},{"taxonomy":"post_tag","embeddable":true,"href":"https:\/\/prensa.sma.gob.ar\/index.php?rest_route=%2Fwp%2Fv2%2Ftags&post=7231"}],"curies":[{"name":"wp","href":"https:\/\/api.w.org\/{rel}","templated":true}]}}