{"id":7234,"date":"2025-05-19T16:55:56","date_gmt":"2025-05-19T16:55:56","guid":{"rendered":"https:\/\/prensa.sma.gob.ar\/?p=7234"},"modified":"2025-05-19T16:55:59","modified_gmt":"2025-05-19T16:55:59","slug":"el-intendente-carlos-saloniti-participo-del-acto-por-el-aniversario-no-83-del-escuadron-de-gendarmeria-nacional-de-nuestra-ciudad","status":"publish","type":"post","link":"https:\/\/prensa.sma.gob.ar\/?p=7234","title":{"rendered":"El intendente Carlos Saloniti particip\u00f3 del acto por el aniversario N\u00ba 83 del Escuadr\u00f3n de Gendarmer\u00eda Nacional de nuestra ciudad"},"content":{"rendered":"\n<p>El acto estuvo encabezado por los m\u00e1ximos jefes de Gendarmer\u00eda Nacional en nuestra regi\u00f3n, el jefe de la Agrupaci\u00f3n XII Comahue, comandante principal Juan Eduardo Kailer; y el jefe del Escuadr\u00f3n 33, comandante principal Ariel Alberto Oliveira.<\/p>\n\n\n\n<p>Durante el acto fueron recordados los primeros cuatro oficiales, cuatro suboficiales y 46 gendarmes que constituyeron el actual Escuadr\u00f3n 33, el 19 de mayo de 1942. La hija de uno de aquellos hombres, el suboficial Troncoso, fallecido en 2016 a los 101 a\u00f1os, ley\u00f3 un poema dedicado a su padre.<\/p>\n\n\n\n<p>\u201cAquellos hombres llegaron a la regi\u00f3n para cumplir con la misi\u00f3n de custodiar la Frontera Sur del territorio argentino y velar por el orden y la seguridad p\u00fablica de la regi\u00f3n, en un contexto nacional que exig\u00eda consolidar la presencia del Estado en las regiones m\u00e1s australes del pa\u00eds\u201d, record\u00f3 Oliveira.<\/p>\n\n\n\n<p>En su discurso por este aniversario, el comandante principal Oliveira agreg\u00f3 que \u201cestos hombres fueron capaces de adaptarse a la adversidades propias del lugar, enalteciendo el desempe\u00f1o de sus funciones a favor de la patria y de su ciudadan\u00eda\u201d.<\/p>\n\n\n\n<p>Record\u00f3 que \u201cen este escuadr\u00f3n, Gendarmer\u00eda no solo ha tenido la responsabilidad de velar por la seguridad de nuestras fronteras, defendiendo la soberan\u00eda nacional, sino que tambi\u00e9n ha colaborado y protegido a los habitantes de San Mart\u00edn y de Jun\u00edn de los Andes\u201d.<\/p>\n\n\n\n<p>\u201cA los largo de 83 a\u00f1os nuestros gendarmes patrullaron caminos, resguardaron fronteras, asistieron a la poblaci\u00f3n en casos de desastres naturales, participaron en operativos de seguridad y colaboraron de manera estrecha con otras instituciones del estado\u201d, afirm\u00f3.<\/p>\n\n\n\n<figure class=\"wp-block-gallery has-nested-images columns-default is-cropped wp-block-gallery-1 is-layout-flex wp-block-gallery-is-layout-flex\">\n<figure class=\"wp-block-image size-large\"><img loading=\"lazy\" decoding=\"async\" width=\"1024\" height=\"576\" data-id=\"7249\" src=\"https:\/\/prensa.sma.gob.ar\/wp-content\/uploads\/2025\/05\/GENDARMERIA-1-1-1024x576.jpeg\" alt=\"\" class=\"wp-image-7249\" srcset=\"https:\/\/prensa.sma.gob.ar\/wp-content\/uploads\/2025\/05\/GENDARMERIA-1-1-1024x576.jpeg 1024w, https:\/\/prensa.sma.gob.ar\/wp-content\/uploads\/2025\/05\/GENDARMERIA-1-1-300x169.jpeg 300w, https:\/\/prensa.sma.gob.ar\/wp-content\/uploads\/2025\/05\/GENDARMERIA-1-1-768x432.jpeg 768w, https:\/\/prensa.sma.gob.ar\/wp-content\/uploads\/2025\/05\/GENDARMERIA-1-1-1536x864.jpeg 1536w, https:\/\/prensa.sma.gob.ar\/wp-content\/uploads\/2025\/05\/GENDARMERIA-1-1-747x420.jpeg 747w, https:\/\/prensa.sma.gob.ar\/wp-content\/uploads\/2025\/05\/GENDARMERIA-1-1-696x392.jpeg 696w, https:\/\/prensa.sma.gob.ar\/wp-content\/uploads\/2025\/05\/GENDARMERIA-1-1-1068x601.jpeg 1068w, https:\/\/prensa.sma.gob.ar\/wp-content\/uploads\/2025\/05\/GENDARMERIA-1-1.jpeg 1600w\" sizes=\"auto, (max-width: 1024px) 100vw, 1024px\" \/><\/figure>\n\n\n\n<figure class=\"wp-block-image size-large\"><img loading=\"lazy\" decoding=\"async\" width=\"1024\" height=\"576\" data-id=\"7248\" src=\"https:\/\/prensa.sma.gob.ar\/wp-content\/uploads\/2025\/05\/GENDARMERIA-2-1-1024x576.jpeg\" alt=\"\" class=\"wp-image-7248\" srcset=\"https:\/\/prensa.sma.gob.ar\/wp-content\/uploads\/2025\/05\/GENDARMERIA-2-1-1024x576.jpeg 1024w, https:\/\/prensa.sma.gob.ar\/wp-content\/uploads\/2025\/05\/GENDARMERIA-2-1-300x169.jpeg 300w, https:\/\/prensa.sma.gob.ar\/wp-content\/uploads\/2025\/05\/GENDARMERIA-2-1-768x432.jpeg 768w, https:\/\/prensa.sma.gob.ar\/wp-content\/uploads\/2025\/05\/GENDARMERIA-2-1-1536x864.jpeg 1536w, https:\/\/prensa.sma.gob.ar\/wp-content\/uploads\/2025\/05\/GENDARMERIA-2-1-747x420.jpeg 747w, https:\/\/prensa.sma.gob.ar\/wp-content\/uploads\/2025\/05\/GENDARMERIA-2-1-696x392.jpeg 696w, https:\/\/prensa.sma.gob.ar\/wp-content\/uploads\/2025\/05\/GENDARMERIA-2-1-1068x601.jpeg 1068w, https:\/\/prensa.sma.gob.ar\/wp-content\/uploads\/2025\/05\/GENDARMERIA-2-1.jpeg 1600w\" sizes=\"auto, (max-width: 1024px) 100vw, 1024px\" \/><\/figure>\n\n\n\n<figure class=\"wp-block-image size-large\"><img loading=\"lazy\" decoding=\"async\" width=\"1024\" height=\"576\" data-id=\"7246\" src=\"https:\/\/prensa.sma.gob.ar\/wp-content\/uploads\/2025\/05\/GENDARMERIA-3-1-1024x576.jpeg\" alt=\"\" class=\"wp-image-7246\" srcset=\"https:\/\/prensa.sma.gob.ar\/wp-content\/uploads\/2025\/05\/GENDARMERIA-3-1-1024x576.jpeg 1024w, https:\/\/prensa.sma.gob.ar\/wp-content\/uploads\/2025\/05\/GENDARMERIA-3-1-300x169.jpeg 300w, https:\/\/prensa.sma.gob.ar\/wp-content\/uploads\/2025\/05\/GENDARMERIA-3-1-768x432.jpeg 768w, https:\/\/prensa.sma.gob.ar\/wp-content\/uploads\/2025\/05\/GENDARMERIA-3-1-1536x864.jpeg 1536w, https:\/\/prensa.sma.gob.ar\/wp-content\/uploads\/2025\/05\/GENDARMERIA-3-1-747x420.jpeg 747w, https:\/\/prensa.sma.gob.ar\/wp-content\/uploads\/2025\/05\/GENDARMERIA-3-1-696x392.jpeg 696w, https:\/\/prensa.sma.gob.ar\/wp-content\/uploads\/2025\/05\/GENDARMERIA-3-1-1068x601.jpeg 1068w, https:\/\/prensa.sma.gob.ar\/wp-content\/uploads\/2025\/05\/GENDARMERIA-3-1.jpeg 1600w\" sizes=\"auto, (max-width: 1024px) 100vw, 1024px\" \/><\/figure>\n\n\n\n<figure class=\"wp-block-image size-large\"><img loading=\"lazy\" decoding=\"async\" width=\"1024\" height=\"576\" data-id=\"7247\" src=\"https:\/\/prensa.sma.gob.ar\/wp-content\/uploads\/2025\/05\/GENDARMERIA-4-1024x576.jpeg\" alt=\"\" class=\"wp-image-7247\" srcset=\"https:\/\/prensa.sma.gob.ar\/wp-content\/uploads\/2025\/05\/GENDARMERIA-4-1024x576.jpeg 1024w, https:\/\/prensa.sma.gob.ar\/wp-content\/uploads\/2025\/05\/GENDARMERIA-4-300x169.jpeg 300w, https:\/\/prensa.sma.gob.ar\/wp-content\/uploads\/2025\/05\/GENDARMERIA-4-768x432.jpeg 768w, https:\/\/prensa.sma.gob.ar\/wp-content\/uploads\/2025\/05\/GENDARMERIA-4-1536x864.jpeg 1536w, https:\/\/prensa.sma.gob.ar\/wp-content\/uploads\/2025\/05\/GENDARMERIA-4-747x420.jpeg 747w, https:\/\/prensa.sma.gob.ar\/wp-content\/uploads\/2025\/05\/GENDARMERIA-4-696x392.jpeg 696w, https:\/\/prensa.sma.gob.ar\/wp-content\/uploads\/2025\/05\/GENDARMERIA-4-1068x601.jpeg 1068w, https:\/\/prensa.sma.gob.ar\/wp-content\/uploads\/2025\/05\/GENDARMERIA-4.jpeg 1600w\" sizes=\"auto, (max-width: 1024px) 100vw, 1024px\" \/><\/figure>\n\n\n\n<figure class=\"wp-block-image size-large\"><img loading=\"lazy\" decoding=\"async\" width=\"1024\" height=\"628\" data-id=\"7250\" src=\"https:\/\/prensa.sma.gob.ar\/wp-content\/uploads\/2025\/05\/GENDARMERIA-5-1-1024x628.jpeg\" alt=\"\" class=\"wp-image-7250\" srcset=\"https:\/\/prensa.sma.gob.ar\/wp-content\/uploads\/2025\/05\/GENDARMERIA-5-1-1024x628.jpeg 1024w, https:\/\/prensa.sma.gob.ar\/wp-content\/uploads\/2025\/05\/GENDARMERIA-5-1-300x184.jpeg 300w, https:\/\/prensa.sma.gob.ar\/wp-content\/uploads\/2025\/05\/GENDARMERIA-5-1-768x471.jpeg 768w, https:\/\/prensa.sma.gob.ar\/wp-content\/uploads\/2025\/05\/GENDARMERIA-5-1-1536x943.jpeg 1536w, https:\/\/prensa.sma.gob.ar\/wp-content\/uploads\/2025\/05\/GENDARMERIA-5-1-684x420.jpeg 684w, https:\/\/prensa.sma.gob.ar\/wp-content\/uploads\/2025\/05\/GENDARMERIA-5-1-696x427.jpeg 696w, https:\/\/prensa.sma.gob.ar\/wp-content\/uploads\/2025\/05\/GENDARMERIA-5-1-1068x655.jpeg 1068w, https:\/\/prensa.sma.gob.ar\/wp-content\/uploads\/2025\/05\/GENDARMERIA-5-1.jpeg 1600w\" sizes=\"auto, (max-width: 1024px) 100vw, 1024px\" \/><\/figure>\n\n\n\n<figure class=\"wp-block-image size-large\"><img loading=\"lazy\" decoding=\"async\" width=\"1024\" height=\"573\" data-id=\"7251\" src=\"https:\/\/prensa.sma.gob.ar\/wp-content\/uploads\/2025\/05\/GENDARMERIA-6-1-1024x573.jpeg\" alt=\"\" class=\"wp-image-7251\" srcset=\"https:\/\/prensa.sma.gob.ar\/wp-content\/uploads\/2025\/05\/GENDARMERIA-6-1-1024x573.jpeg 1024w, https:\/\/prensa.sma.gob.ar\/wp-content\/uploads\/2025\/05\/GENDARMERIA-6-1-300x168.jpeg 300w, https:\/\/prensa.sma.gob.ar\/wp-content\/uploads\/2025\/05\/GENDARMERIA-6-1-768x430.jpeg 768w, https:\/\/prensa.sma.gob.ar\/wp-content\/uploads\/2025\/05\/GENDARMERIA-6-1-1536x860.jpeg 1536w, https:\/\/prensa.sma.gob.ar\/wp-content\/uploads\/2025\/05\/GENDARMERIA-6-1-750x420.jpeg 750w, https:\/\/prensa.sma.gob.ar\/wp-content\/uploads\/2025\/05\/GENDARMERIA-6-1-696x390.jpeg 696w, https:\/\/prensa.sma.gob.ar\/wp-content\/uploads\/2025\/05\/GENDARMERIA-6-1-1068x598.jpeg 1068w, https:\/\/prensa.sma.gob.ar\/wp-content\/uploads\/2025\/05\/GENDARMERIA-6-1.jpeg 1600w\" sizes=\"auto, (max-width: 1024px) 100vw, 1024px\" \/><\/figure>\n\n\n\n<figure class=\"wp-block-image size-large\"><img loading=\"lazy\" decoding=\"async\" width=\"1024\" height=\"576\" data-id=\"7253\" src=\"https:\/\/prensa.sma.gob.ar\/wp-content\/uploads\/2025\/05\/GENDARMERIA-7-1-1024x576.jpeg\" alt=\"\" class=\"wp-image-7253\" srcset=\"https:\/\/prensa.sma.gob.ar\/wp-content\/uploads\/2025\/05\/GENDARMERIA-7-1-1024x576.jpeg 1024w, https:\/\/prensa.sma.gob.ar\/wp-content\/uploads\/2025\/05\/GENDARMERIA-7-1-300x169.jpeg 300w, https:\/\/prensa.sma.gob.ar\/wp-content\/uploads\/2025\/05\/GENDARMERIA-7-1-768x432.jpeg 768w, https:\/\/prensa.sma.gob.ar\/wp-content\/uploads\/2025\/05\/GENDARMERIA-7-1-1536x864.jpeg 1536w, https:\/\/prensa.sma.gob.ar\/wp-content\/uploads\/2025\/05\/GENDARMERIA-7-1-747x420.jpeg 747w, https:\/\/prensa.sma.gob.ar\/wp-content\/uploads\/2025\/05\/GENDARMERIA-7-1-696x392.jpeg 696w, https:\/\/prensa.sma.gob.ar\/wp-content\/uploads\/2025\/05\/GENDARMERIA-7-1-1068x601.jpeg 1068w, https:\/\/prensa.sma.gob.ar\/wp-content\/uploads\/2025\/05\/GENDARMERIA-7-1.jpeg 1600w\" sizes=\"auto, (max-width: 1024px) 100vw, 1024px\" \/><\/figure>\n\n\n\n<figure class=\"wp-block-image size-large\"><img loading=\"lazy\" decoding=\"async\" width=\"1024\" height=\"576\" data-id=\"7252\" src=\"https:\/\/prensa.sma.gob.ar\/wp-content\/uploads\/2025\/05\/GENDARMERIA-8-1-1024x576.jpeg\" alt=\"\" class=\"wp-image-7252\" srcset=\"https:\/\/prensa.sma.gob.ar\/wp-content\/uploads\/2025\/05\/GENDARMERIA-8-1-1024x576.jpeg 1024w, https:\/\/prensa.sma.gob.ar\/wp-content\/uploads\/2025\/05\/GENDARMERIA-8-1-300x169.jpeg 300w, https:\/\/prensa.sma.gob.ar\/wp-content\/uploads\/2025\/05\/GENDARMERIA-8-1-768x432.jpeg 768w, https:\/\/prensa.sma.gob.ar\/wp-content\/uploads\/2025\/05\/GENDARMERIA-8-1-1536x864.jpeg 1536w, https:\/\/prensa.sma.gob.ar\/wp-content\/uploads\/2025\/05\/GENDARMERIA-8-1-747x420.jpeg 747w, https:\/\/prensa.sma.gob.ar\/wp-content\/uploads\/2025\/05\/GENDARMERIA-8-1-696x392.jpeg 696w, https:\/\/prensa.sma.gob.ar\/wp-content\/uploads\/2025\/05\/GENDARMERIA-8-1-1068x601.jpeg 1068w, https:\/\/prensa.sma.gob.ar\/wp-content\/uploads\/2025\/05\/GENDARMERIA-8-1.jpeg 1600w\" sizes=\"auto, (max-width: 1024px) 100vw, 1024px\" \/><\/figure>\n\n\n\n<figure class=\"wp-block-image size-large\"><img loading=\"lazy\" decoding=\"async\" width=\"1024\" height=\"576\" data-id=\"7256\" src=\"https:\/\/prensa.sma.gob.ar\/wp-content\/uploads\/2025\/05\/GENDARMERIA-10-1024x576.jpeg\" alt=\"\" class=\"wp-image-7256\" srcset=\"https:\/\/prensa.sma.gob.ar\/wp-content\/uploads\/2025\/05\/GENDARMERIA-10-1024x576.jpeg 1024w, https:\/\/prensa.sma.gob.ar\/wp-content\/uploads\/2025\/05\/GENDARMERIA-10-300x169.jpeg 300w, https:\/\/prensa.sma.gob.ar\/wp-content\/uploads\/2025\/05\/GENDARMERIA-10-768x432.jpeg 768w, https:\/\/prensa.sma.gob.ar\/wp-content\/uploads\/2025\/05\/GENDARMERIA-10-1536x864.jpeg 1536w, https:\/\/prensa.sma.gob.ar\/wp-content\/uploads\/2025\/05\/GENDARMERIA-10-747x420.jpeg 747w, https:\/\/prensa.sma.gob.ar\/wp-content\/uploads\/2025\/05\/GENDARMERIA-10-696x392.jpeg 696w, https:\/\/prensa.sma.gob.ar\/wp-content\/uploads\/2025\/05\/GENDARMERIA-10-1068x601.jpeg 1068w, https:\/\/prensa.sma.gob.ar\/wp-content\/uploads\/2025\/05\/GENDARMERIA-10.jpeg 1600w\" sizes=\"auto, (max-width: 1024px) 100vw, 1024px\" \/><\/figure>\n<\/figure>\n","protected":false},"excerpt":{"rendered":"<p>El acto estuvo encabezado por los m\u00e1ximos jefes de Gendarmer\u00eda Nacional en nuestra regi\u00f3n, el jefe de la Agrupaci\u00f3n XII Comahue, comandante principal Juan Eduardo Kailer; y el jefe del Escuadr\u00f3n 33, comandante principal Ariel Alberto Oliveira. Durante el acto fueron recordados los primeros cuatro oficiales, cuatro suboficiales y 46 gendarmes que constituyeron el actual [&hellip;]<\/p>\n","protected":false},"author":1,"featured_media":7244,"comment_status":"closed","ping_status":"open","sticky":false,"template":"","format":"standard","meta":{"footnotes":""},"categories":[16,14],"tags":[],"class_list":{"0":"post-7234","1":"post","2":"type-post","3":"status-publish","4":"format-standard","5":"has-post-thumbnail","7":"category-destacadas","8":"category-noticias"},"_links":{"self":[{"href":"https:\/\/prensa.sma.gob.ar\/index.php?rest_route=\/wp\/v2\/posts\/7234","targetHints":{"allow":["GET"]}}],"collection":[{"href":"https:\/\/prensa.sma.gob.ar\/index.php?rest_route=\/wp\/v2\/posts"}],"about":[{"href":"https:\/\/prensa.sma.gob.ar\/index.php?rest_route=\/wp\/v2\/types\/post"}],"author":[{"embeddable":true,"href":"https:\/\/prensa.sma.gob.ar\/index.php?rest_route=\/wp\/v2\/users\/1"}],"replies":[{"embeddable":true,"href":"https:\/\/prensa.sma.gob.ar\/index.php?rest_route=%2Fwp%2Fv2%2Fcomments&post=7234"}],"version-history":[{"count":1,"href":"https:\/\/prensa.sma.gob.ar\/index.php?rest_route=\/wp\/v2\/posts\/7234\/revisions"}],"predecessor-version":[{"id":7257,"href":"https:\/\/prensa.sma.gob.ar\/index.php?rest_route=\/wp\/v2\/posts\/7234\/revisions\/7257"}],"wp:featuredmedia":[{"embeddable":true,"href":"https:\/\/prensa.sma.gob.ar\/index.php?rest_route=\/wp\/v2\/media\/7244"}],"wp:attachment":[{"href":"https:\/\/prensa.sma.gob.ar\/index.php?rest_route=%2Fwp%2Fv2%2Fmedia&parent=7234"}],"wp:term":[{"taxonomy":"category","embeddable":true,"href":"https:\/\/prensa.sma.gob.ar\/index.php?rest_route=%2Fwp%2Fv2%2Fcategories&post=7234"},{"taxonomy":"post_tag","embeddable":true,"href":"https:\/\/prensa.sma.gob.ar\/index.php?rest_route=%2Fwp%2Fv2%2Ftags&post=7234"}],"curies":[{"name":"wp","href":"https:\/\/api.w.org\/{rel}","templated":true}]}}