{"id":7258,"date":"2025-05-20T13:00:11","date_gmt":"2025-05-20T13:00:11","guid":{"rendered":"https:\/\/prensa.sma.gob.ar\/?p=7258"},"modified":"2025-05-20T13:07:47","modified_gmt":"2025-05-20T13:07:47","slug":"ian-bruno-reparaz-estara-a-cargo-de-la-subsecretaria-de-deportes-del-municipio","status":"publish","type":"post","link":"https:\/\/prensa.sma.gob.ar\/?p=7258","title":{"rendered":"Ian Bruno Reparaz estar\u00e1 a cargo de la Subsecretar\u00eda de Deportes del Municipio"},"content":{"rendered":"\n<p>El actual subsecretario de Producci\u00f3n, Empleo y Juventud, Ian Bruno Reparaz, asumi\u00f3 este martes su compromiso al frente de la Subsecretar\u00eda de Deportes, sin perjuicio del cumplimiento de las funciones que ven\u00eda desarrollando hasta ahora.<\/p>\n\n\n\n<p>Reparaz se reuni\u00f3 este martes en la oficina de Deportes con el secretario de Gobierno, Federico Vita, de quien dependen las dos \u00e1reas que tendr\u00e1 a su cargo el subsecretario.<\/p>\n\n\n\n<p>\u201cHemos definido un cambio en la conducci\u00f3n de la Subsecretar\u00eda de Deportes, y quiero destacar que Ian es la persona indicada para llevar adelante este proceso. Lo ha demostrado ampliamente en su rol al frente de la Subsecretar\u00eda de Producci\u00f3n, Empleo y Juventud, tarea que seguir\u00e1 desempe\u00f1ando, y donde viene desarrollando una gesti\u00f3n comprometida, activa y con resultados concretos\u201d, se\u00f1al\u00f3 Vita.<\/p>\n\n\n\n<p>Expres\u00f3 su confianza \u201cen que su enorme responsabilidad, capacidad de trabajo y visi\u00f3n articulada de las pol\u00edticas p\u00fablicas, permitir\u00e1n potenciar el \u00e1rea de Deportes, fortaleciendo su v\u00ednculo con las instituciones, clubes y vecinos y vecinas de nuestra ciudad\u201d.<\/p>\n\n\n\n<p>\u201cEsta decisi\u00f3n forma parte de una mirada integral del Gobierno que busca optimizar los recursos, mejorar la coordinaci\u00f3n entre \u00e1reas y estar cada vez m\u00e1s cerca de las necesidades reales de nuestra comunidad, se\u00f1al\u00f3 el secretario de Gobierno.<\/p>\n","protected":false},"excerpt":{"rendered":"<p>El actual subsecretario de Producci\u00f3n, Empleo y Juventud, Ian Bruno Reparaz, asumi\u00f3 este martes su compromiso al frente de la Subsecretar\u00eda de Deportes, sin perjuicio del cumplimiento de las funciones que ven\u00eda desarrollando hasta ahora. Reparaz se reuni\u00f3 este martes en la oficina de Deportes con el secretario de Gobierno, Federico Vita, de quien dependen [&hellip;]<\/p>\n","protected":false},"author":2,"featured_media":7261,"comment_status":"closed","ping_status":"open","sticky":false,"template":"","format":"standard","meta":{"footnotes":""},"categories":[7,16,14,38],"tags":[],"class_list":{"0":"post-7258","1":"post","2":"type-post","3":"status-publish","4":"format-standard","5":"has-post-thumbnail","7":"category-deportes","8":"category-destacadas","9":"category-noticias","10":"category-subsecretaria-produccion-empleo-y-juventud"},"_links":{"self":[{"href":"https:\/\/prensa.sma.gob.ar\/index.php?rest_route=\/wp\/v2\/posts\/7258","targetHints":{"allow":["GET"]}}],"collection":[{"href":"https:\/\/prensa.sma.gob.ar\/index.php?rest_route=\/wp\/v2\/posts"}],"about":[{"href":"https:\/\/prensa.sma.gob.ar\/index.php?rest_route=\/wp\/v2\/types\/post"}],"author":[{"embeddable":true,"href":"https:\/\/prensa.sma.gob.ar\/index.php?rest_route=\/wp\/v2\/users\/2"}],"replies":[{"embeddable":true,"href":"https:\/\/prensa.sma.gob.ar\/index.php?rest_route=%2Fwp%2Fv2%2Fcomments&post=7258"}],"version-history":[{"count":1,"href":"https:\/\/prensa.sma.gob.ar\/index.php?rest_route=\/wp\/v2\/posts\/7258\/revisions"}],"predecessor-version":[{"id":7260,"href":"https:\/\/prensa.sma.gob.ar\/index.php?rest_route=\/wp\/v2\/posts\/7258\/revisions\/7260"}],"wp:featuredmedia":[{"embeddable":true,"href":"https:\/\/prensa.sma.gob.ar\/index.php?rest_route=\/wp\/v2\/media\/7261"}],"wp:attachment":[{"href":"https:\/\/prensa.sma.gob.ar\/index.php?rest_route=%2Fwp%2Fv2%2Fmedia&parent=7258"}],"wp:term":[{"taxonomy":"category","embeddable":true,"href":"https:\/\/prensa.sma.gob.ar\/index.php?rest_route=%2Fwp%2Fv2%2Fcategories&post=7258"},{"taxonomy":"post_tag","embeddable":true,"href":"https:\/\/prensa.sma.gob.ar\/index.php?rest_route=%2Fwp%2Fv2%2Ftags&post=7258"}],"curies":[{"name":"wp","href":"https:\/\/api.w.org\/{rel}","templated":true}]}}