{"id":7263,"date":"2025-05-20T18:30:49","date_gmt":"2025-05-20T18:30:49","guid":{"rendered":"https:\/\/prensa.sma.gob.ar\/?p=7263"},"modified":"2025-05-20T18:30:52","modified_gmt":"2025-05-20T18:30:52","slug":"reunion-para-coordinar-acciones-ante-posibles-contingencias-en-barrios-de-las-laderas","status":"publish","type":"post","link":"https:\/\/prensa.sma.gob.ar\/?p=7263","title":{"rendered":"Reuni\u00f3n para coordinar acciones ante posibles contingencias en barrios de las laderas"},"content":{"rendered":"\n<p>Funcionarios de varias \u00e1reas del Municipio, t\u00e9cnicos y el Juez de Faltas, Carlos S\u00e1nchez Galarce, analizaron este lunes las acciones conjuntas para continuar con el plan de contingencia y remediaci\u00f3n en los barrios de la ladera del Cerro Curruhuinca, ante el comienzo de las temporadas de lluvia y nevadas.<\/p>\n\n\n\n<p>El encuentro estuvo encabezado por el secretario de Gobierno, Federico Vita, y la directora del Instituto de Vivienda y H\u00e1bitat, Carolina Amaya. Adem\u00e1s del juez S\u00e1nchez Galarce, asistieron funcionarios y t\u00e9cnicos de Protecci\u00f3n Civil, Vivienda, Desarrollo Social, Juntas Vecinales, Seguridad Ciudadana, Guardas Ambientales y del Consejo Asesor de la Vivienda.<\/p>\n\n\n\n<p>Durante la reuni\u00f3n se realiz\u00f3 un balance de las acciones tomadas en los \u00faltimos meses como la remediaci\u00f3n de viviendas afectadas en el invierno pasado, el mejoramiento de la accesibilidad a m\u00e1s de 30 familias y la construcci\u00f3n de viviendas transitorias en otras zonas de la ciudad.<\/p>\n\n\n\n<p>Tambi\u00e9n se escuch\u00f3 una descripci\u00f3n general de las viviendas m\u00e1s comprometidas en la zona de las laderas, la detecci\u00f3n de nuevas construcciones en \u00e1reas consideradas muy peligrosas y la necesidad de realizar nuevas recorridas por parte de las \u00e1reas del Municipio con poder de polic\u00eda.<\/p>\n\n\n\n<p>Entre otras medidas, se decidi\u00f3 efectuar nuevas recorridas a cargo de funcionarios y t\u00e9cnicos de diferentes \u00e1reas, colocar carteler\u00eda de advertencia en calles y senderos bajo riesgo de derrumbes y deslaves y extremar la coordinaci\u00f3n del personal de las dependencias que deben actuar en caso de contingencia.<\/p>\n\n\n\n<figure class=\"wp-block-gallery has-nested-images columns-default is-cropped wp-block-gallery-1 is-layout-flex wp-block-gallery-is-layout-flex\">\n<figure class=\"wp-block-image size-large\"><img loading=\"lazy\" decoding=\"async\" width=\"1024\" height=\"611\" data-id=\"7264\" src=\"https:\/\/prensa.sma.gob.ar\/wp-content\/uploads\/2025\/05\/WhatsApp-Image-2025-05-19-at-11.18.391-1024x611.jpeg\" alt=\"\" class=\"wp-image-7264\" srcset=\"https:\/\/prensa.sma.gob.ar\/wp-content\/uploads\/2025\/05\/WhatsApp-Image-2025-05-19-at-11.18.391-1024x611.jpeg 1024w, https:\/\/prensa.sma.gob.ar\/wp-content\/uploads\/2025\/05\/WhatsApp-Image-2025-05-19-at-11.18.391-300x179.jpeg 300w, https:\/\/prensa.sma.gob.ar\/wp-content\/uploads\/2025\/05\/WhatsApp-Image-2025-05-19-at-11.18.391-768x458.jpeg 768w, https:\/\/prensa.sma.gob.ar\/wp-content\/uploads\/2025\/05\/WhatsApp-Image-2025-05-19-at-11.18.391-1536x917.jpeg 1536w, https:\/\/prensa.sma.gob.ar\/wp-content\/uploads\/2025\/05\/WhatsApp-Image-2025-05-19-at-11.18.391-704x420.jpeg 704w, https:\/\/prensa.sma.gob.ar\/wp-content\/uploads\/2025\/05\/WhatsApp-Image-2025-05-19-at-11.18.391-696x415.jpeg 696w, https:\/\/prensa.sma.gob.ar\/wp-content\/uploads\/2025\/05\/WhatsApp-Image-2025-05-19-at-11.18.391-1068x637.jpeg 1068w, https:\/\/prensa.sma.gob.ar\/wp-content\/uploads\/2025\/05\/WhatsApp-Image-2025-05-19-at-11.18.391.jpeg 1600w\" sizes=\"auto, (max-width: 1024px) 100vw, 1024px\" \/><\/figure>\n\n\n\n<figure class=\"wp-block-image size-large\"><img loading=\"lazy\" decoding=\"async\" width=\"1024\" height=\"576\" data-id=\"7273\" src=\"https:\/\/prensa.sma.gob.ar\/wp-content\/uploads\/2025\/05\/WhatsApp-Image-2025-05-19-at-11.17.30-1024x576.jpeg\" alt=\"\" class=\"wp-image-7273\" srcset=\"https:\/\/prensa.sma.gob.ar\/wp-content\/uploads\/2025\/05\/WhatsApp-Image-2025-05-19-at-11.17.30-1024x576.jpeg 1024w, https:\/\/prensa.sma.gob.ar\/wp-content\/uploads\/2025\/05\/WhatsApp-Image-2025-05-19-at-11.17.30-300x169.jpeg 300w, https:\/\/prensa.sma.gob.ar\/wp-content\/uploads\/2025\/05\/WhatsApp-Image-2025-05-19-at-11.17.30-768x432.jpeg 768w, https:\/\/prensa.sma.gob.ar\/wp-content\/uploads\/2025\/05\/WhatsApp-Image-2025-05-19-at-11.17.30-1536x864.jpeg 1536w, https:\/\/prensa.sma.gob.ar\/wp-content\/uploads\/2025\/05\/WhatsApp-Image-2025-05-19-at-11.17.30-747x420.jpeg 747w, https:\/\/prensa.sma.gob.ar\/wp-content\/uploads\/2025\/05\/WhatsApp-Image-2025-05-19-at-11.17.30-696x392.jpeg 696w, https:\/\/prensa.sma.gob.ar\/wp-content\/uploads\/2025\/05\/WhatsApp-Image-2025-05-19-at-11.17.30-1068x601.jpeg 1068w, https:\/\/prensa.sma.gob.ar\/wp-content\/uploads\/2025\/05\/WhatsApp-Image-2025-05-19-at-11.17.30.jpeg 1600w\" sizes=\"auto, (max-width: 1024px) 100vw, 1024px\" \/><\/figure>\n\n\n\n<figure class=\"wp-block-image size-large\"><img loading=\"lazy\" decoding=\"async\" width=\"1024\" height=\"568\" data-id=\"7267\" src=\"https:\/\/prensa.sma.gob.ar\/wp-content\/uploads\/2025\/05\/WhatsApp-Image-2025-05-19-at-11.17.321-1024x568.jpeg\" alt=\"\" class=\"wp-image-7267\" srcset=\"https:\/\/prensa.sma.gob.ar\/wp-content\/uploads\/2025\/05\/WhatsApp-Image-2025-05-19-at-11.17.321-1024x568.jpeg 1024w, https:\/\/prensa.sma.gob.ar\/wp-content\/uploads\/2025\/05\/WhatsApp-Image-2025-05-19-at-11.17.321-300x166.jpeg 300w, https:\/\/prensa.sma.gob.ar\/wp-content\/uploads\/2025\/05\/WhatsApp-Image-2025-05-19-at-11.17.321-768x426.jpeg 768w, https:\/\/prensa.sma.gob.ar\/wp-content\/uploads\/2025\/05\/WhatsApp-Image-2025-05-19-at-11.17.321-1536x852.jpeg 1536w, https:\/\/prensa.sma.gob.ar\/wp-content\/uploads\/2025\/05\/WhatsApp-Image-2025-05-19-at-11.17.321-758x420.jpeg 758w, https:\/\/prensa.sma.gob.ar\/wp-content\/uploads\/2025\/05\/WhatsApp-Image-2025-05-19-at-11.17.321-696x386.jpeg 696w, https:\/\/prensa.sma.gob.ar\/wp-content\/uploads\/2025\/05\/WhatsApp-Image-2025-05-19-at-11.17.321-1068x592.jpeg 1068w, https:\/\/prensa.sma.gob.ar\/wp-content\/uploads\/2025\/05\/WhatsApp-Image-2025-05-19-at-11.17.321.jpeg 1600w\" sizes=\"auto, (max-width: 1024px) 100vw, 1024px\" \/><\/figure>\n<\/figure>\n","protected":false},"excerpt":{"rendered":"<p>Funcionarios de varias \u00e1reas del Municipio, t\u00e9cnicos y el Juez de Faltas, Carlos S\u00e1nchez Galarce, analizaron este lunes las acciones conjuntas para continuar con el plan de contingencia y remediaci\u00f3n en los barrios de la ladera del Cerro Curruhuinca, ante el comienzo de las temporadas de lluvia y nevadas. El encuentro estuvo encabezado por el [&hellip;]<\/p>\n","protected":false},"author":2,"featured_media":7268,"comment_status":"closed","ping_status":"open","sticky":false,"template":"","format":"standard","meta":{"footnotes":""},"categories":[16,11,39,14,37],"tags":[],"class_list":{"0":"post-7263","1":"post","2":"type-post","3":"status-publish","4":"format-standard","5":"has-post-thumbnail","7":"category-destacadas","8":"category-gobierno","9":"category-subs-juntas-vecinales","10":"category-noticias","11":"category-vivienda"},"_links":{"self":[{"href":"https:\/\/prensa.sma.gob.ar\/index.php?rest_route=\/wp\/v2\/posts\/7263","targetHints":{"allow":["GET"]}}],"collection":[{"href":"https:\/\/prensa.sma.gob.ar\/index.php?rest_route=\/wp\/v2\/posts"}],"about":[{"href":"https:\/\/prensa.sma.gob.ar\/index.php?rest_route=\/wp\/v2\/types\/post"}],"author":[{"embeddable":true,"href":"https:\/\/prensa.sma.gob.ar\/index.php?rest_route=\/wp\/v2\/users\/2"}],"replies":[{"embeddable":true,"href":"https:\/\/prensa.sma.gob.ar\/index.php?rest_route=%2Fwp%2Fv2%2Fcomments&post=7263"}],"version-history":[{"count":1,"href":"https:\/\/prensa.sma.gob.ar\/index.php?rest_route=\/wp\/v2\/posts\/7263\/revisions"}],"predecessor-version":[{"id":7274,"href":"https:\/\/prensa.sma.gob.ar\/index.php?rest_route=\/wp\/v2\/posts\/7263\/revisions\/7274"}],"wp:featuredmedia":[{"embeddable":true,"href":"https:\/\/prensa.sma.gob.ar\/index.php?rest_route=\/wp\/v2\/media\/7268"}],"wp:attachment":[{"href":"https:\/\/prensa.sma.gob.ar\/index.php?rest_route=%2Fwp%2Fv2%2Fmedia&parent=7263"}],"wp:term":[{"taxonomy":"category","embeddable":true,"href":"https:\/\/prensa.sma.gob.ar\/index.php?rest_route=%2Fwp%2Fv2%2Fcategories&post=7263"},{"taxonomy":"post_tag","embeddable":true,"href":"https:\/\/prensa.sma.gob.ar\/index.php?rest_route=%2Fwp%2Fv2%2Ftags&post=7263"}],"curies":[{"name":"wp","href":"https:\/\/api.w.org\/{rel}","templated":true}]}}