{"id":7275,"date":"2025-05-20T18:33:49","date_gmt":"2025-05-20T18:33:49","guid":{"rendered":"https:\/\/prensa.sma.gob.ar\/?p=7275"},"modified":"2025-05-20T18:54:31","modified_gmt":"2025-05-20T18:54:31","slug":"segunda-etapa-en-el-registro-de-demanda-habitacional-para-chacra-4","status":"publish","type":"post","link":"https:\/\/prensa.sma.gob.ar\/?p=7275","title":{"rendered":"Segunda etapa en el Registro de Demanda Habitacional para Chacra 4"},"content":{"rendered":"\n<p>Desde el lunes 19 y hasta el viernes 30 de mayo est\u00e1 abierta la segunda fase del Registro de Demanda Habitacional para vecinas y vecinos con domicilio en el barrio Chacra 4. En esta etapa podr\u00e1n inscribirse y\/o actualizar sus datos quienes residan dentro del pol\u00edgono identificado como Anexo I y cumplan con los requisitos establecidos en la Ordenanza N.\u00ba 14.398\/23.<\/p>\n\n\n\n<p>La atenci\u00f3n se realizar\u00e1 en las oficinas de Mejoramiento Habitacional del barrio. Es necesario presentarse con DNI f\u00edsico (propio y del grupo familiar) y CUD en caso de corresponder.<\/p>\n\n\n\n<p>Recordamos los requisitos<\/p>\n\n\n\n<p>\u2013 Estar inscripto\/a en el Registro \u00danico de Demanda Habitacional del Municipio.<\/p>\n\n\n\n<p>&nbsp;\u2013 Estar inscripto\/a en el Registro \u00danico Provincial de la Vivienda (RUPROVI):<\/p>\n\n\n\n<p><a href=\"https:\/\/ruprovi.viviendaneuquen.gov.ar\/web\"><strong>https:\/\/ruprovi.viviendaneuquen.gov.ar\/web<\/strong><\/a><\/p>\n\n\n\n<p>&nbsp;\u2013 Acreditar residencia comprobable y continua en San Mart\u00edn de los Andes durante los \u00faltimos cinco (5) a\u00f1os.<\/p>\n\n\n\n<p>&nbsp;\u2013 No poseer propiedades en el pa\u00eds al momento de la adjudicaci\u00f3n.<\/p>\n\n\n\n<p>&nbsp;\u2013 Tener domicilio en el barrio Chacra 4, dentro del \u00e1rea delimitada.<\/p>\n","protected":false},"excerpt":{"rendered":"<p>Desde el lunes 19 y hasta el viernes 30 de mayo est\u00e1 abierta la segunda fase del Registro de Demanda Habitacional para vecinas y vecinos con domicilio en el barrio Chacra 4. En esta etapa podr\u00e1n inscribirse y\/o actualizar sus datos quienes residan dentro del pol\u00edgono identificado como Anexo I y cumplan con los requisitos [&hellip;]<\/p>\n","protected":false},"author":2,"featured_media":7276,"comment_status":"closed","ping_status":"open","sticky":false,"template":"","format":"standard","meta":{"footnotes":""},"categories":[16,14,37],"tags":[],"class_list":{"0":"post-7275","1":"post","2":"type-post","3":"status-publish","4":"format-standard","5":"has-post-thumbnail","7":"category-destacadas","8":"category-noticias","9":"category-vivienda"},"_links":{"self":[{"href":"https:\/\/prensa.sma.gob.ar\/index.php?rest_route=\/wp\/v2\/posts\/7275","targetHints":{"allow":["GET"]}}],"collection":[{"href":"https:\/\/prensa.sma.gob.ar\/index.php?rest_route=\/wp\/v2\/posts"}],"about":[{"href":"https:\/\/prensa.sma.gob.ar\/index.php?rest_route=\/wp\/v2\/types\/post"}],"author":[{"embeddable":true,"href":"https:\/\/prensa.sma.gob.ar\/index.php?rest_route=\/wp\/v2\/users\/2"}],"replies":[{"embeddable":true,"href":"https:\/\/prensa.sma.gob.ar\/index.php?rest_route=%2Fwp%2Fv2%2Fcomments&post=7275"}],"version-history":[{"count":2,"href":"https:\/\/prensa.sma.gob.ar\/index.php?rest_route=\/wp\/v2\/posts\/7275\/revisions"}],"predecessor-version":[{"id":7284,"href":"https:\/\/prensa.sma.gob.ar\/index.php?rest_route=\/wp\/v2\/posts\/7275\/revisions\/7284"}],"wp:featuredmedia":[{"embeddable":true,"href":"https:\/\/prensa.sma.gob.ar\/index.php?rest_route=\/wp\/v2\/media\/7276"}],"wp:attachment":[{"href":"https:\/\/prensa.sma.gob.ar\/index.php?rest_route=%2Fwp%2Fv2%2Fmedia&parent=7275"}],"wp:term":[{"taxonomy":"category","embeddable":true,"href":"https:\/\/prensa.sma.gob.ar\/index.php?rest_route=%2Fwp%2Fv2%2Fcategories&post=7275"},{"taxonomy":"post_tag","embeddable":true,"href":"https:\/\/prensa.sma.gob.ar\/index.php?rest_route=%2Fwp%2Fv2%2Ftags&post=7275"}],"curies":[{"name":"wp","href":"https:\/\/api.w.org\/{rel}","templated":true}]}}