{"id":7278,"date":"2025-05-20T19:02:50","date_gmt":"2025-05-20T19:02:50","guid":{"rendered":"https:\/\/prensa.sma.gob.ar\/?p=7278"},"modified":"2025-05-21T02:37:56","modified_gmt":"2025-05-21T02:37:56","slug":"nueva-garita-para-el-transporte-urbano-en-villa-vega-san-martin","status":"publish","type":"post","link":"https:\/\/prensa.sma.gob.ar\/?p=7278","title":{"rendered":"Nueva garita para el transporte urbano en Villa Vega San Mart\u00edn"},"content":{"rendered":"\n<p>Una cuadrilla de la Subsecretar\u00eda de Obras P\u00fablicas termin\u00f3 este martes el montaje de la nueva garita ubicada en la esquina de Quinquela Mart\u00edn y Chaco. Previamente, se trabaj\u00f3 con hormig\u00f3n la construcci\u00f3n de la nueva platea.<\/p>\n\n\n\n<p>Las obras incluyeron una nueva carpeta, accesible y elevada, que evitar\u00e1 anegamientos. Sobre la platea, se coloc\u00f3 la nueva garita, de mayor dimensi\u00f3n que la anterior. El nuevo m\u00f3dulo tiene 3,10 metros de ancho por 2 metros de profundidad.<\/p>\n\n\n\n<p>El trabajo incluy\u00f3 pintura demarcatoria en el cord\u00f3n donde estacionan los colectivos mientras que personal del \u00e1rea de Acequias, de la Subsecretar\u00eda de Servicios P\u00fablicos, realiz\u00f3 la limpieza del canal paralelo a la calle Quinquela Mart\u00edn.<\/p>\n\n\n\n<p>Este trabajo, que incluye tareas en otras garitas del barrio, responde a un pedido de vecinas y vecinos, gestionado a trav\u00e9s de la Delegaci\u00f3n Vega Centro, que depende de la Subsecretar\u00eda de Juntas Vecinales.<\/p>\n\n\n\n<p>Estas paradas son muy utilizadas por vecinas y vecinos usuarios de la L\u00ednea 3 del Transporte Urbano, que circula por callej\u00f3n de Torres recorre Villa Vega San Mart\u00edn por Molina Campos y Quinquela Mart\u00edn.<\/p>\n\n\n\n<figure class=\"wp-block-gallery has-nested-images columns-default is-cropped wp-block-gallery-1 is-layout-flex wp-block-gallery-is-layout-flex\">\n<figure class=\"wp-block-image size-large\"><img loading=\"lazy\" decoding=\"async\" width=\"1024\" height=\"885\" data-id=\"7285\" src=\"https:\/\/prensa.sma.gob.ar\/wp-content\/uploads\/2025\/05\/GARITA-1024x885.jpg\" alt=\"\" class=\"wp-image-7285\" srcset=\"https:\/\/prensa.sma.gob.ar\/wp-content\/uploads\/2025\/05\/GARITA-1024x885.jpg 1024w, https:\/\/prensa.sma.gob.ar\/wp-content\/uploads\/2025\/05\/GARITA-300x259.jpg 300w, https:\/\/prensa.sma.gob.ar\/wp-content\/uploads\/2025\/05\/GARITA-768x664.jpg 768w, https:\/\/prensa.sma.gob.ar\/wp-content\/uploads\/2025\/05\/GARITA-486x420.jpg 486w, https:\/\/prensa.sma.gob.ar\/wp-content\/uploads\/2025\/05\/GARITA-696x601.jpg 696w, https:\/\/prensa.sma.gob.ar\/wp-content\/uploads\/2025\/05\/GARITA-1068x923.jpg 1068w, https:\/\/prensa.sma.gob.ar\/wp-content\/uploads\/2025\/05\/GARITA.jpg 1200w\" sizes=\"auto, (max-width: 1024px) 100vw, 1024px\" \/><\/figure>\n\n\n\n<figure class=\"wp-block-image size-large\"><img loading=\"lazy\" decoding=\"async\" width=\"768\" height=\"1024\" data-id=\"7280\" src=\"https:\/\/prensa.sma.gob.ar\/wp-content\/uploads\/2025\/05\/WhatsApp-Image-2025-05-20-at-13.37.49-768x1024.jpeg\" alt=\"\" class=\"wp-image-7280\" srcset=\"https:\/\/prensa.sma.gob.ar\/wp-content\/uploads\/2025\/05\/WhatsApp-Image-2025-05-20-at-13.37.49-768x1024.jpeg 768w, https:\/\/prensa.sma.gob.ar\/wp-content\/uploads\/2025\/05\/WhatsApp-Image-2025-05-20-at-13.37.49-225x300.jpeg 225w, https:\/\/prensa.sma.gob.ar\/wp-content\/uploads\/2025\/05\/WhatsApp-Image-2025-05-20-at-13.37.49-1152x1536.jpeg 1152w, https:\/\/prensa.sma.gob.ar\/wp-content\/uploads\/2025\/05\/WhatsApp-Image-2025-05-20-at-13.37.49-315x420.jpeg 315w, https:\/\/prensa.sma.gob.ar\/wp-content\/uploads\/2025\/05\/WhatsApp-Image-2025-05-20-at-13.37.49-696x928.jpeg 696w, https:\/\/prensa.sma.gob.ar\/wp-content\/uploads\/2025\/05\/WhatsApp-Image-2025-05-20-at-13.37.49-1068x1424.jpeg 1068w, https:\/\/prensa.sma.gob.ar\/wp-content\/uploads\/2025\/05\/WhatsApp-Image-2025-05-20-at-13.37.49.jpeg 1200w\" sizes=\"auto, (max-width: 768px) 100vw, 768px\" \/><\/figure>\n\n\n\n<figure class=\"wp-block-image size-large\"><img loading=\"lazy\" decoding=\"async\" width=\"1024\" height=\"768\" data-id=\"7288\" src=\"https:\/\/prensa.sma.gob.ar\/wp-content\/uploads\/2025\/05\/WhatsApp-Image-2025-05-20-at-16.15.19-1024x768.jpeg\" alt=\"\" class=\"wp-image-7288\" srcset=\"https:\/\/prensa.sma.gob.ar\/wp-content\/uploads\/2025\/05\/WhatsApp-Image-2025-05-20-at-16.15.19-1024x768.jpeg 1024w, https:\/\/prensa.sma.gob.ar\/wp-content\/uploads\/2025\/05\/WhatsApp-Image-2025-05-20-at-16.15.19-300x225.jpeg 300w, https:\/\/prensa.sma.gob.ar\/wp-content\/uploads\/2025\/05\/WhatsApp-Image-2025-05-20-at-16.15.19-768x576.jpeg 768w, https:\/\/prensa.sma.gob.ar\/wp-content\/uploads\/2025\/05\/WhatsApp-Image-2025-05-20-at-16.15.19-1536x1152.jpeg 1536w, https:\/\/prensa.sma.gob.ar\/wp-content\/uploads\/2025\/05\/WhatsApp-Image-2025-05-20-at-16.15.19-560x420.jpeg 560w, https:\/\/prensa.sma.gob.ar\/wp-content\/uploads\/2025\/05\/WhatsApp-Image-2025-05-20-at-16.15.19-80x60.jpeg 80w, https:\/\/prensa.sma.gob.ar\/wp-content\/uploads\/2025\/05\/WhatsApp-Image-2025-05-20-at-16.15.19-696x522.jpeg 696w, https:\/\/prensa.sma.gob.ar\/wp-content\/uploads\/2025\/05\/WhatsApp-Image-2025-05-20-at-16.15.19-1068x801.jpeg 1068w, https:\/\/prensa.sma.gob.ar\/wp-content\/uploads\/2025\/05\/WhatsApp-Image-2025-05-20-at-16.15.19.jpeg 1600w\" sizes=\"auto, (max-width: 1024px) 100vw, 1024px\" \/><\/figure>\n<\/figure>\n","protected":false},"excerpt":{"rendered":"<p>Una cuadrilla de la Subsecretar\u00eda de Obras P\u00fablicas termin\u00f3 este martes el montaje de la nueva garita ubicada en la esquina de Quinquela Mart\u00edn y Chaco. Previamente, se trabaj\u00f3 con hormig\u00f3n la construcci\u00f3n de la nueva platea. Las obras incluyeron una nueva carpeta, accesible y elevada, que evitar\u00e1 anegamientos. Sobre la platea, se coloc\u00f3 la [&hellip;]<\/p>\n","protected":false},"author":2,"featured_media":7289,"comment_status":"closed","ping_status":"open","sticky":false,"template":"","format":"standard","meta":{"footnotes":""},"categories":[16,39,14,19,17,1],"tags":[],"class_list":{"0":"post-7278","1":"post","2":"type-post","3":"status-publish","4":"format-standard","5":"has-post-thumbnail","7":"category-destacadas","8":"category-subs-juntas-vecinales","9":"category-noticias","10":"category-obras-y-servicios-publicos","11":"category-portada","12":"category-uncategorized"},"_links":{"self":[{"href":"https:\/\/prensa.sma.gob.ar\/index.php?rest_route=\/wp\/v2\/posts\/7278","targetHints":{"allow":["GET"]}}],"collection":[{"href":"https:\/\/prensa.sma.gob.ar\/index.php?rest_route=\/wp\/v2\/posts"}],"about":[{"href":"https:\/\/prensa.sma.gob.ar\/index.php?rest_route=\/wp\/v2\/types\/post"}],"author":[{"embeddable":true,"href":"https:\/\/prensa.sma.gob.ar\/index.php?rest_route=\/wp\/v2\/users\/2"}],"replies":[{"embeddable":true,"href":"https:\/\/prensa.sma.gob.ar\/index.php?rest_route=%2Fwp%2Fv2%2Fcomments&post=7278"}],"version-history":[{"count":3,"href":"https:\/\/prensa.sma.gob.ar\/index.php?rest_route=\/wp\/v2\/posts\/7278\/revisions"}],"predecessor-version":[{"id":7291,"href":"https:\/\/prensa.sma.gob.ar\/index.php?rest_route=\/wp\/v2\/posts\/7278\/revisions\/7291"}],"wp:featuredmedia":[{"embeddable":true,"href":"https:\/\/prensa.sma.gob.ar\/index.php?rest_route=\/wp\/v2\/media\/7289"}],"wp:attachment":[{"href":"https:\/\/prensa.sma.gob.ar\/index.php?rest_route=%2Fwp%2Fv2%2Fmedia&parent=7278"}],"wp:term":[{"taxonomy":"category","embeddable":true,"href":"https:\/\/prensa.sma.gob.ar\/index.php?rest_route=%2Fwp%2Fv2%2Fcategories&post=7278"},{"taxonomy":"post_tag","embeddable":true,"href":"https:\/\/prensa.sma.gob.ar\/index.php?rest_route=%2Fwp%2Fv2%2Ftags&post=7278"}],"curies":[{"name":"wp","href":"https:\/\/api.w.org\/{rel}","templated":true}]}}