{"id":7293,"date":"2025-05-22T13:32:16","date_gmt":"2025-05-22T13:32:16","guid":{"rendered":"https:\/\/prensa.sma.gob.ar\/?p=7293"},"modified":"2025-05-22T13:41:49","modified_gmt":"2025-05-22T13:41:49","slug":"se-realizo-un-encuentro-provincial-de-la-mesa-tecnica-de-girsu","status":"publish","type":"post","link":"https:\/\/prensa.sma.gob.ar\/?p=7293","title":{"rendered":"Se realiz\u00f3 un encuentro provincial de la Mesa T\u00e9cnica de GIRSU"},"content":{"rendered":"\n<p>Funcionarios y t\u00e9cnicos de las \u00e1reas vinculadas a la Gesti\u00f3n Integral de Residuos S\u00f3lidos Urbanos (GIRSU) se reunieron esta semana en la Mesa T\u00e9cnica en Piedra del \u00c1guila. San Mart\u00edn de los Andes estuvo representada por el subsecretario de Servicios P\u00fablicos, Mart\u00edn Betancur, y por el director de GIRSU, Jos\u00e9 Pino.<\/p>\n\n\n\n<p>El encuentro se realiz\u00f3 este lunes, en el marco del proyecto \u00abDiagn\u00f3stico y desarrollo de soluciones para la gesti\u00f3n de residuos s\u00f3lidos urbanos de Neuqu\u00e9n: Estrategias colaborativas para la implementaci\u00f3n de pol\u00edticas de RSU\u00bb.<\/p>\n\n\n\n<p>Este espacio de intercambio permiti\u00f3 la presentaci\u00f3n de los avances del proyecto, compartir experiencias y el trabajo en conjunto sobre los desaf\u00edos y oportunidades en la gesti\u00f3n local de residuos.<\/p>\n\n\n\n<p>El encuentro fue organizado por el Gobierno de la Provincia de Neuqu\u00e9n, el Consejo Federal de Inversiones (CFI) y la consultora Episteme, que se dedica al diagn\u00f3stico y desarrollo de soluciones para GIRSU.<\/p>\n\n\n\n<figure class=\"wp-block-gallery has-nested-images columns-default is-cropped wp-block-gallery-1 is-layout-flex wp-block-gallery-is-layout-flex\">\n<figure class=\"wp-block-image size-large\"><img loading=\"lazy\" decoding=\"async\" width=\"1024\" height=\"441\" data-id=\"7295\" src=\"https:\/\/prensa.sma.gob.ar\/wp-content\/uploads\/2025\/05\/WhatsApp-Image-2025-05-20-at-10.00.58-1-1024x441.jpeg\" alt=\"\" class=\"wp-image-7295\" srcset=\"https:\/\/prensa.sma.gob.ar\/wp-content\/uploads\/2025\/05\/WhatsApp-Image-2025-05-20-at-10.00.58-1-1024x441.jpeg 1024w, https:\/\/prensa.sma.gob.ar\/wp-content\/uploads\/2025\/05\/WhatsApp-Image-2025-05-20-at-10.00.58-1-300x129.jpeg 300w, https:\/\/prensa.sma.gob.ar\/wp-content\/uploads\/2025\/05\/WhatsApp-Image-2025-05-20-at-10.00.58-1-768x331.jpeg 768w, https:\/\/prensa.sma.gob.ar\/wp-content\/uploads\/2025\/05\/WhatsApp-Image-2025-05-20-at-10.00.58-1-976x420.jpeg 976w, https:\/\/prensa.sma.gob.ar\/wp-content\/uploads\/2025\/05\/WhatsApp-Image-2025-05-20-at-10.00.58-1-696x300.jpeg 696w, https:\/\/prensa.sma.gob.ar\/wp-content\/uploads\/2025\/05\/WhatsApp-Image-2025-05-20-at-10.00.58-1-1068x460.jpeg 1068w, https:\/\/prensa.sma.gob.ar\/wp-content\/uploads\/2025\/05\/WhatsApp-Image-2025-05-20-at-10.00.58-1.jpeg 1280w\" sizes=\"auto, (max-width: 1024px) 100vw, 1024px\" \/><\/figure>\n<\/figure>\n","protected":false},"excerpt":{"rendered":"<p>Funcionarios y t\u00e9cnicos de las \u00e1reas vinculadas a la Gesti\u00f3n Integral de Residuos S\u00f3lidos Urbanos (GIRSU) se reunieron esta semana en la Mesa T\u00e9cnica en Piedra del \u00c1guila. San Mart\u00edn de los Andes estuvo representada por el subsecretario de Servicios P\u00fablicos, Mart\u00edn Betancur, y por el director de GIRSU, Jos\u00e9 Pino. El encuentro se realiz\u00f3 [&hellip;]<\/p>\n","protected":false},"author":2,"featured_media":7298,"comment_status":"closed","ping_status":"open","sticky":false,"template":"","format":"standard","meta":{"footnotes":""},"categories":[45,14,19],"tags":[],"class_list":{"0":"post-7293","1":"post","2":"type-post","3":"status-publish","4":"format-standard","5":"has-post-thumbnail","7":"category-ambiente","8":"category-noticias","9":"category-obras-y-servicios-publicos"},"_links":{"self":[{"href":"https:\/\/prensa.sma.gob.ar\/index.php?rest_route=\/wp\/v2\/posts\/7293","targetHints":{"allow":["GET"]}}],"collection":[{"href":"https:\/\/prensa.sma.gob.ar\/index.php?rest_route=\/wp\/v2\/posts"}],"about":[{"href":"https:\/\/prensa.sma.gob.ar\/index.php?rest_route=\/wp\/v2\/types\/post"}],"author":[{"embeddable":true,"href":"https:\/\/prensa.sma.gob.ar\/index.php?rest_route=\/wp\/v2\/users\/2"}],"replies":[{"embeddable":true,"href":"https:\/\/prensa.sma.gob.ar\/index.php?rest_route=%2Fwp%2Fv2%2Fcomments&post=7293"}],"version-history":[{"count":1,"href":"https:\/\/prensa.sma.gob.ar\/index.php?rest_route=\/wp\/v2\/posts\/7293\/revisions"}],"predecessor-version":[{"id":7297,"href":"https:\/\/prensa.sma.gob.ar\/index.php?rest_route=\/wp\/v2\/posts\/7293\/revisions\/7297"}],"wp:featuredmedia":[{"embeddable":true,"href":"https:\/\/prensa.sma.gob.ar\/index.php?rest_route=\/wp\/v2\/media\/7298"}],"wp:attachment":[{"href":"https:\/\/prensa.sma.gob.ar\/index.php?rest_route=%2Fwp%2Fv2%2Fmedia&parent=7293"}],"wp:term":[{"taxonomy":"category","embeddable":true,"href":"https:\/\/prensa.sma.gob.ar\/index.php?rest_route=%2Fwp%2Fv2%2Fcategories&post=7293"},{"taxonomy":"post_tag","embeddable":true,"href":"https:\/\/prensa.sma.gob.ar\/index.php?rest_route=%2Fwp%2Fv2%2Ftags&post=7293"}],"curies":[{"name":"wp","href":"https:\/\/api.w.org\/{rel}","templated":true}]}}