{"id":7300,"date":"2025-05-22T15:25:08","date_gmt":"2025-05-22T15:25:08","guid":{"rendered":"https:\/\/prensa.sma.gob.ar\/?p=7300"},"modified":"2025-05-22T15:29:55","modified_gmt":"2025-05-22T15:29:55","slug":"expreso-los-andes-incorporara-cuatro-nuevas-unidades-para-el-transporte-urbano-entre-junio-y-septiembre","status":"publish","type":"post","link":"https:\/\/prensa.sma.gob.ar\/?p=7300","title":{"rendered":"Expreso Los Andes incorporar\u00e1 cuatro nuevas unidades para el urbano entre junio y septiembre"},"content":{"rendered":"\n<p>La empresa Expreso Colonia, propietaria de Expreso Los Andes, que presta el servicio urbano de pasajeros de San Mart\u00edn de los Andes, incorporar\u00e1 dos unidades cero kil\u00f3metro en junio y otras dos antes de octubre. Un quinto colectivo, tambi\u00e9n cero kil\u00f3metro, ser\u00e1 asignado al servicio interurbano entre San Mart\u00edn y Jun\u00edn de los Andes.<\/p>\n\n\n\n<p>El anuncio fue realizado este jueves al intendente municipal, Carlos Saloniti, por los responsables de la empresa, Rub\u00e9n C\u00e1ceres y Nicol\u00e1s C\u00e1ceres, quienes visitaron al jefe comunal para conversar sobre varios temas vinculados por el transporte urbano.<\/p>\n\n\n\n<p>Los empresarios especificaron que las dos primeras unidades se incorporar\u00e1n en unas semanas, como parte del programa de renovaci\u00f3n de unidades. En julio de 2024 se sumaron tres colectivos al servicio municipal y al interurbano provincial.<\/p>\n\n\n\n<p>Durante el encuentro, la empresa se comprometi\u00f3 a sumarse a la campa\u00f1a de difusi\u00f3n en sus unidades del c\u00f3digo QR que permite a ciudadanos y ciudadanas aportar datos para combatir el microtr\u00e1fico de drogas.<\/p>\n","protected":false},"excerpt":{"rendered":"<p>La empresa Expreso Colonia, propietaria de Expreso Los Andes, que presta el servicio urbano de pasajeros de San Mart\u00edn de los Andes, incorporar\u00e1 dos unidades cero kil\u00f3metro en junio y otras dos antes de octubre. Un quinto colectivo, tambi\u00e9n cero kil\u00f3metro, ser\u00e1 asignado al servicio interurbano entre San Mart\u00edn y Jun\u00edn de los Andes. El [&hellip;]<\/p>\n","protected":false},"author":1,"featured_media":7301,"comment_status":"closed","ping_status":"open","sticky":false,"template":"","format":"standard","meta":{"footnotes":""},"categories":[16,14,17],"tags":[],"class_list":{"0":"post-7300","1":"post","2":"type-post","3":"status-publish","4":"format-standard","5":"has-post-thumbnail","7":"category-destacadas","8":"category-noticias","9":"category-portada"},"_links":{"self":[{"href":"https:\/\/prensa.sma.gob.ar\/index.php?rest_route=\/wp\/v2\/posts\/7300","targetHints":{"allow":["GET"]}}],"collection":[{"href":"https:\/\/prensa.sma.gob.ar\/index.php?rest_route=\/wp\/v2\/posts"}],"about":[{"href":"https:\/\/prensa.sma.gob.ar\/index.php?rest_route=\/wp\/v2\/types\/post"}],"author":[{"embeddable":true,"href":"https:\/\/prensa.sma.gob.ar\/index.php?rest_route=\/wp\/v2\/users\/1"}],"replies":[{"embeddable":true,"href":"https:\/\/prensa.sma.gob.ar\/index.php?rest_route=%2Fwp%2Fv2%2Fcomments&post=7300"}],"version-history":[{"count":2,"href":"https:\/\/prensa.sma.gob.ar\/index.php?rest_route=\/wp\/v2\/posts\/7300\/revisions"}],"predecessor-version":[{"id":7304,"href":"https:\/\/prensa.sma.gob.ar\/index.php?rest_route=\/wp\/v2\/posts\/7300\/revisions\/7304"}],"wp:featuredmedia":[{"embeddable":true,"href":"https:\/\/prensa.sma.gob.ar\/index.php?rest_route=\/wp\/v2\/media\/7301"}],"wp:attachment":[{"href":"https:\/\/prensa.sma.gob.ar\/index.php?rest_route=%2Fwp%2Fv2%2Fmedia&parent=7300"}],"wp:term":[{"taxonomy":"category","embeddable":true,"href":"https:\/\/prensa.sma.gob.ar\/index.php?rest_route=%2Fwp%2Fv2%2Fcategories&post=7300"},{"taxonomy":"post_tag","embeddable":true,"href":"https:\/\/prensa.sma.gob.ar\/index.php?rest_route=%2Fwp%2Fv2%2Ftags&post=7300"}],"curies":[{"name":"wp","href":"https:\/\/api.w.org\/{rel}","templated":true}]}}