{"id":7307,"date":"2025-05-22T23:42:23","date_gmt":"2025-05-22T23:42:23","guid":{"rendered":"https:\/\/prensa.sma.gob.ar\/?p=7307"},"modified":"2025-05-22T23:42:25","modified_gmt":"2025-05-22T23:42:25","slug":"el-municipio-y-la-fiscalia-general-de-la-provincia-firmaron-convenios-contra-el-trafico-de-drogas","status":"publish","type":"post","link":"https:\/\/prensa.sma.gob.ar\/?p=7307","title":{"rendered":"El Municipio y la Fiscal\u00eda General de la provincia firmaron convenios contra el tr\u00e1fico de drogas"},"content":{"rendered":"\n<p>El fiscal general de la provincia de Neuqu\u00e9n, Jos\u00e9 Gerez, y el intendente de San Mart\u00edn de los Andes, Carlos Saloniti, firmaron dos convenios para fomentar las denuncias an\u00f3nimas y establecer zonas que mejoren la lucha contra el microtr\u00e1fico de drogas en la ciudad.<\/p>\n\n\n\n<p>A partir de estos acuerdos, el Municipio comenzar\u00e1 a difundir un c\u00f3digo QR que permitir\u00e1 a las vecinas y vecinos aportar datos para combatir el microtr\u00e1fico de drogas, mediante una campa\u00f1a que abarcar\u00e1 a los colectivos del transporte urbano, redes sociales y documentaci\u00f3n oficial.<\/p>\n\n\n\n<p>Este c\u00f3digo QR permitir\u00e1 a los vecinos y vecinas acceder a la p\u00e1gina del Ministerio P\u00fablico Fiscal (MPF) y aportar datos sobre la venta de drogas en sus barrios. La Fiscal\u00eda ratific\u00f3 que el aporte de informaci\u00f3n ser\u00e1 an\u00f3nimo, seguro y confiable.<\/p>\n\n\n\n<p>\u00abQuiero agradecer al intendente Saloniti estas acciones concretas de colaboraci\u00f3n para contribuir a la lucha del microtr\u00e1fico\u00bb, destac\u00f3 Gerez. &#8216;El trabajo conjunto que estamos desarrollando con el ministerio de Seguridad, con el gobierno de la provincia, con los dem\u00e1s Poderes del Estado y con los intendentes, en este caso, con el de San Mart\u00edn de los Andes, est\u00e1 dando sus frutos\u00bb.<\/p>\n\n\n\n<p>El jefe comunal se\u00f1al\u00f3 que \u00abnosotros queremos tener resultados, que ya se est\u00e1n viendo, pero tenemos que llegar a fondo porque la batalla no es sencilla, pero se requiere mucho compromiso de absolutamente todos, y que ninguno diga `yo no me meto en esto\u00b4. Porque despu\u00e9s, m\u00e1s tarde o m\u00e1s temprano, las consecuencias las pagamos todos\u00bb.<\/p>\n\n\n\n<p>Saloniti especific\u00f3 que el transporte p\u00fablico de pasajeros y las paradas de colectivos ser\u00e1n los primeros lugares en los que empezar\u00e1 la difusi\u00f3n del c\u00f3digo QR.<\/p>\n\n\n<div class=\"wp-block-image\">\n<figure class=\"aligncenter size-large is-resized\"><img loading=\"lazy\" decoding=\"async\" width=\"1024\" height=\"1024\" src=\"https:\/\/prensa.sma.gob.ar\/wp-content\/uploads\/2025\/05\/WhatsApp-Image-2025-05-22-at-12.18.47-1024x1024.jpeg\" alt=\"\" class=\"wp-image-7308\" style=\"width:446px;height:auto\" srcset=\"https:\/\/prensa.sma.gob.ar\/wp-content\/uploads\/2025\/05\/WhatsApp-Image-2025-05-22-at-12.18.47-1024x1024.jpeg 1024w, https:\/\/prensa.sma.gob.ar\/wp-content\/uploads\/2025\/05\/WhatsApp-Image-2025-05-22-at-12.18.47-300x300.jpeg 300w, https:\/\/prensa.sma.gob.ar\/wp-content\/uploads\/2025\/05\/WhatsApp-Image-2025-05-22-at-12.18.47-150x150.jpeg 150w, https:\/\/prensa.sma.gob.ar\/wp-content\/uploads\/2025\/05\/WhatsApp-Image-2025-05-22-at-12.18.47-768x768.jpeg 768w, https:\/\/prensa.sma.gob.ar\/wp-content\/uploads\/2025\/05\/WhatsApp-Image-2025-05-22-at-12.18.47-420x420.jpeg 420w, https:\/\/prensa.sma.gob.ar\/wp-content\/uploads\/2025\/05\/WhatsApp-Image-2025-05-22-at-12.18.47-696x696.jpeg 696w, https:\/\/prensa.sma.gob.ar\/wp-content\/uploads\/2025\/05\/WhatsApp-Image-2025-05-22-at-12.18.47-1068x1068.jpeg 1068w, https:\/\/prensa.sma.gob.ar\/wp-content\/uploads\/2025\/05\/WhatsApp-Image-2025-05-22-at-12.18.47.jpeg 1113w\" sizes=\"auto, (max-width: 1024px) 100vw, 1024px\" \/><\/figure>\n<\/div>\n\n\n<p><strong>Zonificaci\u00f3n de San Mart\u00edn de los Andes<\/strong><\/p>\n\n\n\n<p>El otro convenio firmado entre Gerez y el intendente Saloniti permitir\u00e1 establecer la zonificaci\u00f3n de la ciudad para realizar las investigaciones de microtr\u00e1fico. Luego de dos d\u00edas de trabajo de los equipos t\u00e9cnicos del Municipio y la Fiscal\u00eda, se establecieron cinco zonas que comprenden a cerca de 30 barrios de la ciudad.<\/p>\n\n\n\n<p>La zonificaci\u00f3n \u00abno s\u00f3lo permitir\u00e1 un an\u00e1lisis profundo y focalizado del comportamiento de la narcocriminalidad, sino que tambi\u00e9n posibilitar\u00e1 la identificaci\u00f3n de mercados abiertos de drogas y de quienes se dedican a la comercializaci\u00f3n de estupefacientes\u00bb, indic\u00f3 Gerez.<\/p>\n\n\n\n<p>La zonificaci\u00f3n acordada fue la siguiente:<\/p>\n\n\n\n<p>Zona 1: comprende el barrio Centro, Casco Viejo, y los Barrios contenidos en la Ladera del Curruinca (Barrio Vallejo, Godoy, Parque sur y Buenos Aires chico).<\/p>\n\n\n\n<p>Zona 2: comprende el barrio Arenal, Chacra IV, Villa Paur, Gobernadores Neuquinos, Los Radaleshy&nbsp; Kumel Kayen.<\/p>\n\n\n\n<p>Zona 3: comprende el barrio Villa Vega, Las Rosas, Faldeos, San Fernando, Chapelco, Villa Parque la Cascada; y&nbsp; \u00c1rea de callejones (Gingins, de Bello y de Torres)<\/p>\n\n\n\n<p>Zona 4: comprende el barrios Vega Maip\u00fa, Nahuilen, Ruca Hue, El Pehual; Cordones de Chapelco (chacra 30, 26, 28, 32).<\/p>\n\n\n\n<p>Zona 5: comprende el barrio Caleuche Bajo, Caleuche Alto, Intercultural; barrios ubicados a la vera de las ruta 62.<\/p>\n\n\n\n<figure class=\"wp-block-gallery has-nested-images columns-default is-cropped wp-block-gallery-1 is-layout-flex wp-block-gallery-is-layout-flex\">\n<figure class=\"wp-block-image size-large\"><img loading=\"lazy\" decoding=\"async\" width=\"1024\" height=\"623\" data-id=\"7312\" src=\"https:\/\/prensa.sma.gob.ar\/wp-content\/uploads\/2025\/05\/WhatsApp-Image-2025-05-21-at-12.03.08-1-1024x623.jpeg\" alt=\"\" class=\"wp-image-7312\" srcset=\"https:\/\/prensa.sma.gob.ar\/wp-content\/uploads\/2025\/05\/WhatsApp-Image-2025-05-21-at-12.03.08-1-1024x623.jpeg 1024w, https:\/\/prensa.sma.gob.ar\/wp-content\/uploads\/2025\/05\/WhatsApp-Image-2025-05-21-at-12.03.08-1-300x182.jpeg 300w, https:\/\/prensa.sma.gob.ar\/wp-content\/uploads\/2025\/05\/WhatsApp-Image-2025-05-21-at-12.03.08-1-768x467.jpeg 768w, https:\/\/prensa.sma.gob.ar\/wp-content\/uploads\/2025\/05\/WhatsApp-Image-2025-05-21-at-12.03.08-1-1536x934.jpeg 1536w, https:\/\/prensa.sma.gob.ar\/wp-content\/uploads\/2025\/05\/WhatsApp-Image-2025-05-21-at-12.03.08-1-691x420.jpeg 691w, https:\/\/prensa.sma.gob.ar\/wp-content\/uploads\/2025\/05\/WhatsApp-Image-2025-05-21-at-12.03.08-1-696x423.jpeg 696w, https:\/\/prensa.sma.gob.ar\/wp-content\/uploads\/2025\/05\/WhatsApp-Image-2025-05-21-at-12.03.08-1-1068x649.jpeg 1068w, https:\/\/prensa.sma.gob.ar\/wp-content\/uploads\/2025\/05\/WhatsApp-Image-2025-05-21-at-12.03.08-1.jpeg 1600w\" sizes=\"auto, (max-width: 1024px) 100vw, 1024px\" \/><\/figure>\n\n\n\n<figure class=\"wp-block-image size-large\"><img loading=\"lazy\" decoding=\"async\" width=\"1024\" height=\"648\" data-id=\"7310\" src=\"https:\/\/prensa.sma.gob.ar\/wp-content\/uploads\/2025\/05\/WhatsApp-Image-2025-05-21-at-12.03.08-1024x648.jpeg\" alt=\"\" class=\"wp-image-7310\" srcset=\"https:\/\/prensa.sma.gob.ar\/wp-content\/uploads\/2025\/05\/WhatsApp-Image-2025-05-21-at-12.03.08-1024x648.jpeg 1024w, https:\/\/prensa.sma.gob.ar\/wp-content\/uploads\/2025\/05\/WhatsApp-Image-2025-05-21-at-12.03.08-300x190.jpeg 300w, https:\/\/prensa.sma.gob.ar\/wp-content\/uploads\/2025\/05\/WhatsApp-Image-2025-05-21-at-12.03.08-768x486.jpeg 768w, https:\/\/prensa.sma.gob.ar\/wp-content\/uploads\/2025\/05\/WhatsApp-Image-2025-05-21-at-12.03.08-1536x972.jpeg 1536w, https:\/\/prensa.sma.gob.ar\/wp-content\/uploads\/2025\/05\/WhatsApp-Image-2025-05-21-at-12.03.08-664x420.jpeg 664w, https:\/\/prensa.sma.gob.ar\/wp-content\/uploads\/2025\/05\/WhatsApp-Image-2025-05-21-at-12.03.08-696x440.jpeg 696w, https:\/\/prensa.sma.gob.ar\/wp-content\/uploads\/2025\/05\/WhatsApp-Image-2025-05-21-at-12.03.08-1068x676.jpeg 1068w, https:\/\/prensa.sma.gob.ar\/wp-content\/uploads\/2025\/05\/WhatsApp-Image-2025-05-21-at-12.03.08.jpeg 1600w\" sizes=\"auto, (max-width: 1024px) 100vw, 1024px\" \/><\/figure>\n\n\n\n<figure class=\"wp-block-image size-large\"><img loading=\"lazy\" decoding=\"async\" width=\"1024\" height=\"576\" data-id=\"7311\" src=\"https:\/\/prensa.sma.gob.ar\/wp-content\/uploads\/2025\/05\/WhatsApp-Image-2025-05-21-at-12.03.07-3-1024x576.jpeg\" alt=\"\" class=\"wp-image-7311\" srcset=\"https:\/\/prensa.sma.gob.ar\/wp-content\/uploads\/2025\/05\/WhatsApp-Image-2025-05-21-at-12.03.07-3-1024x576.jpeg 1024w, https:\/\/prensa.sma.gob.ar\/wp-content\/uploads\/2025\/05\/WhatsApp-Image-2025-05-21-at-12.03.07-3-300x169.jpeg 300w, https:\/\/prensa.sma.gob.ar\/wp-content\/uploads\/2025\/05\/WhatsApp-Image-2025-05-21-at-12.03.07-3-768x432.jpeg 768w, https:\/\/prensa.sma.gob.ar\/wp-content\/uploads\/2025\/05\/WhatsApp-Image-2025-05-21-at-12.03.07-3-1536x864.jpeg 1536w, https:\/\/prensa.sma.gob.ar\/wp-content\/uploads\/2025\/05\/WhatsApp-Image-2025-05-21-at-12.03.07-3-747x420.jpeg 747w, https:\/\/prensa.sma.gob.ar\/wp-content\/uploads\/2025\/05\/WhatsApp-Image-2025-05-21-at-12.03.07-3-696x392.jpeg 696w, https:\/\/prensa.sma.gob.ar\/wp-content\/uploads\/2025\/05\/WhatsApp-Image-2025-05-21-at-12.03.07-3-1068x601.jpeg 1068w, https:\/\/prensa.sma.gob.ar\/wp-content\/uploads\/2025\/05\/WhatsApp-Image-2025-05-21-at-12.03.07-3.jpeg 1600w\" sizes=\"auto, (max-width: 1024px) 100vw, 1024px\" \/><\/figure>\n\n\n\n<figure class=\"wp-block-image size-large\"><img loading=\"lazy\" decoding=\"async\" width=\"1024\" height=\"576\" data-id=\"7309\" src=\"https:\/\/prensa.sma.gob.ar\/wp-content\/uploads\/2025\/05\/WhatsApp-Image-2025-05-21-at-12.03.07-2-1024x576.jpeg\" alt=\"\" class=\"wp-image-7309\" srcset=\"https:\/\/prensa.sma.gob.ar\/wp-content\/uploads\/2025\/05\/WhatsApp-Image-2025-05-21-at-12.03.07-2-1024x576.jpeg 1024w, https:\/\/prensa.sma.gob.ar\/wp-content\/uploads\/2025\/05\/WhatsApp-Image-2025-05-21-at-12.03.07-2-300x169.jpeg 300w, https:\/\/prensa.sma.gob.ar\/wp-content\/uploads\/2025\/05\/WhatsApp-Image-2025-05-21-at-12.03.07-2-768x432.jpeg 768w, https:\/\/prensa.sma.gob.ar\/wp-content\/uploads\/2025\/05\/WhatsApp-Image-2025-05-21-at-12.03.07-2-1536x864.jpeg 1536w, https:\/\/prensa.sma.gob.ar\/wp-content\/uploads\/2025\/05\/WhatsApp-Image-2025-05-21-at-12.03.07-2-747x420.jpeg 747w, https:\/\/prensa.sma.gob.ar\/wp-content\/uploads\/2025\/05\/WhatsApp-Image-2025-05-21-at-12.03.07-2-696x392.jpeg 696w, https:\/\/prensa.sma.gob.ar\/wp-content\/uploads\/2025\/05\/WhatsApp-Image-2025-05-21-at-12.03.07-2-1068x601.jpeg 1068w, https:\/\/prensa.sma.gob.ar\/wp-content\/uploads\/2025\/05\/WhatsApp-Image-2025-05-21-at-12.03.07-2.jpeg 1600w\" sizes=\"auto, (max-width: 1024px) 100vw, 1024px\" \/><\/figure>\n\n\n\n<figure class=\"wp-block-image size-large\"><img loading=\"lazy\" decoding=\"async\" width=\"1024\" height=\"605\" data-id=\"7313\" src=\"https:\/\/prensa.sma.gob.ar\/wp-content\/uploads\/2025\/05\/WhatsApp-Image-2025-05-21-at-12.03.07-1-1024x605.jpeg\" alt=\"\" class=\"wp-image-7313\" srcset=\"https:\/\/prensa.sma.gob.ar\/wp-content\/uploads\/2025\/05\/WhatsApp-Image-2025-05-21-at-12.03.07-1-1024x605.jpeg 1024w, https:\/\/prensa.sma.gob.ar\/wp-content\/uploads\/2025\/05\/WhatsApp-Image-2025-05-21-at-12.03.07-1-300x177.jpeg 300w, https:\/\/prensa.sma.gob.ar\/wp-content\/uploads\/2025\/05\/WhatsApp-Image-2025-05-21-at-12.03.07-1-768x454.jpeg 768w, https:\/\/prensa.sma.gob.ar\/wp-content\/uploads\/2025\/05\/WhatsApp-Image-2025-05-21-at-12.03.07-1-1536x908.jpeg 1536w, https:\/\/prensa.sma.gob.ar\/wp-content\/uploads\/2025\/05\/WhatsApp-Image-2025-05-21-at-12.03.07-1-710x420.jpeg 710w, https:\/\/prensa.sma.gob.ar\/wp-content\/uploads\/2025\/05\/WhatsApp-Image-2025-05-21-at-12.03.07-1-696x412.jpeg 696w, https:\/\/prensa.sma.gob.ar\/wp-content\/uploads\/2025\/05\/WhatsApp-Image-2025-05-21-at-12.03.07-1-1068x631.jpeg 1068w, https:\/\/prensa.sma.gob.ar\/wp-content\/uploads\/2025\/05\/WhatsApp-Image-2025-05-21-at-12.03.07-1.jpeg 1600w\" sizes=\"auto, (max-width: 1024px) 100vw, 1024px\" \/><\/figure>\n\n\n\n<figure class=\"wp-block-image size-large\"><img loading=\"lazy\" decoding=\"async\" width=\"1024\" height=\"576\" data-id=\"7314\" src=\"https:\/\/prensa.sma.gob.ar\/wp-content\/uploads\/2025\/05\/WhatsApp-Image-2025-05-21-at-12.03.07-1024x576.jpeg\" alt=\"\" class=\"wp-image-7314\" srcset=\"https:\/\/prensa.sma.gob.ar\/wp-content\/uploads\/2025\/05\/WhatsApp-Image-2025-05-21-at-12.03.07-1024x576.jpeg 1024w, https:\/\/prensa.sma.gob.ar\/wp-content\/uploads\/2025\/05\/WhatsApp-Image-2025-05-21-at-12.03.07-300x169.jpeg 300w, https:\/\/prensa.sma.gob.ar\/wp-content\/uploads\/2025\/05\/WhatsApp-Image-2025-05-21-at-12.03.07-768x432.jpeg 768w, https:\/\/prensa.sma.gob.ar\/wp-content\/uploads\/2025\/05\/WhatsApp-Image-2025-05-21-at-12.03.07-1536x864.jpeg 1536w, https:\/\/prensa.sma.gob.ar\/wp-content\/uploads\/2025\/05\/WhatsApp-Image-2025-05-21-at-12.03.07-747x420.jpeg 747w, https:\/\/prensa.sma.gob.ar\/wp-content\/uploads\/2025\/05\/WhatsApp-Image-2025-05-21-at-12.03.07-696x392.jpeg 696w, https:\/\/prensa.sma.gob.ar\/wp-content\/uploads\/2025\/05\/WhatsApp-Image-2025-05-21-at-12.03.07-1068x601.jpeg 1068w, https:\/\/prensa.sma.gob.ar\/wp-content\/uploads\/2025\/05\/WhatsApp-Image-2025-05-21-at-12.03.07.jpeg 1600w\" sizes=\"auto, (max-width: 1024px) 100vw, 1024px\" \/><\/figure>\n\n\n\n<figure class=\"wp-block-image size-large\"><img loading=\"lazy\" decoding=\"async\" width=\"1024\" height=\"561\" data-id=\"7316\" src=\"https:\/\/prensa.sma.gob.ar\/wp-content\/uploads\/2025\/05\/WhatsApp-Image-2025-05-22-at-12.22.48-2-1024x561.jpeg\" alt=\"\" class=\"wp-image-7316\" srcset=\"https:\/\/prensa.sma.gob.ar\/wp-content\/uploads\/2025\/05\/WhatsApp-Image-2025-05-22-at-12.22.48-2-1024x561.jpeg 1024w, https:\/\/prensa.sma.gob.ar\/wp-content\/uploads\/2025\/05\/WhatsApp-Image-2025-05-22-at-12.22.48-2-300x164.jpeg 300w, https:\/\/prensa.sma.gob.ar\/wp-content\/uploads\/2025\/05\/WhatsApp-Image-2025-05-22-at-12.22.48-2-768x420.jpeg 768w, https:\/\/prensa.sma.gob.ar\/wp-content\/uploads\/2025\/05\/WhatsApp-Image-2025-05-22-at-12.22.48-2-1536x841.jpeg 1536w, https:\/\/prensa.sma.gob.ar\/wp-content\/uploads\/2025\/05\/WhatsApp-Image-2025-05-22-at-12.22.48-2-767x420.jpeg 767w, https:\/\/prensa.sma.gob.ar\/wp-content\/uploads\/2025\/05\/WhatsApp-Image-2025-05-22-at-12.22.48-2-696x381.jpeg 696w, https:\/\/prensa.sma.gob.ar\/wp-content\/uploads\/2025\/05\/WhatsApp-Image-2025-05-22-at-12.22.48-2-1068x585.jpeg 1068w, https:\/\/prensa.sma.gob.ar\/wp-content\/uploads\/2025\/05\/WhatsApp-Image-2025-05-22-at-12.22.48-2.jpeg 1600w\" sizes=\"auto, (max-width: 1024px) 100vw, 1024px\" \/><\/figure>\n\n\n\n<figure class=\"wp-block-image size-large\"><img loading=\"lazy\" decoding=\"async\" width=\"1024\" height=\"551\" data-id=\"7315\" src=\"https:\/\/prensa.sma.gob.ar\/wp-content\/uploads\/2025\/05\/WhatsApp-Image-2025-05-22-at-12.22.48-1-1024x551.jpeg\" alt=\"\" class=\"wp-image-7315\" srcset=\"https:\/\/prensa.sma.gob.ar\/wp-content\/uploads\/2025\/05\/WhatsApp-Image-2025-05-22-at-12.22.48-1-1024x551.jpeg 1024w, https:\/\/prensa.sma.gob.ar\/wp-content\/uploads\/2025\/05\/WhatsApp-Image-2025-05-22-at-12.22.48-1-300x161.jpeg 300w, https:\/\/prensa.sma.gob.ar\/wp-content\/uploads\/2025\/05\/WhatsApp-Image-2025-05-22-at-12.22.48-1-768x413.jpeg 768w, https:\/\/prensa.sma.gob.ar\/wp-content\/uploads\/2025\/05\/WhatsApp-Image-2025-05-22-at-12.22.48-1-1536x827.jpeg 1536w, https:\/\/prensa.sma.gob.ar\/wp-content\/uploads\/2025\/05\/WhatsApp-Image-2025-05-22-at-12.22.48-1-780x420.jpeg 780w, https:\/\/prensa.sma.gob.ar\/wp-content\/uploads\/2025\/05\/WhatsApp-Image-2025-05-22-at-12.22.48-1-696x375.jpeg 696w, https:\/\/prensa.sma.gob.ar\/wp-content\/uploads\/2025\/05\/WhatsApp-Image-2025-05-22-at-12.22.48-1-1068x575.jpeg 1068w, https:\/\/prensa.sma.gob.ar\/wp-content\/uploads\/2025\/05\/WhatsApp-Image-2025-05-22-at-12.22.48-1.jpeg 1600w\" sizes=\"auto, (max-width: 1024px) 100vw, 1024px\" \/><\/figure>\n\n\n\n<figure class=\"wp-block-image size-large\"><img loading=\"lazy\" decoding=\"async\" width=\"1024\" height=\"576\" data-id=\"7317\" src=\"https:\/\/prensa.sma.gob.ar\/wp-content\/uploads\/2025\/05\/WhatsApp-Image-2025-05-22-at-12.22.48-1024x576.jpeg\" alt=\"\" class=\"wp-image-7317\" srcset=\"https:\/\/prensa.sma.gob.ar\/wp-content\/uploads\/2025\/05\/WhatsApp-Image-2025-05-22-at-12.22.48-1024x576.jpeg 1024w, https:\/\/prensa.sma.gob.ar\/wp-content\/uploads\/2025\/05\/WhatsApp-Image-2025-05-22-at-12.22.48-300x169.jpeg 300w, https:\/\/prensa.sma.gob.ar\/wp-content\/uploads\/2025\/05\/WhatsApp-Image-2025-05-22-at-12.22.48-768x432.jpeg 768w, https:\/\/prensa.sma.gob.ar\/wp-content\/uploads\/2025\/05\/WhatsApp-Image-2025-05-22-at-12.22.48-1536x864.jpeg 1536w, https:\/\/prensa.sma.gob.ar\/wp-content\/uploads\/2025\/05\/WhatsApp-Image-2025-05-22-at-12.22.48-747x420.jpeg 747w, https:\/\/prensa.sma.gob.ar\/wp-content\/uploads\/2025\/05\/WhatsApp-Image-2025-05-22-at-12.22.48-696x392.jpeg 696w, https:\/\/prensa.sma.gob.ar\/wp-content\/uploads\/2025\/05\/WhatsApp-Image-2025-05-22-at-12.22.48-1068x601.jpeg 1068w, https:\/\/prensa.sma.gob.ar\/wp-content\/uploads\/2025\/05\/WhatsApp-Image-2025-05-22-at-12.22.48.jpeg 1600w\" sizes=\"auto, (max-width: 1024px) 100vw, 1024px\" \/><\/figure>\n<\/figure>\n","protected":false},"excerpt":{"rendered":"<p>El fiscal general de la provincia de Neuqu\u00e9n, Jos\u00e9 Gerez, y el intendente de San Mart\u00edn de los Andes, Carlos Saloniti, firmaron dos convenios para fomentar las denuncias an\u00f3nimas y establecer zonas que mejoren la lucha contra el microtr\u00e1fico de drogas en la ciudad. A partir de estos acuerdos, el Municipio comenzar\u00e1 a difundir un [&hellip;]<\/p>\n","protected":false},"author":2,"featured_media":7317,"comment_status":"closed","ping_status":"open","sticky":false,"template":"","format":"standard","meta":{"footnotes":""},"categories":[16,14,17],"tags":[],"class_list":{"0":"post-7307","1":"post","2":"type-post","3":"status-publish","4":"format-standard","5":"has-post-thumbnail","7":"category-destacadas","8":"category-noticias","9":"category-portada"},"_links":{"self":[{"href":"https:\/\/prensa.sma.gob.ar\/index.php?rest_route=\/wp\/v2\/posts\/7307","targetHints":{"allow":["GET"]}}],"collection":[{"href":"https:\/\/prensa.sma.gob.ar\/index.php?rest_route=\/wp\/v2\/posts"}],"about":[{"href":"https:\/\/prensa.sma.gob.ar\/index.php?rest_route=\/wp\/v2\/types\/post"}],"author":[{"embeddable":true,"href":"https:\/\/prensa.sma.gob.ar\/index.php?rest_route=\/wp\/v2\/users\/2"}],"replies":[{"embeddable":true,"href":"https:\/\/prensa.sma.gob.ar\/index.php?rest_route=%2Fwp%2Fv2%2Fcomments&post=7307"}],"version-history":[{"count":1,"href":"https:\/\/prensa.sma.gob.ar\/index.php?rest_route=\/wp\/v2\/posts\/7307\/revisions"}],"predecessor-version":[{"id":7318,"href":"https:\/\/prensa.sma.gob.ar\/index.php?rest_route=\/wp\/v2\/posts\/7307\/revisions\/7318"}],"wp:featuredmedia":[{"embeddable":true,"href":"https:\/\/prensa.sma.gob.ar\/index.php?rest_route=\/wp\/v2\/media\/7317"}],"wp:attachment":[{"href":"https:\/\/prensa.sma.gob.ar\/index.php?rest_route=%2Fwp%2Fv2%2Fmedia&parent=7307"}],"wp:term":[{"taxonomy":"category","embeddable":true,"href":"https:\/\/prensa.sma.gob.ar\/index.php?rest_route=%2Fwp%2Fv2%2Fcategories&post=7307"},{"taxonomy":"post_tag","embeddable":true,"href":"https:\/\/prensa.sma.gob.ar\/index.php?rest_route=%2Fwp%2Fv2%2Ftags&post=7307"}],"curies":[{"name":"wp","href":"https:\/\/api.w.org\/{rel}","templated":true}]}}