{"id":7322,"date":"2025-05-23T14:38:18","date_gmt":"2025-05-23T14:38:18","guid":{"rendered":"https:\/\/prensa.sma.gob.ar\/?p=7322"},"modified":"2025-05-23T14:38:21","modified_gmt":"2025-05-23T14:38:21","slug":"provincia-y-municipio-analizan-un-protocolo-ante-situaciones-de-violencia-de-genero-del-personal-municipal","status":"publish","type":"post","link":"https:\/\/prensa.sma.gob.ar\/?p=7322","title":{"rendered":"Provincia y Municipio analizan un protocolo ante situaciones de violencia de g\u00e9nero del personal municipal"},"content":{"rendered":"\n<p>El intendente Carlos Saloniti particip\u00f3 esta semana del primero de una serie de encuentros organizados por funcionarios provinciales para elaborar un protocolo de intervenci\u00f3n ante situaciones de violencia de g\u00e9nero del personal municipal.<\/p>\n\n\n\n<p>La convocatoria estuvo a cargo de la secretaria de G\u00e9nero y Enlace Institucional de la provincia de Neuqu\u00e9n, Natalia Fenizi, dependiente del Ministerio de Desarrollo Humano, Gobiernos Locales y Mujeres.<\/p>\n\n\n\n<p>Estos encuentros servir\u00e1n para exponer estrategias de abordaje implementadas ante situaciones de violencia en los \u00e1mbitos laborales y para buscar consensos sobre el tratamiento adecuado, estandarizado, com\u00fan y regional, ante este tipo de situaciones.<\/p>\n\n\n\n<p>La secretar\u00eda de G\u00e9nero y Enlace Institucional estim\u00f3 que el resultado de los encuentros se ver\u00e1 plasmado en minutas y en la elaboraci\u00f3n de un protocolo durante los pr\u00f3ximos seis meses.<\/p>\n","protected":false},"excerpt":{"rendered":"<p>El intendente Carlos Saloniti particip\u00f3 esta semana del primero de una serie de encuentros organizados por funcionarios provinciales para elaborar un protocolo de intervenci\u00f3n ante situaciones de violencia de g\u00e9nero del personal municipal. La convocatoria estuvo a cargo de la secretaria de G\u00e9nero y Enlace Institucional de la provincia de Neuqu\u00e9n, Natalia Fenizi, dependiente del [&hellip;]<\/p>\n","protected":false},"author":1,"featured_media":7323,"comment_status":"closed","ping_status":"open","sticky":false,"template":"","format":"standard","meta":{"footnotes":""},"categories":[14],"tags":[],"class_list":{"0":"post-7322","1":"post","2":"type-post","3":"status-publish","4":"format-standard","5":"has-post-thumbnail","7":"category-noticias"},"_links":{"self":[{"href":"https:\/\/prensa.sma.gob.ar\/index.php?rest_route=\/wp\/v2\/posts\/7322","targetHints":{"allow":["GET"]}}],"collection":[{"href":"https:\/\/prensa.sma.gob.ar\/index.php?rest_route=\/wp\/v2\/posts"}],"about":[{"href":"https:\/\/prensa.sma.gob.ar\/index.php?rest_route=\/wp\/v2\/types\/post"}],"author":[{"embeddable":true,"href":"https:\/\/prensa.sma.gob.ar\/index.php?rest_route=\/wp\/v2\/users\/1"}],"replies":[{"embeddable":true,"href":"https:\/\/prensa.sma.gob.ar\/index.php?rest_route=%2Fwp%2Fv2%2Fcomments&post=7322"}],"version-history":[{"count":1,"href":"https:\/\/prensa.sma.gob.ar\/index.php?rest_route=\/wp\/v2\/posts\/7322\/revisions"}],"predecessor-version":[{"id":7324,"href":"https:\/\/prensa.sma.gob.ar\/index.php?rest_route=\/wp\/v2\/posts\/7322\/revisions\/7324"}],"wp:featuredmedia":[{"embeddable":true,"href":"https:\/\/prensa.sma.gob.ar\/index.php?rest_route=\/wp\/v2\/media\/7323"}],"wp:attachment":[{"href":"https:\/\/prensa.sma.gob.ar\/index.php?rest_route=%2Fwp%2Fv2%2Fmedia&parent=7322"}],"wp:term":[{"taxonomy":"category","embeddable":true,"href":"https:\/\/prensa.sma.gob.ar\/index.php?rest_route=%2Fwp%2Fv2%2Fcategories&post=7322"},{"taxonomy":"post_tag","embeddable":true,"href":"https:\/\/prensa.sma.gob.ar\/index.php?rest_route=%2Fwp%2Fv2%2Ftags&post=7322"}],"curies":[{"name":"wp","href":"https:\/\/api.w.org\/{rel}","templated":true}]}}