{"id":7385,"date":"2025-05-24T18:30:28","date_gmt":"2025-05-24T18:30:28","guid":{"rendered":"https:\/\/prensa.sma.gob.ar\/?p=7385"},"modified":"2025-05-24T18:37:50","modified_gmt":"2025-05-24T18:37:50","slug":"el-municipio-y-la-fundacion-osde-ampliaron-el-convenio-para-nuevas-acciones-culturales","status":"publish","type":"post","link":"https:\/\/prensa.sma.gob.ar\/?p=7385","title":{"rendered":"El Municipio y la Fundaci\u00f3n Osde ampliaron el convenio para nuevas acciones culturales"},"content":{"rendered":"\n<p>La Municipalidad de San Mart\u00edn de los Andes y la Fundaci\u00f3n Osde firmaron un convenio de cooperaci\u00f3n para reforzar el v\u00ednculo con la promoci\u00f3n de la cultura y ampliar la posibilidad de realizar otras acciones conjuntas.<\/p>\n\n\n\n<p>Este acuerdo permitir\u00e1 mejorar a\u00fan m\u00e1s la colaboraci\u00f3n que, desde 2013, la Fundaci\u00f3n Osde presta para la organizaci\u00f3n del Festival Internacional de T\u00edteres de San Mart\u00edn de los Andes, con el armado de la muestra y los talleres que acompa\u00f1an cada temporada del encuentro anual.<\/p>\n\n\n\n<p>El convenio fue suscripto entre el intendente Carlos Saloniti y el representante de la Fundaci\u00f3n Osde de la regi\u00f3n norpatag\u00f3nica, Andy Garaygorta, durante un acto del que particip\u00f3 el director de Gesti\u00f3n Cultural, Juan Pablo Roca, en representaci\u00f3n del secretario del \u00e1rea, Gustavo Santos.<\/p>\n\n\n\n<p>El texto del convenio establece que \u201ctendr\u00e1 vigencia por un a\u00f1o renovable autom\u00e1ticamente\u201d y que \u201cambas partes favorecer\u00e1n la concertaci\u00f3n de programas de cooperaci\u00f3n para la ejecuci\u00f3n conjunta y coordinada de proyectos en \u00e1reas de mutuo inter\u00e9s\u201d instrumentadas \u201cbajo la figura de programas de trabajo o de intercambio\u201d.<\/p>\n\n\n\n<p>La Fundaci\u00f3n Osde naci\u00f3 a finales de 1991 con la intenci\u00f3n de apoyar y generar actividades en los campos de la salud, la sociedad y la cultura a nivel nacional.<\/p>\n\n\n\n<figure class=\"wp-block-gallery has-nested-images columns-default is-cropped wp-block-gallery-1 is-layout-flex wp-block-gallery-is-layout-flex\">\n<figure class=\"wp-block-image size-large\"><img loading=\"lazy\" decoding=\"async\" width=\"1024\" height=\"1024\" data-id=\"7389\" src=\"https:\/\/prensa.sma.gob.ar\/wp-content\/uploads\/2025\/05\/WhatsApp-Image-2025-05-23-at-18.18.591-1024x1024.jpeg\" alt=\"\" class=\"wp-image-7389\" srcset=\"https:\/\/prensa.sma.gob.ar\/wp-content\/uploads\/2025\/05\/WhatsApp-Image-2025-05-23-at-18.18.591-1024x1024.jpeg 1024w, https:\/\/prensa.sma.gob.ar\/wp-content\/uploads\/2025\/05\/WhatsApp-Image-2025-05-23-at-18.18.591-300x300.jpeg 300w, https:\/\/prensa.sma.gob.ar\/wp-content\/uploads\/2025\/05\/WhatsApp-Image-2025-05-23-at-18.18.591-150x150.jpeg 150w, https:\/\/prensa.sma.gob.ar\/wp-content\/uploads\/2025\/05\/WhatsApp-Image-2025-05-23-at-18.18.591-768x768.jpeg 768w, https:\/\/prensa.sma.gob.ar\/wp-content\/uploads\/2025\/05\/WhatsApp-Image-2025-05-23-at-18.18.591-420x420.jpeg 420w, https:\/\/prensa.sma.gob.ar\/wp-content\/uploads\/2025\/05\/WhatsApp-Image-2025-05-23-at-18.18.591-696x696.jpeg 696w, https:\/\/prensa.sma.gob.ar\/wp-content\/uploads\/2025\/05\/WhatsApp-Image-2025-05-23-at-18.18.591-1068x1068.jpeg 1068w, https:\/\/prensa.sma.gob.ar\/wp-content\/uploads\/2025\/05\/WhatsApp-Image-2025-05-23-at-18.18.591.jpeg 1280w\" sizes=\"auto, (max-width: 1024px) 100vw, 1024px\" \/><\/figure>\n\n\n\n<figure class=\"wp-block-image size-large\"><img loading=\"lazy\" decoding=\"async\" width=\"1024\" height=\"1024\" data-id=\"7387\" src=\"https:\/\/prensa.sma.gob.ar\/wp-content\/uploads\/2025\/05\/WhatsApp-Image-2025-05-23-at-18.19.02-1024x1024.jpeg\" alt=\"\" class=\"wp-image-7387\" srcset=\"https:\/\/prensa.sma.gob.ar\/wp-content\/uploads\/2025\/05\/WhatsApp-Image-2025-05-23-at-18.19.02-1024x1024.jpeg 1024w, https:\/\/prensa.sma.gob.ar\/wp-content\/uploads\/2025\/05\/WhatsApp-Image-2025-05-23-at-18.19.02-300x300.jpeg 300w, https:\/\/prensa.sma.gob.ar\/wp-content\/uploads\/2025\/05\/WhatsApp-Image-2025-05-23-at-18.19.02-150x150.jpeg 150w, https:\/\/prensa.sma.gob.ar\/wp-content\/uploads\/2025\/05\/WhatsApp-Image-2025-05-23-at-18.19.02-768x768.jpeg 768w, https:\/\/prensa.sma.gob.ar\/wp-content\/uploads\/2025\/05\/WhatsApp-Image-2025-05-23-at-18.19.02-420x420.jpeg 420w, https:\/\/prensa.sma.gob.ar\/wp-content\/uploads\/2025\/05\/WhatsApp-Image-2025-05-23-at-18.19.02-696x696.jpeg 696w, https:\/\/prensa.sma.gob.ar\/wp-content\/uploads\/2025\/05\/WhatsApp-Image-2025-05-23-at-18.19.02-1068x1068.jpeg 1068w, https:\/\/prensa.sma.gob.ar\/wp-content\/uploads\/2025\/05\/WhatsApp-Image-2025-05-23-at-18.19.02.jpeg 1496w\" sizes=\"auto, (max-width: 1024px) 100vw, 1024px\" \/><\/figure>\n\n\n\n<figure class=\"wp-block-image size-large\"><img loading=\"lazy\" decoding=\"async\" width=\"1024\" height=\"1024\" data-id=\"7386\" src=\"https:\/\/prensa.sma.gob.ar\/wp-content\/uploads\/2025\/05\/WhatsApp-Image-2025-05-23-at-18.19.04-1024x1024.jpeg\" alt=\"\" class=\"wp-image-7386\" srcset=\"https:\/\/prensa.sma.gob.ar\/wp-content\/uploads\/2025\/05\/WhatsApp-Image-2025-05-23-at-18.19.04-1024x1024.jpeg 1024w, https:\/\/prensa.sma.gob.ar\/wp-content\/uploads\/2025\/05\/WhatsApp-Image-2025-05-23-at-18.19.04-300x300.jpeg 300w, https:\/\/prensa.sma.gob.ar\/wp-content\/uploads\/2025\/05\/WhatsApp-Image-2025-05-23-at-18.19.04-150x150.jpeg 150w, https:\/\/prensa.sma.gob.ar\/wp-content\/uploads\/2025\/05\/WhatsApp-Image-2025-05-23-at-18.19.04-768x768.jpeg 768w, https:\/\/prensa.sma.gob.ar\/wp-content\/uploads\/2025\/05\/WhatsApp-Image-2025-05-23-at-18.19.04-420x420.jpeg 420w, https:\/\/prensa.sma.gob.ar\/wp-content\/uploads\/2025\/05\/WhatsApp-Image-2025-05-23-at-18.19.04-696x696.jpeg 696w, https:\/\/prensa.sma.gob.ar\/wp-content\/uploads\/2025\/05\/WhatsApp-Image-2025-05-23-at-18.19.04-1068x1068.jpeg 1068w, https:\/\/prensa.sma.gob.ar\/wp-content\/uploads\/2025\/05\/WhatsApp-Image-2025-05-23-at-18.19.04.jpeg 1496w\" sizes=\"auto, (max-width: 1024px) 100vw, 1024px\" \/><\/figure>\n<\/figure>\n","protected":false},"excerpt":{"rendered":"<p>La Municipalidad de San Mart\u00edn de los Andes y la Fundaci\u00f3n Osde firmaron un convenio de cooperaci\u00f3n para reforzar el v\u00ednculo con la promoci\u00f3n de la cultura y ampliar la posibilidad de realizar otras acciones conjuntas. Este acuerdo permitir\u00e1 mejorar a\u00fan m\u00e1s la colaboraci\u00f3n que, desde 2013, la Fundaci\u00f3n Osde presta para la organizaci\u00f3n del [&hellip;]<\/p>\n","protected":false},"author":2,"featured_media":7390,"comment_status":"closed","ping_status":"open","sticky":false,"template":"","format":"standard","meta":{"footnotes":""},"categories":[5,16,14],"tags":[],"class_list":{"0":"post-7385","1":"post","2":"type-post","3":"status-publish","4":"format-standard","5":"has-post-thumbnail","7":"category-cultura","8":"category-destacadas","9":"category-noticias"},"_links":{"self":[{"href":"https:\/\/prensa.sma.gob.ar\/index.php?rest_route=\/wp\/v2\/posts\/7385","targetHints":{"allow":["GET"]}}],"collection":[{"href":"https:\/\/prensa.sma.gob.ar\/index.php?rest_route=\/wp\/v2\/posts"}],"about":[{"href":"https:\/\/prensa.sma.gob.ar\/index.php?rest_route=\/wp\/v2\/types\/post"}],"author":[{"embeddable":true,"href":"https:\/\/prensa.sma.gob.ar\/index.php?rest_route=\/wp\/v2\/users\/2"}],"replies":[{"embeddable":true,"href":"https:\/\/prensa.sma.gob.ar\/index.php?rest_route=%2Fwp%2Fv2%2Fcomments&post=7385"}],"version-history":[{"count":2,"href":"https:\/\/prensa.sma.gob.ar\/index.php?rest_route=\/wp\/v2\/posts\/7385\/revisions"}],"predecessor-version":[{"id":7392,"href":"https:\/\/prensa.sma.gob.ar\/index.php?rest_route=\/wp\/v2\/posts\/7385\/revisions\/7392"}],"wp:featuredmedia":[{"embeddable":true,"href":"https:\/\/prensa.sma.gob.ar\/index.php?rest_route=\/wp\/v2\/media\/7390"}],"wp:attachment":[{"href":"https:\/\/prensa.sma.gob.ar\/index.php?rest_route=%2Fwp%2Fv2%2Fmedia&parent=7385"}],"wp:term":[{"taxonomy":"category","embeddable":true,"href":"https:\/\/prensa.sma.gob.ar\/index.php?rest_route=%2Fwp%2Fv2%2Fcategories&post=7385"},{"taxonomy":"post_tag","embeddable":true,"href":"https:\/\/prensa.sma.gob.ar\/index.php?rest_route=%2Fwp%2Fv2%2Ftags&post=7385"}],"curies":[{"name":"wp","href":"https:\/\/api.w.org\/{rel}","templated":true}]}}