{"id":744,"date":"2024-06-28T17:49:46","date_gmt":"2024-06-28T17:49:46","guid":{"rendered":"https:\/\/prensa.sma.gob.ar\/?p=744"},"modified":"2024-06-28T17:49:47","modified_gmt":"2024-06-28T17:49:47","slug":"produccion-y-empleo-recuerda-los-beneficios-del-compostaje","status":"publish","type":"post","link":"https:\/\/prensa.sma.gob.ar\/?p=744","title":{"rendered":"Producci\u00f3n y Empleo recuerda los beneficios del compostaje"},"content":{"rendered":"\n<p>La Subsecretar\u00eda de Producci\u00f3n y Empleo del Municipio nos recuerda que el compostaje implica aprovechar la materia org\u00e1nica del hogar en lugar de desecharla a la basura.<\/p>\n\n\n\n<p>Restos de vegetales, c\u00e1scaras de huevo, caf\u00e9, yerba mate, ramas, hojas de plantas y pasto, entre otros org\u00e1nicos, tienen la capacidad de convertirse en abono compuesto.<\/p>\n\n\n\n<p>Se <a><\/a>calcula que cada persona genera aproximadamente 1kg de basura al d\u00eda, de los cuales se estima que la mitad es material org\u00e1nico. <img loading=\"lazy\" decoding=\"async\" height=\"16\" width=\"16\" alt=\"\ud83c\udf43\" src=\"https:\/\/static.xx.fbcdn.net\/images\/emoji.php\/v9\/ta\/1\/16\/1f343.png\"><\/p>\n\n\n\n<p>Esta pr\u00e1ctica tambi\u00e9n conlleva una notable reducci\u00f3n del volumen total de desechos dom\u00e9sticos.<\/p>\n\n\n\n<p>Adem\u00e1s, el compostaje contribuye a la conservaci\u00f3n del agua y la energ\u00eda al mejorar la capacidad de retenci\u00f3n de agua del suelo y reducir la erosi\u00f3n.<\/p>\n\n\n\n<p>El compostaje domiciliario contribuye positivamente a la salud del suelo y de las plantas, fomenta el uso eficiente de recursos naturales y promueve una mayor conciencia ambiental.<\/p>\n\n\n\n<p>Es una pr\u00e1ctica accesible y beneficiosa que cualquier hogar puede adoptar para contribuir al cuidado del medio ambiente de manera significativa.<\/p>\n\n\n\n<p>La Unidad Agroecol\u00f3gica Abono Compuesto ofrece a la comunidad asesoramiento t\u00e9cnico personalizado en la producci\u00f3n de hortalizas y compostaje.<\/p>\n\n\n\n<p>Adem\u00e1s, durante todo el a\u00f1o, ofrece intercambios de semillas de hortalizas y florales, brindando la oportunidad de diversificar sus cultivos y enriquecer su experiencia agr\u00edcola. <img loading=\"lazy\" decoding=\"async\" height=\"16\" width=\"16\" alt=\"\ud83c\udf31\" src=\"https:\/\/static.xx.fbcdn.net\/images\/emoji.php\/v9\/t69\/1\/16\/1f331.png\"><\/p>\n\n\n\n<p>M\u00e1s informaci\u00f3n en la oficina de Producci\u00f3n, ubicada dentro del edificio de Turismo, de lunes a viernes, de 8 a 14 horas, o al WhatsApp al +5492972432482. <img loading=\"lazy\" decoding=\"async\" height=\"16\" width=\"16\" alt=\"\u260e\ufe0f\" src=\"https:\/\/static.xx.fbcdn.net\/images\/emoji.php\/v9\/t22\/1\/16\/260e.png\"><\/p>\n","protected":false},"excerpt":{"rendered":"<p>La Subsecretar\u00eda de Producci\u00f3n y Empleo del Municipio nos recuerda que el compostaje implica aprovechar la materia org\u00e1nica del hogar en lugar de desecharla a la basura. Restos de vegetales, c\u00e1scaras de huevo, caf\u00e9, yerba mate, ramas, hojas de plantas y pasto, entre otros org\u00e1nicos, tienen la capacidad de convertirse en abono compuesto. Se calcula [&hellip;]<\/p>\n","protected":false},"author":2,"featured_media":745,"comment_status":"closed","ping_status":"open","sticky":false,"template":"","format":"standard","meta":{"footnotes":""},"categories":[14,38],"tags":[],"class_list":{"0":"post-744","1":"post","2":"type-post","3":"status-publish","4":"format-standard","5":"has-post-thumbnail","7":"category-noticias","8":"category-subsecretaria-produccion-empleo-y-juventud"},"_links":{"self":[{"href":"https:\/\/prensa.sma.gob.ar\/index.php?rest_route=\/wp\/v2\/posts\/744","targetHints":{"allow":["GET"]}}],"collection":[{"href":"https:\/\/prensa.sma.gob.ar\/index.php?rest_route=\/wp\/v2\/posts"}],"about":[{"href":"https:\/\/prensa.sma.gob.ar\/index.php?rest_route=\/wp\/v2\/types\/post"}],"author":[{"embeddable":true,"href":"https:\/\/prensa.sma.gob.ar\/index.php?rest_route=\/wp\/v2\/users\/2"}],"replies":[{"embeddable":true,"href":"https:\/\/prensa.sma.gob.ar\/index.php?rest_route=%2Fwp%2Fv2%2Fcomments&post=744"}],"version-history":[{"count":1,"href":"https:\/\/prensa.sma.gob.ar\/index.php?rest_route=\/wp\/v2\/posts\/744\/revisions"}],"predecessor-version":[{"id":746,"href":"https:\/\/prensa.sma.gob.ar\/index.php?rest_route=\/wp\/v2\/posts\/744\/revisions\/746"}],"wp:featuredmedia":[{"embeddable":true,"href":"https:\/\/prensa.sma.gob.ar\/index.php?rest_route=\/wp\/v2\/media\/745"}],"wp:attachment":[{"href":"https:\/\/prensa.sma.gob.ar\/index.php?rest_route=%2Fwp%2Fv2%2Fmedia&parent=744"}],"wp:term":[{"taxonomy":"category","embeddable":true,"href":"https:\/\/prensa.sma.gob.ar\/index.php?rest_route=%2Fwp%2Fv2%2Fcategories&post=744"},{"taxonomy":"post_tag","embeddable":true,"href":"https:\/\/prensa.sma.gob.ar\/index.php?rest_route=%2Fwp%2Fv2%2Ftags&post=744"}],"curies":[{"name":"wp","href":"https:\/\/api.w.org\/{rel}","templated":true}]}}