{"id":7457,"date":"2025-05-25T21:56:00","date_gmt":"2025-05-25T21:56:00","guid":{"rendered":"https:\/\/prensa.sma.gob.ar\/?p=7457"},"modified":"2025-05-26T02:01:28","modified_gmt":"2025-05-26T02:01:28","slug":"el-intendente-carlos-saloniti-participo-del-acto-por-la-revolucion-de-mayo-organizado-por-el-ejercito","status":"publish","type":"post","link":"https:\/\/prensa.sma.gob.ar\/?p=7457","title":{"rendered":"El intendente Carlos Saloniti particip\u00f3 del acto por la Revoluci\u00f3n de Mayo organizado por el Ej\u00e9rcito"},"content":{"rendered":"\n<p>La ceremonia se realiz\u00f3 este domingo en la Plaza de Armas del Regimiento de Caballer\u00eda de Exploraci\u00f3n de Monta\u00f1a 4 \u00abCoraceros General Lavalle\u00bb y estuvo precedida por el tradicional chocolate al que tambi\u00e9n asisti\u00f3 el jefe comunal, acompa\u00f1ado por el secretario de Turismo, Alejandro Apaolaza.<\/p>\n\n\n\n<figure class=\"wp-block-gallery has-nested-images columns-default is-cropped wp-block-gallery-1 is-layout-flex wp-block-gallery-is-layout-flex\">\n<figure class=\"wp-block-image size-large\"><img loading=\"lazy\" decoding=\"async\" width=\"1024\" height=\"576\" data-id=\"7467\" src=\"https:\/\/prensa.sma.gob.ar\/wp-content\/uploads\/2025\/05\/WhatsApp-Image-2025-05-25-at-14.20.23-1024x576.jpeg\" alt=\"\" class=\"wp-image-7467\" srcset=\"https:\/\/prensa.sma.gob.ar\/wp-content\/uploads\/2025\/05\/WhatsApp-Image-2025-05-25-at-14.20.23-1024x576.jpeg 1024w, https:\/\/prensa.sma.gob.ar\/wp-content\/uploads\/2025\/05\/WhatsApp-Image-2025-05-25-at-14.20.23-300x169.jpeg 300w, https:\/\/prensa.sma.gob.ar\/wp-content\/uploads\/2025\/05\/WhatsApp-Image-2025-05-25-at-14.20.23-768x432.jpeg 768w, https:\/\/prensa.sma.gob.ar\/wp-content\/uploads\/2025\/05\/WhatsApp-Image-2025-05-25-at-14.20.23-1536x864.jpeg 1536w, https:\/\/prensa.sma.gob.ar\/wp-content\/uploads\/2025\/05\/WhatsApp-Image-2025-05-25-at-14.20.23-747x420.jpeg 747w, https:\/\/prensa.sma.gob.ar\/wp-content\/uploads\/2025\/05\/WhatsApp-Image-2025-05-25-at-14.20.23-696x392.jpeg 696w, https:\/\/prensa.sma.gob.ar\/wp-content\/uploads\/2025\/05\/WhatsApp-Image-2025-05-25-at-14.20.23-1068x601.jpeg 1068w, https:\/\/prensa.sma.gob.ar\/wp-content\/uploads\/2025\/05\/WhatsApp-Image-2025-05-25-at-14.20.23.jpeg 1600w\" sizes=\"auto, (max-width: 1024px) 100vw, 1024px\" \/><\/figure>\n\n\n\n<figure class=\"wp-block-image size-large\"><img loading=\"lazy\" decoding=\"async\" width=\"1024\" height=\"576\" data-id=\"7466\" src=\"https:\/\/prensa.sma.gob.ar\/wp-content\/uploads\/2025\/05\/WhatsApp-Image-2025-05-25-at-14.20.24-1024x576.jpeg\" alt=\"\" class=\"wp-image-7466\" srcset=\"https:\/\/prensa.sma.gob.ar\/wp-content\/uploads\/2025\/05\/WhatsApp-Image-2025-05-25-at-14.20.24-1024x576.jpeg 1024w, https:\/\/prensa.sma.gob.ar\/wp-content\/uploads\/2025\/05\/WhatsApp-Image-2025-05-25-at-14.20.24-300x169.jpeg 300w, https:\/\/prensa.sma.gob.ar\/wp-content\/uploads\/2025\/05\/WhatsApp-Image-2025-05-25-at-14.20.24-768x432.jpeg 768w, https:\/\/prensa.sma.gob.ar\/wp-content\/uploads\/2025\/05\/WhatsApp-Image-2025-05-25-at-14.20.24-1536x864.jpeg 1536w, https:\/\/prensa.sma.gob.ar\/wp-content\/uploads\/2025\/05\/WhatsApp-Image-2025-05-25-at-14.20.24-747x420.jpeg 747w, https:\/\/prensa.sma.gob.ar\/wp-content\/uploads\/2025\/05\/WhatsApp-Image-2025-05-25-at-14.20.24-696x392.jpeg 696w, https:\/\/prensa.sma.gob.ar\/wp-content\/uploads\/2025\/05\/WhatsApp-Image-2025-05-25-at-14.20.24-1068x601.jpeg 1068w, https:\/\/prensa.sma.gob.ar\/wp-content\/uploads\/2025\/05\/WhatsApp-Image-2025-05-25-at-14.20.24.jpeg 1600w\" sizes=\"auto, (max-width: 1024px) 100vw, 1024px\" \/><\/figure>\n\n\n\n<figure class=\"wp-block-image size-large\"><img loading=\"lazy\" decoding=\"async\" width=\"1024\" height=\"576\" data-id=\"7465\" src=\"https:\/\/prensa.sma.gob.ar\/wp-content\/uploads\/2025\/05\/WhatsApp-Image-2025-05-25-at-14.20.241-1024x576.jpeg\" alt=\"\" class=\"wp-image-7465\" srcset=\"https:\/\/prensa.sma.gob.ar\/wp-content\/uploads\/2025\/05\/WhatsApp-Image-2025-05-25-at-14.20.241-1024x576.jpeg 1024w, https:\/\/prensa.sma.gob.ar\/wp-content\/uploads\/2025\/05\/WhatsApp-Image-2025-05-25-at-14.20.241-300x169.jpeg 300w, https:\/\/prensa.sma.gob.ar\/wp-content\/uploads\/2025\/05\/WhatsApp-Image-2025-05-25-at-14.20.241-768x432.jpeg 768w, https:\/\/prensa.sma.gob.ar\/wp-content\/uploads\/2025\/05\/WhatsApp-Image-2025-05-25-at-14.20.241-1536x864.jpeg 1536w, https:\/\/prensa.sma.gob.ar\/wp-content\/uploads\/2025\/05\/WhatsApp-Image-2025-05-25-at-14.20.241-747x420.jpeg 747w, https:\/\/prensa.sma.gob.ar\/wp-content\/uploads\/2025\/05\/WhatsApp-Image-2025-05-25-at-14.20.241-696x392.jpeg 696w, https:\/\/prensa.sma.gob.ar\/wp-content\/uploads\/2025\/05\/WhatsApp-Image-2025-05-25-at-14.20.241-1068x601.jpeg 1068w, https:\/\/prensa.sma.gob.ar\/wp-content\/uploads\/2025\/05\/WhatsApp-Image-2025-05-25-at-14.20.241.jpeg 1600w\" sizes=\"auto, (max-width: 1024px) 100vw, 1024px\" \/><\/figure>\n\n\n\n<figure class=\"wp-block-image size-large\"><img loading=\"lazy\" decoding=\"async\" width=\"1024\" height=\"579\" data-id=\"7464\" src=\"https:\/\/prensa.sma.gob.ar\/wp-content\/uploads\/2025\/05\/WhatsApp-Image-2025-05-25-at-14.20.25-1024x579.jpeg\" alt=\"\" class=\"wp-image-7464\" srcset=\"https:\/\/prensa.sma.gob.ar\/wp-content\/uploads\/2025\/05\/WhatsApp-Image-2025-05-25-at-14.20.25-1024x579.jpeg 1024w, https:\/\/prensa.sma.gob.ar\/wp-content\/uploads\/2025\/05\/WhatsApp-Image-2025-05-25-at-14.20.25-300x170.jpeg 300w, https:\/\/prensa.sma.gob.ar\/wp-content\/uploads\/2025\/05\/WhatsApp-Image-2025-05-25-at-14.20.25-768x434.jpeg 768w, https:\/\/prensa.sma.gob.ar\/wp-content\/uploads\/2025\/05\/WhatsApp-Image-2025-05-25-at-14.20.25-1536x869.jpeg 1536w, https:\/\/prensa.sma.gob.ar\/wp-content\/uploads\/2025\/05\/WhatsApp-Image-2025-05-25-at-14.20.25-743x420.jpeg 743w, https:\/\/prensa.sma.gob.ar\/wp-content\/uploads\/2025\/05\/WhatsApp-Image-2025-05-25-at-14.20.25-696x394.jpeg 696w, https:\/\/prensa.sma.gob.ar\/wp-content\/uploads\/2025\/05\/WhatsApp-Image-2025-05-25-at-14.20.25-1068x604.jpeg 1068w, https:\/\/prensa.sma.gob.ar\/wp-content\/uploads\/2025\/05\/WhatsApp-Image-2025-05-25-at-14.20.25.jpeg 1600w\" sizes=\"auto, (max-width: 1024px) 100vw, 1024px\" \/><\/figure>\n\n\n\n<figure class=\"wp-block-image size-large\"><img loading=\"lazy\" decoding=\"async\" width=\"1024\" height=\"576\" data-id=\"7463\" src=\"https:\/\/prensa.sma.gob.ar\/wp-content\/uploads\/2025\/05\/WhatsApp-Image-2025-05-25-at-14.20.26-1024x576.jpeg\" alt=\"\" class=\"wp-image-7463\" srcset=\"https:\/\/prensa.sma.gob.ar\/wp-content\/uploads\/2025\/05\/WhatsApp-Image-2025-05-25-at-14.20.26-1024x576.jpeg 1024w, https:\/\/prensa.sma.gob.ar\/wp-content\/uploads\/2025\/05\/WhatsApp-Image-2025-05-25-at-14.20.26-300x169.jpeg 300w, https:\/\/prensa.sma.gob.ar\/wp-content\/uploads\/2025\/05\/WhatsApp-Image-2025-05-25-at-14.20.26-768x432.jpeg 768w, https:\/\/prensa.sma.gob.ar\/wp-content\/uploads\/2025\/05\/WhatsApp-Image-2025-05-25-at-14.20.26-1536x864.jpeg 1536w, https:\/\/prensa.sma.gob.ar\/wp-content\/uploads\/2025\/05\/WhatsApp-Image-2025-05-25-at-14.20.26-747x420.jpeg 747w, https:\/\/prensa.sma.gob.ar\/wp-content\/uploads\/2025\/05\/WhatsApp-Image-2025-05-25-at-14.20.26-696x392.jpeg 696w, https:\/\/prensa.sma.gob.ar\/wp-content\/uploads\/2025\/05\/WhatsApp-Image-2025-05-25-at-14.20.26-1068x601.jpeg 1068w, https:\/\/prensa.sma.gob.ar\/wp-content\/uploads\/2025\/05\/WhatsApp-Image-2025-05-25-at-14.20.26.jpeg 1600w\" sizes=\"auto, (max-width: 1024px) 100vw, 1024px\" \/><\/figure>\n\n\n\n<figure class=\"wp-block-image size-large\"><img loading=\"lazy\" decoding=\"async\" width=\"1024\" height=\"476\" data-id=\"7461\" src=\"https:\/\/prensa.sma.gob.ar\/wp-content\/uploads\/2025\/05\/WhatsApp-Image-2025-05-25-at-14.20.262-1024x476.jpeg\" alt=\"\" class=\"wp-image-7461\" srcset=\"https:\/\/prensa.sma.gob.ar\/wp-content\/uploads\/2025\/05\/WhatsApp-Image-2025-05-25-at-14.20.262-1024x476.jpeg 1024w, https:\/\/prensa.sma.gob.ar\/wp-content\/uploads\/2025\/05\/WhatsApp-Image-2025-05-25-at-14.20.262-300x139.jpeg 300w, https:\/\/prensa.sma.gob.ar\/wp-content\/uploads\/2025\/05\/WhatsApp-Image-2025-05-25-at-14.20.262-768x357.jpeg 768w, https:\/\/prensa.sma.gob.ar\/wp-content\/uploads\/2025\/05\/WhatsApp-Image-2025-05-25-at-14.20.262-1536x713.jpeg 1536w, https:\/\/prensa.sma.gob.ar\/wp-content\/uploads\/2025\/05\/WhatsApp-Image-2025-05-25-at-14.20.262-904x420.jpeg 904w, https:\/\/prensa.sma.gob.ar\/wp-content\/uploads\/2025\/05\/WhatsApp-Image-2025-05-25-at-14.20.262-696x323.jpeg 696w, https:\/\/prensa.sma.gob.ar\/wp-content\/uploads\/2025\/05\/WhatsApp-Image-2025-05-25-at-14.20.262-1068x496.jpeg 1068w, https:\/\/prensa.sma.gob.ar\/wp-content\/uploads\/2025\/05\/WhatsApp-Image-2025-05-25-at-14.20.262.jpeg 1600w\" sizes=\"auto, (max-width: 1024px) 100vw, 1024px\" \/><\/figure>\n\n\n\n<figure class=\"wp-block-image size-large\"><img loading=\"lazy\" decoding=\"async\" width=\"1024\" height=\"576\" data-id=\"7458\" src=\"https:\/\/prensa.sma.gob.ar\/wp-content\/uploads\/2025\/05\/WhatsApp-Image-2025-05-25-at-14.20.272-1024x576.jpeg\" alt=\"\" class=\"wp-image-7458\" srcset=\"https:\/\/prensa.sma.gob.ar\/wp-content\/uploads\/2025\/05\/WhatsApp-Image-2025-05-25-at-14.20.272-1024x576.jpeg 1024w, https:\/\/prensa.sma.gob.ar\/wp-content\/uploads\/2025\/05\/WhatsApp-Image-2025-05-25-at-14.20.272-300x169.jpeg 300w, https:\/\/prensa.sma.gob.ar\/wp-content\/uploads\/2025\/05\/WhatsApp-Image-2025-05-25-at-14.20.272-768x432.jpeg 768w, https:\/\/prensa.sma.gob.ar\/wp-content\/uploads\/2025\/05\/WhatsApp-Image-2025-05-25-at-14.20.272-1536x864.jpeg 1536w, https:\/\/prensa.sma.gob.ar\/wp-content\/uploads\/2025\/05\/WhatsApp-Image-2025-05-25-at-14.20.272-747x420.jpeg 747w, https:\/\/prensa.sma.gob.ar\/wp-content\/uploads\/2025\/05\/WhatsApp-Image-2025-05-25-at-14.20.272-696x392.jpeg 696w, https:\/\/prensa.sma.gob.ar\/wp-content\/uploads\/2025\/05\/WhatsApp-Image-2025-05-25-at-14.20.272-1068x601.jpeg 1068w, https:\/\/prensa.sma.gob.ar\/wp-content\/uploads\/2025\/05\/WhatsApp-Image-2025-05-25-at-14.20.272.jpeg 1600w\" sizes=\"auto, (max-width: 1024px) 100vw, 1024px\" \/><\/figure>\n\n\n\n<figure class=\"wp-block-image size-large\"><img loading=\"lazy\" decoding=\"async\" width=\"1024\" height=\"576\" data-id=\"7460\" src=\"https:\/\/prensa.sma.gob.ar\/wp-content\/uploads\/2025\/05\/WhatsApp-Image-2025-05-25-at-14.20.27-1024x576.jpeg\" alt=\"\" class=\"wp-image-7460\" srcset=\"https:\/\/prensa.sma.gob.ar\/wp-content\/uploads\/2025\/05\/WhatsApp-Image-2025-05-25-at-14.20.27-1024x576.jpeg 1024w, https:\/\/prensa.sma.gob.ar\/wp-content\/uploads\/2025\/05\/WhatsApp-Image-2025-05-25-at-14.20.27-300x169.jpeg 300w, https:\/\/prensa.sma.gob.ar\/wp-content\/uploads\/2025\/05\/WhatsApp-Image-2025-05-25-at-14.20.27-768x432.jpeg 768w, https:\/\/prensa.sma.gob.ar\/wp-content\/uploads\/2025\/05\/WhatsApp-Image-2025-05-25-at-14.20.27-1536x864.jpeg 1536w, https:\/\/prensa.sma.gob.ar\/wp-content\/uploads\/2025\/05\/WhatsApp-Image-2025-05-25-at-14.20.27-747x420.jpeg 747w, https:\/\/prensa.sma.gob.ar\/wp-content\/uploads\/2025\/05\/WhatsApp-Image-2025-05-25-at-14.20.27-696x392.jpeg 696w, https:\/\/prensa.sma.gob.ar\/wp-content\/uploads\/2025\/05\/WhatsApp-Image-2025-05-25-at-14.20.27-1068x601.jpeg 1068w, https:\/\/prensa.sma.gob.ar\/wp-content\/uploads\/2025\/05\/WhatsApp-Image-2025-05-25-at-14.20.27.jpeg 1600w\" sizes=\"auto, (max-width: 1024px) 100vw, 1024px\" \/><\/figure>\n\n\n\n<figure class=\"wp-block-image size-large\"><img loading=\"lazy\" decoding=\"async\" width=\"1024\" height=\"576\" data-id=\"7459\" src=\"https:\/\/prensa.sma.gob.ar\/wp-content\/uploads\/2025\/05\/WhatsApp-Image-2025-05-25-at-14.20.271-1024x576.jpeg\" alt=\"\" class=\"wp-image-7459\" srcset=\"https:\/\/prensa.sma.gob.ar\/wp-content\/uploads\/2025\/05\/WhatsApp-Image-2025-05-25-at-14.20.271-1024x576.jpeg 1024w, https:\/\/prensa.sma.gob.ar\/wp-content\/uploads\/2025\/05\/WhatsApp-Image-2025-05-25-at-14.20.271-300x169.jpeg 300w, https:\/\/prensa.sma.gob.ar\/wp-content\/uploads\/2025\/05\/WhatsApp-Image-2025-05-25-at-14.20.271-768x432.jpeg 768w, https:\/\/prensa.sma.gob.ar\/wp-content\/uploads\/2025\/05\/WhatsApp-Image-2025-05-25-at-14.20.271-1536x864.jpeg 1536w, https:\/\/prensa.sma.gob.ar\/wp-content\/uploads\/2025\/05\/WhatsApp-Image-2025-05-25-at-14.20.271-747x420.jpeg 747w, https:\/\/prensa.sma.gob.ar\/wp-content\/uploads\/2025\/05\/WhatsApp-Image-2025-05-25-at-14.20.271-696x392.jpeg 696w, https:\/\/prensa.sma.gob.ar\/wp-content\/uploads\/2025\/05\/WhatsApp-Image-2025-05-25-at-14.20.271-1068x601.jpeg 1068w, https:\/\/prensa.sma.gob.ar\/wp-content\/uploads\/2025\/05\/WhatsApp-Image-2025-05-25-at-14.20.271.jpeg 1600w\" sizes=\"auto, (max-width: 1024px) 100vw, 1024px\" \/><\/figure>\n<\/figure>\n\n\n\n<p><br><\/p>\n","protected":false},"excerpt":{"rendered":"<p>La ceremonia se realiz\u00f3 este domingo en la Plaza de Armas del Regimiento de Caballer\u00eda de Exploraci\u00f3n de Monta\u00f1a 4 \u00abCoraceros General Lavalle\u00bb y estuvo precedida por el tradicional chocolate al que tambi\u00e9n asisti\u00f3 el jefe comunal, acompa\u00f1ado por el secretario de Turismo, Alejandro Apaolaza.<\/p>\n","protected":false},"author":2,"featured_media":7462,"comment_status":"closed","ping_status":"open","sticky":false,"template":"","format":"standard","meta":{"footnotes":""},"categories":[16,14],"tags":[],"class_list":{"0":"post-7457","1":"post","2":"type-post","3":"status-publish","4":"format-standard","5":"has-post-thumbnail","7":"category-destacadas","8":"category-noticias"},"_links":{"self":[{"href":"https:\/\/prensa.sma.gob.ar\/index.php?rest_route=\/wp\/v2\/posts\/7457","targetHints":{"allow":["GET"]}}],"collection":[{"href":"https:\/\/prensa.sma.gob.ar\/index.php?rest_route=\/wp\/v2\/posts"}],"about":[{"href":"https:\/\/prensa.sma.gob.ar\/index.php?rest_route=\/wp\/v2\/types\/post"}],"author":[{"embeddable":true,"href":"https:\/\/prensa.sma.gob.ar\/index.php?rest_route=\/wp\/v2\/users\/2"}],"replies":[{"embeddable":true,"href":"https:\/\/prensa.sma.gob.ar\/index.php?rest_route=%2Fwp%2Fv2%2Fcomments&post=7457"}],"version-history":[{"count":1,"href":"https:\/\/prensa.sma.gob.ar\/index.php?rest_route=\/wp\/v2\/posts\/7457\/revisions"}],"predecessor-version":[{"id":7468,"href":"https:\/\/prensa.sma.gob.ar\/index.php?rest_route=\/wp\/v2\/posts\/7457\/revisions\/7468"}],"wp:featuredmedia":[{"embeddable":true,"href":"https:\/\/prensa.sma.gob.ar\/index.php?rest_route=\/wp\/v2\/media\/7462"}],"wp:attachment":[{"href":"https:\/\/prensa.sma.gob.ar\/index.php?rest_route=%2Fwp%2Fv2%2Fmedia&parent=7457"}],"wp:term":[{"taxonomy":"category","embeddable":true,"href":"https:\/\/prensa.sma.gob.ar\/index.php?rest_route=%2Fwp%2Fv2%2Fcategories&post=7457"},{"taxonomy":"post_tag","embeddable":true,"href":"https:\/\/prensa.sma.gob.ar\/index.php?rest_route=%2Fwp%2Fv2%2Ftags&post=7457"}],"curies":[{"name":"wp","href":"https:\/\/api.w.org\/{rel}","templated":true}]}}