{"id":7469,"date":"2025-05-26T13:11:20","date_gmt":"2025-05-26T13:11:20","guid":{"rendered":"https:\/\/prensa.sma.gob.ar\/?p=7469"},"modified":"2025-05-26T13:11:21","modified_gmt":"2025-05-26T13:11:21","slug":"el-gobierno-provincial-adjudico-la-obra-de-pavimentacion-de-la-ruta-a-meliquina","status":"publish","type":"post","link":"https:\/\/prensa.sma.gob.ar\/?p=7469","title":{"rendered":"El Gobierno provincial adjudic\u00f3 la obra de pavimentaci\u00f3n de la ruta a Meliquina"},"content":{"rendered":"\n<p>La Provincia adjudic\u00f3 la pavimentaci\u00f3n de la Ruta Provincial 63, desde el empalme con la Ruta Nacional 40 hasta Villa Meliquina, a la empresa CN Sapag, que ofert\u00f3 por debajo del presupuesto oficial asignado a la obra.<\/p>\n\n\n\n<p>El gobierno provincial inform\u00f3 que avanza en el tr\u00e1mite administrativo para garantizar el inicio de la pavimentaci\u00f3n de los 19 kil\u00f3metros, apenas finalice el actual per\u00edodo de veda clim\u00e1tica.<\/p>\n\n\n\n<p>La obra insumir\u00e1 $29.391.152.442 de inversi\u00f3n -3.000 menos que lo asignado por el Estado neuquino- que ser\u00e1n aportados por fondos propios de la provincia, seg\u00fan confirm\u00f3 la secretaria de Obras P\u00fablicas de Neuqu\u00e9n, arquitecta Tanya Bertoldi.<\/p>\n\n\n\n<p>La Provincia destac\u00f3 que la oferta ganadora fue ostensiblemente menor al presupuesto oficial asignado por el gobierno provincial al momento de efectuar la convocatoria, de 32.337.789.546 de pesos.<\/p>\n\n\n\n<p>La firma del contrato correspondiente est\u00e1 prevista para los pr\u00f3ximos d\u00edas, durante un acto que contar\u00e1 con el gobernador Rolando Figueroa, tras la presentaci\u00f3n de la documentaci\u00f3n necesaria para poder dar inicio a la obra apenas se levante la veda clim\u00e1tica.<\/p>\n\n\n\n<p>En la Regi\u00f3n Lagos del Sur, esta obra se suma a la pavimentaci\u00f3n de la Ruta Provincial 65 en Villa Traful; los 6 kil\u00f3metros de la Ruta Provincial 62 hacia Lago Lolog y la finalizaci\u00f3n de los 12 km de asfalto en la Ruta Provincial 60 hasta el paso Mamuil Malal.<\/p>\n","protected":false},"excerpt":{"rendered":"<p>La Provincia adjudic\u00f3 la pavimentaci\u00f3n de la Ruta Provincial 63, desde el empalme con la Ruta Nacional 40 hasta Villa Meliquina, a la empresa CN Sapag, que ofert\u00f3 por debajo del presupuesto oficial asignado a la obra. El gobierno provincial inform\u00f3 que avanza en el tr\u00e1mite administrativo para garantizar el inicio de la pavimentaci\u00f3n de [&hellip;]<\/p>\n","protected":false},"author":2,"featured_media":7470,"comment_status":"closed","ping_status":"open","sticky":false,"template":"","format":"standard","meta":{"footnotes":""},"categories":[16,14],"tags":[],"class_list":{"0":"post-7469","1":"post","2":"type-post","3":"status-publish","4":"format-standard","5":"has-post-thumbnail","7":"category-destacadas","8":"category-noticias"},"_links":{"self":[{"href":"https:\/\/prensa.sma.gob.ar\/index.php?rest_route=\/wp\/v2\/posts\/7469","targetHints":{"allow":["GET"]}}],"collection":[{"href":"https:\/\/prensa.sma.gob.ar\/index.php?rest_route=\/wp\/v2\/posts"}],"about":[{"href":"https:\/\/prensa.sma.gob.ar\/index.php?rest_route=\/wp\/v2\/types\/post"}],"author":[{"embeddable":true,"href":"https:\/\/prensa.sma.gob.ar\/index.php?rest_route=\/wp\/v2\/users\/2"}],"replies":[{"embeddable":true,"href":"https:\/\/prensa.sma.gob.ar\/index.php?rest_route=%2Fwp%2Fv2%2Fcomments&post=7469"}],"version-history":[{"count":1,"href":"https:\/\/prensa.sma.gob.ar\/index.php?rest_route=\/wp\/v2\/posts\/7469\/revisions"}],"predecessor-version":[{"id":7471,"href":"https:\/\/prensa.sma.gob.ar\/index.php?rest_route=\/wp\/v2\/posts\/7469\/revisions\/7471"}],"wp:featuredmedia":[{"embeddable":true,"href":"https:\/\/prensa.sma.gob.ar\/index.php?rest_route=\/wp\/v2\/media\/7470"}],"wp:attachment":[{"href":"https:\/\/prensa.sma.gob.ar\/index.php?rest_route=%2Fwp%2Fv2%2Fmedia&parent=7469"}],"wp:term":[{"taxonomy":"category","embeddable":true,"href":"https:\/\/prensa.sma.gob.ar\/index.php?rest_route=%2Fwp%2Fv2%2Fcategories&post=7469"},{"taxonomy":"post_tag","embeddable":true,"href":"https:\/\/prensa.sma.gob.ar\/index.php?rest_route=%2Fwp%2Fv2%2Ftags&post=7469"}],"curies":[{"name":"wp","href":"https:\/\/api.w.org\/{rel}","templated":true}]}}