{"id":747,"date":"2024-06-29T17:59:34","date_gmt":"2024-06-29T17:59:34","guid":{"rendered":"https:\/\/prensa.sma.gob.ar\/?p=747"},"modified":"2024-06-29T18:08:16","modified_gmt":"2024-06-29T18:08:16","slug":"el-intendente-explico-a-los-concejales-los-recientes-acuerdos-con-provincia","status":"publish","type":"post","link":"https:\/\/prensa.sma.gob.ar\/?p=747","title":{"rendered":"El intendente explic\u00f3 a los concejales los recientes acuerdos con Provincia"},"content":{"rendered":"\n<p>El intendente de San Mart\u00edn de los Andes, Carlos Saloniti, explic\u00f3 al Concejo Deliberante los alcances del reciente convenio con el Gobierno provincial, que incluy\u00f3 un aporte financiero para el transporte urbano de pasajeros y para hacer frente a gastos por cuestiones clim\u00e1ticas, adem\u00e1s de las obras de electricidad en las 32 Viviendas de Chacra 38.<\/p>\n\n\n\n<p>El jefe comunal convers\u00f3 durante casi dos horas con los representantes legislativos, acompa\u00f1ado por los secretarios de Gobierno, Federico Vita; de Hacienda, Mat\u00edas Fern\u00e1ndez C\u00f3nsoli; y de Servicios P\u00fablicos, H\u00e9ctor Dur\u00e1n.<\/p>\n\n\n\n<p>Luego del encuentro, Saloniti expres\u00f3 que el objetivo fue \u201cagradecer el acompa\u00f1amiento que recib\u00ed al convenio con el gobernador\u201d y fortalecer \u201cel trabajo entre el Ejecutivo y el Legislativo, que nos va a permitir seguir trabajando\u201d.<\/p>\n\n\n\n<p>\u201cEstoy agradecido por el trabajo del Concejo Deliberante y por el compromiso que tiene con la ciudad, marcando lo que est\u00e1 bien y revisando lo que est\u00e1 mal, pero siempre trabajando por la ciudad\u201d, se\u00f1al\u00f3 Saloniti.<\/p>\n\n\n\n<figure class=\"wp-block-gallery has-nested-images columns-default is-cropped wp-block-gallery-1 is-layout-flex wp-block-gallery-is-layout-flex\">\n<figure class=\"wp-block-image size-large\"><img loading=\"lazy\" decoding=\"async\" width=\"1024\" height=\"576\" data-id=\"756\" src=\"https:\/\/prensa.sma.gob.ar\/wp-content\/uploads\/2024\/06\/WhatsApp-Image-2024-06-28-at-12.26.021.jpeg\" alt=\"\" class=\"wp-image-756\" srcset=\"https:\/\/prensa.sma.gob.ar\/wp-content\/uploads\/2024\/06\/WhatsApp-Image-2024-06-28-at-12.26.021.jpeg 1024w, https:\/\/prensa.sma.gob.ar\/wp-content\/uploads\/2024\/06\/WhatsApp-Image-2024-06-28-at-12.26.021-300x169.jpeg 300w, https:\/\/prensa.sma.gob.ar\/wp-content\/uploads\/2024\/06\/WhatsApp-Image-2024-06-28-at-12.26.021-768x432.jpeg 768w, https:\/\/prensa.sma.gob.ar\/wp-content\/uploads\/2024\/06\/WhatsApp-Image-2024-06-28-at-12.26.021-747x420.jpeg 747w, https:\/\/prensa.sma.gob.ar\/wp-content\/uploads\/2024\/06\/WhatsApp-Image-2024-06-28-at-12.26.021-696x392.jpeg 696w\" sizes=\"auto, (max-width: 1024px) 100vw, 1024px\" \/><\/figure>\n\n\n\n<figure class=\"wp-block-image size-large\"><img loading=\"lazy\" decoding=\"async\" width=\"1024\" height=\"591\" data-id=\"755\" src=\"https:\/\/prensa.sma.gob.ar\/wp-content\/uploads\/2024\/06\/WhatsApp-Image-2024-06-28-at-12.26.031.jpeg\" alt=\"\" class=\"wp-image-755\" srcset=\"https:\/\/prensa.sma.gob.ar\/wp-content\/uploads\/2024\/06\/WhatsApp-Image-2024-06-28-at-12.26.031.jpeg 1024w, https:\/\/prensa.sma.gob.ar\/wp-content\/uploads\/2024\/06\/WhatsApp-Image-2024-06-28-at-12.26.031-300x173.jpeg 300w, https:\/\/prensa.sma.gob.ar\/wp-content\/uploads\/2024\/06\/WhatsApp-Image-2024-06-28-at-12.26.031-768x443.jpeg 768w, https:\/\/prensa.sma.gob.ar\/wp-content\/uploads\/2024\/06\/WhatsApp-Image-2024-06-28-at-12.26.031-728x420.jpeg 728w, https:\/\/prensa.sma.gob.ar\/wp-content\/uploads\/2024\/06\/WhatsApp-Image-2024-06-28-at-12.26.031-696x402.jpeg 696w\" sizes=\"auto, (max-width: 1024px) 100vw, 1024px\" \/><\/figure>\n\n\n\n<figure class=\"wp-block-image size-large\"><img loading=\"lazy\" decoding=\"async\" width=\"1024\" height=\"576\" data-id=\"753\" src=\"https:\/\/prensa.sma.gob.ar\/wp-content\/uploads\/2024\/06\/WhatsApp-Image-2024-06-28-at-12.26.043.jpeg\" alt=\"\" class=\"wp-image-753\" srcset=\"https:\/\/prensa.sma.gob.ar\/wp-content\/uploads\/2024\/06\/WhatsApp-Image-2024-06-28-at-12.26.043.jpeg 1024w, https:\/\/prensa.sma.gob.ar\/wp-content\/uploads\/2024\/06\/WhatsApp-Image-2024-06-28-at-12.26.043-300x169.jpeg 300w, https:\/\/prensa.sma.gob.ar\/wp-content\/uploads\/2024\/06\/WhatsApp-Image-2024-06-28-at-12.26.043-768x432.jpeg 768w, https:\/\/prensa.sma.gob.ar\/wp-content\/uploads\/2024\/06\/WhatsApp-Image-2024-06-28-at-12.26.043-747x420.jpeg 747w, https:\/\/prensa.sma.gob.ar\/wp-content\/uploads\/2024\/06\/WhatsApp-Image-2024-06-28-at-12.26.043-696x392.jpeg 696w\" sizes=\"auto, (max-width: 1024px) 100vw, 1024px\" \/><\/figure>\n<\/figure>\n\n\n\n<p>El concejal Pablo Padilla Padilla (MPN) explic\u00f3 que, durante la reuni\u00f3n, se analiz\u00f3 \u201cel nuevo convenio que hemos celebrado con el Estado provincial, con un pr\u00e9stamo que efect\u00faa la Provincia, con un nuevo auxilio al transporte p\u00fablico y con una ayuda por la situaci\u00f3n clim\u00e1tica\u201d. Inform\u00f3 que el pr\u00e9stamo alcanza aproximadamente 508 millones de pesos.<\/p>\n\n\n\n<p>\u201cDesde el \u00e1mbito legislativo, y con alguna preocupaci\u00f3n y buscando alternativas que ayuden, pedimos un encuentro con el intendente. All\u00ed \u00e9l cont\u00f3 los detalles y los pormenores de su viaje. Hablamos de varios puntos, pero del que m\u00e1s se habl\u00f3 es el tema del transporte\u201d, explic\u00f3.<\/p>\n\n\n\n<p>\u201cEl intendente volvi\u00f3 a explicar en detalle lo que ha generado este proceso de recaudaci\u00f3n para el transporte y la incidencia de la tasa vial, que arroj\u00f3 un ingreso del 50 por ciento de lo que esper\u00e1bamos. Tambi\u00e9n preguntamos por el estacionamiento medido y esperamos que, a m\u00e1s tardar, en los primeros d\u00edas de agosto comience a operar\u201d, afirm\u00f3 Padilla, al recordar que todo el ingreso por estacionamiento medido tambi\u00e9n se sumar\u00e1 a la recaudaci\u00f3n por el transporte.<\/p>\n\n\n\n<p>Padilla sostuvo que \u201ctodo fue explicado por el intendente, pero aun as\u00ed, los concejales est\u00e1n preocupados en tanto y en cuanto los niveles est\u00e1n lejos de lo que necesitamos para equilibrar lo que demanda el servicio urbano\u201d.<\/p>\n\n\n\n<p>El legislador tambi\u00e9n inform\u00f3 que \u201chay otros problemas estructurales de la ciudad que tambi\u00e9n se analizaron\u201d y mencion\u00f3 \u201cla ampliaci\u00f3n de ejido, la falta de espacio y gestiones de tierras del Ej\u00e9rcito para la construcci\u00f3n de viviendas, la infraestructura en general, agua y saneamiento, energ\u00eda el\u00e9ctrica y gas, y la concesi\u00f3n del Cerro Chapelco\u201d.<\/p>\n\n\n\n<p>Como conclusi\u00f3n, Padilla se\u00f1al\u00f3 que \u201chemos acordado con el intendente trabajar con m\u00e1s intensidad, articulando acciones con diferentes secretar\u00edas del Municipio para armar una agenda que nos permita encontrarnos con el Estado provincial para elaborar estrategias y acompa\u00f1ar el crecimiento explosivo que demanda nuestra ciudad. Vamos a armar mesas de trabajo y vamos a solicitar un encuentro con el gobernador y sus funcionarios, dentro de lo posible en julio\u201d.<\/p>\n\n\n\n<figure class=\"wp-block-gallery has-nested-images columns-default is-cropped wp-block-gallery-2 is-layout-flex wp-block-gallery-is-layout-flex\">\n<figure class=\"wp-block-image size-large\"><img loading=\"lazy\" decoding=\"async\" width=\"1024\" height=\"576\" data-id=\"749\" src=\"https:\/\/prensa.sma.gob.ar\/wp-content\/uploads\/2024\/06\/WhatsApp-Image-2024-06-28-at-12.26.123.jpeg\" alt=\"\" class=\"wp-image-749\" srcset=\"https:\/\/prensa.sma.gob.ar\/wp-content\/uploads\/2024\/06\/WhatsApp-Image-2024-06-28-at-12.26.123.jpeg 1024w, https:\/\/prensa.sma.gob.ar\/wp-content\/uploads\/2024\/06\/WhatsApp-Image-2024-06-28-at-12.26.123-300x169.jpeg 300w, https:\/\/prensa.sma.gob.ar\/wp-content\/uploads\/2024\/06\/WhatsApp-Image-2024-06-28-at-12.26.123-768x432.jpeg 768w, https:\/\/prensa.sma.gob.ar\/wp-content\/uploads\/2024\/06\/WhatsApp-Image-2024-06-28-at-12.26.123-747x420.jpeg 747w, https:\/\/prensa.sma.gob.ar\/wp-content\/uploads\/2024\/06\/WhatsApp-Image-2024-06-28-at-12.26.123-696x392.jpeg 696w\" sizes=\"auto, (max-width: 1024px) 100vw, 1024px\" \/><\/figure>\n\n\n\n<figure class=\"wp-block-image size-large\"><img loading=\"lazy\" decoding=\"async\" width=\"1024\" height=\"576\" data-id=\"751\" src=\"https:\/\/prensa.sma.gob.ar\/wp-content\/uploads\/2024\/06\/WhatsApp-Image-2024-06-28-at-12.26.081.jpeg\" alt=\"\" class=\"wp-image-751\" srcset=\"https:\/\/prensa.sma.gob.ar\/wp-content\/uploads\/2024\/06\/WhatsApp-Image-2024-06-28-at-12.26.081.jpeg 1024w, https:\/\/prensa.sma.gob.ar\/wp-content\/uploads\/2024\/06\/WhatsApp-Image-2024-06-28-at-12.26.081-300x169.jpeg 300w, https:\/\/prensa.sma.gob.ar\/wp-content\/uploads\/2024\/06\/WhatsApp-Image-2024-06-28-at-12.26.081-768x432.jpeg 768w, https:\/\/prensa.sma.gob.ar\/wp-content\/uploads\/2024\/06\/WhatsApp-Image-2024-06-28-at-12.26.081-747x420.jpeg 747w, https:\/\/prensa.sma.gob.ar\/wp-content\/uploads\/2024\/06\/WhatsApp-Image-2024-06-28-at-12.26.081-696x392.jpeg 696w\" sizes=\"auto, (max-width: 1024px) 100vw, 1024px\" \/><\/figure>\n\n\n\n<figure class=\"wp-block-image size-large\"><img loading=\"lazy\" decoding=\"async\" width=\"1024\" height=\"704\" data-id=\"750\" src=\"https:\/\/prensa.sma.gob.ar\/wp-content\/uploads\/2024\/06\/WhatsApp-Image-2024-06-28-at-12.26.122.jpeg\" alt=\"\" class=\"wp-image-750\" srcset=\"https:\/\/prensa.sma.gob.ar\/wp-content\/uploads\/2024\/06\/WhatsApp-Image-2024-06-28-at-12.26.122.jpeg 1024w, https:\/\/prensa.sma.gob.ar\/wp-content\/uploads\/2024\/06\/WhatsApp-Image-2024-06-28-at-12.26.122-300x206.jpeg 300w, https:\/\/prensa.sma.gob.ar\/wp-content\/uploads\/2024\/06\/WhatsApp-Image-2024-06-28-at-12.26.122-768x528.jpeg 768w, https:\/\/prensa.sma.gob.ar\/wp-content\/uploads\/2024\/06\/WhatsApp-Image-2024-06-28-at-12.26.122-611x420.jpeg 611w, https:\/\/prensa.sma.gob.ar\/wp-content\/uploads\/2024\/06\/WhatsApp-Image-2024-06-28-at-12.26.122-218x150.jpeg 218w, https:\/\/prensa.sma.gob.ar\/wp-content\/uploads\/2024\/06\/WhatsApp-Image-2024-06-28-at-12.26.122-696x479.jpeg 696w\" sizes=\"auto, (max-width: 1024px) 100vw, 1024px\" \/><\/figure>\n<\/figure>\n\n\n\n<p>Por su parte, la presidenta del Concejo Deliberante, Natalia Vita, se\u00f1al\u00f3 que este encuentro sirvi\u00f3 para \u201cplantear a la Provincia los problemas estructurales de San Mart\u00edn de los Andes\u201d y \u201cseguir trabajando en conjunto para buscar soluciones\u201d.<\/p>\n\n\n\n<p>La concejal Jovita Brondo (Juntos por el Cambio Neuqu\u00e9n) agradeci\u00f3 al intendente Saloniti por acercarse al cuerpo legislativo y reconoci\u00f3 que el transporte urbano y las cuestiones clim\u00e1ticas generan \u201cuna situaci\u00f3n preocupante\u201d. Afirm\u00f3 que \u201ca pesar de las ideolog\u00edas pol\u00edticas que tenemos en el Concejo, todos estamos trabajando en conjunto para el bien de la localidad\u201d.<\/p>\n\n\n\n<p>\u201cAgradezco poder estar trabajando con esta libertad de opini\u00f3n y llegar a consensos y buscar lo mejor para San Mart\u00edn\u201d, sostuvo, y reconoci\u00f3 el hecho de que \u201cel intendente estuviera casi dos horas explicando los detalles de su viaje a Neuqu\u00e9n\u201d. Agreg\u00f3 que \u201ces real que no tenemos un a\u00f1o f\u00e1cil, pero si seguimos trabajando de manera fluida, transparente y honesta, siempre surgir\u00e1 la posibilidad de encontrar la soluci\u00f3n\u201d.<\/p>\n\n\n\n<p>\u201cSan Mart\u00edn est\u00e1 detonado en muchas cosas. Se ve el esfuerzo del intendente, de los secretarios, de los empleados municipales, pero siempre vamos atr\u00e1s de los problemas. Y, frente a esto, el dialogo es muy importante para buscar la mejor soluci\u00f3n posible, entre Concejo Deliberante, el Ejecutivo y la comunidad. De esa manera habr\u00eda mas gente trabajando y menos gente opinando\u201d, concluy\u00f3.<\/p>\n\n\n\n<p>La concejal Mar\u00eda Laura Da Pieve inform\u00f3 que \u201cabordamos en profundidad tem\u00e1ticas que tienen que ser ejes de todas las pol\u00edticas p\u00fablicas, trazamos algunas l\u00edneas de acci\u00f3n, manifestamos al intendente algunas cosas que deben mejorar en el v\u00ednculo con el Ejecutivo municipal y tambi\u00e9n propusimos l\u00edneas de acci\u00f3n directa y pol\u00edticas p\u00fablicas, de cara al v\u00ednculo con el Ejecutivo provincial sobre todo en materia de transporte, de infraestructura, de servicios p\u00fablicos y de agua y saneamiento\u201d.<\/p>\n\n\n\n<p>\u201cEntendemos que estos temas deben ser abordados de manera conjunta, r\u00e1pida, con el intendente y el apoyo del Concejo y de los vecinos de San Mart\u00edn de los Andes. El norte es lograr la mejor administraci\u00f3n de los recursos\u201d, afirm\u00f3, y agreg\u00f3 que \u201cEstamos proponiendo algunas cuestiones que necesitan el acompa\u00f1amiento de la provincia en materia presupuestaria\u201d.<\/p>\n\n\n\n<figure class=\"wp-block-image size-full\"><img loading=\"lazy\" decoding=\"async\" width=\"1024\" height=\"576\" src=\"https:\/\/prensa.sma.gob.ar\/wp-content\/uploads\/2024\/06\/WhatsApp-Image-2024-06-28-at-12.26.042.jpeg\" alt=\"\" class=\"wp-image-754\" srcset=\"https:\/\/prensa.sma.gob.ar\/wp-content\/uploads\/2024\/06\/WhatsApp-Image-2024-06-28-at-12.26.042.jpeg 1024w, https:\/\/prensa.sma.gob.ar\/wp-content\/uploads\/2024\/06\/WhatsApp-Image-2024-06-28-at-12.26.042-300x169.jpeg 300w, https:\/\/prensa.sma.gob.ar\/wp-content\/uploads\/2024\/06\/WhatsApp-Image-2024-06-28-at-12.26.042-768x432.jpeg 768w, https:\/\/prensa.sma.gob.ar\/wp-content\/uploads\/2024\/06\/WhatsApp-Image-2024-06-28-at-12.26.042-747x420.jpeg 747w, https:\/\/prensa.sma.gob.ar\/wp-content\/uploads\/2024\/06\/WhatsApp-Image-2024-06-28-at-12.26.042-696x392.jpeg 696w\" sizes=\"auto, (max-width: 1024px) 100vw, 1024px\" \/><\/figure>\n\n\n\n<p>El concejal C\u00e9sar Meza (PRO-NCN) explic\u00f3 que \u201ccada concejal en esta reuni\u00f3n tuvo la oportunidad de expresarle al intendente varios temas relacionados a la gesti\u00f3n municipal actual, Y cada edil manifest\u00f3 su compromiso de trabajar en forma mancomunada con el Gobierno municipal en herramientas que ayuden para una mejor calidad de vida en San Mart\u00edn\u201d.<\/p>\n\n\n\n<p>Concluy\u00f3 que, adem\u00e1s de \u201cencontrar la forma m\u00e1s eficaz para garantizar el transporte p\u00fablico de pasajeros, acordamos trabajar para llevar al Gobernador los temas esenciales que requiere nuestro municipio y que es fundamental el acompa\u00f1amiento del gobierno provincial\u201d.<\/p>\n","protected":false},"excerpt":{"rendered":"<p>El intendente de San Mart\u00edn de los Andes, Carlos Saloniti, explic\u00f3 al Concejo Deliberante los alcances del reciente convenio con el Gobierno provincial, que incluy\u00f3 un aporte financiero para el transporte urbano de pasajeros y para hacer frente a gastos por cuestiones clim\u00e1ticas, adem\u00e1s de las obras de electricidad en las 32 Viviendas de Chacra [&hellip;]<\/p>\n","protected":false},"author":2,"featured_media":752,"comment_status":"closed","ping_status":"open","sticky":false,"template":"","format":"standard","meta":{"footnotes":""},"categories":[6,16,11,14,17],"tags":[],"class_list":{"0":"post-747","1":"post","2":"type-post","3":"status-publish","4":"format-standard","5":"has-post-thumbnail","7":"category-deliberante","8":"category-destacadas","9":"category-gobierno","10":"category-noticias","11":"category-portada"},"_links":{"self":[{"href":"https:\/\/prensa.sma.gob.ar\/index.php?rest_route=\/wp\/v2\/posts\/747","targetHints":{"allow":["GET"]}}],"collection":[{"href":"https:\/\/prensa.sma.gob.ar\/index.php?rest_route=\/wp\/v2\/posts"}],"about":[{"href":"https:\/\/prensa.sma.gob.ar\/index.php?rest_route=\/wp\/v2\/types\/post"}],"author":[{"embeddable":true,"href":"https:\/\/prensa.sma.gob.ar\/index.php?rest_route=\/wp\/v2\/users\/2"}],"replies":[{"embeddable":true,"href":"https:\/\/prensa.sma.gob.ar\/index.php?rest_route=%2Fwp%2Fv2%2Fcomments&post=747"}],"version-history":[{"count":3,"href":"https:\/\/prensa.sma.gob.ar\/index.php?rest_route=\/wp\/v2\/posts\/747\/revisions"}],"predecessor-version":[{"id":760,"href":"https:\/\/prensa.sma.gob.ar\/index.php?rest_route=\/wp\/v2\/posts\/747\/revisions\/760"}],"wp:featuredmedia":[{"embeddable":true,"href":"https:\/\/prensa.sma.gob.ar\/index.php?rest_route=\/wp\/v2\/media\/752"}],"wp:attachment":[{"href":"https:\/\/prensa.sma.gob.ar\/index.php?rest_route=%2Fwp%2Fv2%2Fmedia&parent=747"}],"wp:term":[{"taxonomy":"category","embeddable":true,"href":"https:\/\/prensa.sma.gob.ar\/index.php?rest_route=%2Fwp%2Fv2%2Fcategories&post=747"},{"taxonomy":"post_tag","embeddable":true,"href":"https:\/\/prensa.sma.gob.ar\/index.php?rest_route=%2Fwp%2Fv2%2Ftags&post=747"}],"curies":[{"name":"wp","href":"https:\/\/api.w.org\/{rel}","templated":true}]}}