{"id":7472,"date":"2025-05-26T13:50:19","date_gmt":"2025-05-26T13:50:19","guid":{"rendered":"https:\/\/prensa.sma.gob.ar\/?p=7472"},"modified":"2025-05-26T14:46:49","modified_gmt":"2025-05-26T14:46:49","slug":"frentistas-de-la-calle-los-pinos-definieron-criterios-de-circulacion-y-estacionamiento","status":"publish","type":"post","link":"https:\/\/prensa.sma.gob.ar\/?p=7472","title":{"rendered":"Frentistas de la calle Los Pinos acordaron criterios ante el comienzo de la pavimentaci\u00f3n"},"content":{"rendered":"\n<p>Vecinos y vecinas frentistas de la calle Los Pinos, en el barrio El Arenal, recibieron la noticia de que en los pr\u00f3ximos d\u00edas comenzar\u00e1 la obra de pavimentaci\u00f3n, durante una asamblea en la que debatieron y acordaron aspectos claves del proyecto y el fortalecimiento del trabajo conjunto en torno a una mejora largamente esperada por la comunidad.<\/p>\n\n\n\n<p>En la asamblea, realizada el viernes en el CDI Pichi Rayen, estuvieron presentes autoridades de la Secretaria del Consejo de Planificaci\u00f3n Estrat\u00e9gica (CoPE) y de la Subsecretar\u00eda de Obras P\u00fablicas.<\/p>\n\n\n\n<p>La Subsecretar\u00eda de Obras P\u00fablicas confirm\u00f3 que los trabajos comenzar\u00e1n esta semana y se elabor\u00f3 un proyecto de ordenanza participativo que define el sentido de circulaci\u00f3n, la instalaci\u00f3n de reductores de velocidad y la delimitaci\u00f3n de espacios de estacionamiento en la arteria.<\/p>\n\n\n\n<p>La Secretar\u00eda del COPE destac\u00f3 que la participaci\u00f3n vecinal en este encuentro fue clave para definir criterios que atienden tanto a la funcionalidad como al uso cotidiano del espacio p\u00fablico y record\u00f3 que el proyecto de ordenanza de esta obra tambi\u00e9n se logr\u00f3 de forma participativa.<\/p>\n\n\n\n<p>La obra forma parte del plan de pavimentaci\u00f3n por contribuci\u00f3n por mejoras, financiada con la Tasa Vial, y representa un avance significativo para la conectividad y la seguridad vial en El Arenal.<\/p>\n","protected":false},"excerpt":{"rendered":"<p>Vecinos y vecinas frentistas de la calle Los Pinos, en el barrio El Arenal, recibieron la noticia de que en los pr\u00f3ximos d\u00edas comenzar\u00e1 la obra de pavimentaci\u00f3n, durante una asamblea en la que debatieron y acordaron aspectos claves del proyecto y el fortalecimiento del trabajo conjunto en torno a una mejora largamente esperada por [&hellip;]<\/p>\n","protected":false},"author":2,"featured_media":7473,"comment_status":"closed","ping_status":"open","sticky":false,"template":"","format":"standard","meta":{"footnotes":""},"categories":[4,16,14,19],"tags":[],"class_list":{"0":"post-7472","1":"post","2":"type-post","3":"status-publish","4":"format-standard","5":"has-post-thumbnail","7":"category-cope","8":"category-destacadas","9":"category-noticias","10":"category-obras-y-servicios-publicos"},"_links":{"self":[{"href":"https:\/\/prensa.sma.gob.ar\/index.php?rest_route=\/wp\/v2\/posts\/7472","targetHints":{"allow":["GET"]}}],"collection":[{"href":"https:\/\/prensa.sma.gob.ar\/index.php?rest_route=\/wp\/v2\/posts"}],"about":[{"href":"https:\/\/prensa.sma.gob.ar\/index.php?rest_route=\/wp\/v2\/types\/post"}],"author":[{"embeddable":true,"href":"https:\/\/prensa.sma.gob.ar\/index.php?rest_route=\/wp\/v2\/users\/2"}],"replies":[{"embeddable":true,"href":"https:\/\/prensa.sma.gob.ar\/index.php?rest_route=%2Fwp%2Fv2%2Fcomments&post=7472"}],"version-history":[{"count":2,"href":"https:\/\/prensa.sma.gob.ar\/index.php?rest_route=\/wp\/v2\/posts\/7472\/revisions"}],"predecessor-version":[{"id":7476,"href":"https:\/\/prensa.sma.gob.ar\/index.php?rest_route=\/wp\/v2\/posts\/7472\/revisions\/7476"}],"wp:featuredmedia":[{"embeddable":true,"href":"https:\/\/prensa.sma.gob.ar\/index.php?rest_route=\/wp\/v2\/media\/7473"}],"wp:attachment":[{"href":"https:\/\/prensa.sma.gob.ar\/index.php?rest_route=%2Fwp%2Fv2%2Fmedia&parent=7472"}],"wp:term":[{"taxonomy":"category","embeddable":true,"href":"https:\/\/prensa.sma.gob.ar\/index.php?rest_route=%2Fwp%2Fv2%2Fcategories&post=7472"},{"taxonomy":"post_tag","embeddable":true,"href":"https:\/\/prensa.sma.gob.ar\/index.php?rest_route=%2Fwp%2Fv2%2Ftags&post=7472"}],"curies":[{"name":"wp","href":"https:\/\/api.w.org\/{rel}","templated":true}]}}