{"id":7480,"date":"2025-05-27T03:54:51","date_gmt":"2025-05-27T03:54:51","guid":{"rendered":"https:\/\/prensa.sma.gob.ar\/?p=7480"},"modified":"2025-05-27T03:55:53","modified_gmt":"2025-05-27T03:55:53","slug":"provincia-y-municipio-firmaron-el-convenio-para-un-nuevo-sistema-de-agua-potable-en-payla-menuco","status":"publish","type":"post","link":"https:\/\/prensa.sma.gob.ar\/?p=7480","title":{"rendered":"Provincia y Municipio firman el convenio para el nuevo sistema de agua potable en Payla Menuco"},"content":{"rendered":"\n<p>El Estado provincial acord\u00f3 con el Municipio de San Mart\u00edn de los Andes un aporte no reintegrable para el nuevo sistema de agua potable en los parajes Payla Menuco y Newen Antug, de la comunidad mapuche Curruhuinca.<\/p>\n\n\n\n<p>El convenio establece que la Provincia, \u201ca trav\u00e9s de la Subsecretar\u00eda de Recursos H\u00eddricos, se compromete a realizar un aporte no reintegrable por la suma de 151.528.859 pesos, destinado a la adquisici\u00f3n y construcci\u00f3n de un sistema integral de captaci\u00f3n, almacenamiento y traslado e interconexi\u00f3n de recursos h\u00eddricos\u201d en los mencionados parajes.<\/p>\n\n\n\n<p>El acuerdo fue suscripto este lunes por el gobernador, Rolando Figueroa; el intendente Carlos Saloniti; y el lonko de la comunidad Curruhuinca, Ariel Epulef; la ministra de Desarrollo Humano, Gobiernos Locales y Mujeres, Julieta Corroza; y los ministros Jefe de Gabinete, Juan Luis Ousset; y de Energ\u00eda y Recursos Naturales, Gustavo Medele.<\/p>\n\n\n\n<p>La obra, cuyo plazo de ejecuci\u00f3n no podr\u00e1 ser superior a los 180 d\u00edas corridos a partir de la entrada en vigencia del convenio, contempla \u201cequipamiento de captaci\u00f3n, recintos de protecci\u00f3n, un tanque australiano de gran capacidad y la ejecuci\u00f3n de obras civiles destinadas a garantizar la conducci\u00f3n y distribuci\u00f3n eficiente del recurso en el territorio\u201d.<\/p>\n\n\n\n<p>El nuevo sistema incluir\u00e1 una nueva planta potabilizadora (en reemplazo del filtro actual), que se compone de tres unidades: prefiltraci\u00f3n con un filtro est\u00e1tico sin energ\u00eda el\u00e9ctrica; filtraci\u00f3n multimedia y desinfecci\u00f3n.<\/p>\n\n\n\n<p>El Municipio especific\u00f3 que \u201cla concreci\u00f3n de esta obra reviste un car\u00e1cter estrat\u00e9gico para la Municipalidad, dado que permitir\u00e1 optimizar la captaci\u00f3n y el aprovechamiento de caudales naturales existentes; y mejorar la distribuci\u00f3n interna de los recursos h\u00eddricos dentro de la comunidad, disminuyendo la dependencia de soluciones provisorias o de emergencia\u201d.<\/p>\n\n\n\n<p>Tambi\u00e9n permitir\u00e1 \u201cfortalecer el desarrollo local, permitiendo a la Comunidad Curruhuinca consolidar procesos productivos, tur\u00edsticos y de mejoramiento del h\u00e1bitat; y garantizar condiciones b\u00e1sicas de dignidad y bienestar para las familias residentes, respetando los principios de equidad y reconocimiento a las comunidades originarias que son parte esencial de nuestra identidad territorial\u201d.<\/p>\n\n\n\n<p>El intendente Saloniti destac\u00f3 esta nueva muestra de apoyo del Gobierno provincial a la poblaci\u00f3n de San Mart\u00edn de los Andes y al Municipio y record\u00f3 que el proyecto fue elaborado con apoyo de la Subsecretar\u00eda de Gobierno de la Municipalidad, que lidera Antonela Tabares, y con la Cooperativa de Agua Potable y Saneamiento.<\/p>\n\n\n\n<p>El jefe comunal reafirm\u00f3 la importancia de que, ante la ausencia del Estado nacional, el Estado provincial est\u00e9 presente en este tipo de obras, que tendr\u00e1 un impacto directo y positivo en la calidad de vida de la poblaci\u00f3n y que responde al compromiso institucional que compartimos con la Provincia para el desarrollo humano y territorial equilibrado\u201d.<\/p>\n\n\n\n<figure class=\"wp-block-gallery has-nested-images columns-default is-cropped wp-block-gallery-1 is-layout-flex wp-block-gallery-is-layout-flex\">\n<figure class=\"wp-block-image size-large\"><img loading=\"lazy\" decoding=\"async\" width=\"1024\" height=\"683\" data-id=\"7488\" src=\"https:\/\/prensa.sma.gob.ar\/wp-content\/uploads\/2025\/05\/WhatsApp-Image-2025-05-26-at-15.21.06-8-1024x683.jpeg\" alt=\"\" class=\"wp-image-7488\" srcset=\"https:\/\/prensa.sma.gob.ar\/wp-content\/uploads\/2025\/05\/WhatsApp-Image-2025-05-26-at-15.21.06-8-1024x683.jpeg 1024w, https:\/\/prensa.sma.gob.ar\/wp-content\/uploads\/2025\/05\/WhatsApp-Image-2025-05-26-at-15.21.06-8-300x200.jpeg 300w, https:\/\/prensa.sma.gob.ar\/wp-content\/uploads\/2025\/05\/WhatsApp-Image-2025-05-26-at-15.21.06-8-768x512.jpeg 768w, https:\/\/prensa.sma.gob.ar\/wp-content\/uploads\/2025\/05\/WhatsApp-Image-2025-05-26-at-15.21.06-8-1536x1024.jpeg 1536w, https:\/\/prensa.sma.gob.ar\/wp-content\/uploads\/2025\/05\/WhatsApp-Image-2025-05-26-at-15.21.06-8-2048x1365.jpeg 2048w, https:\/\/prensa.sma.gob.ar\/wp-content\/uploads\/2025\/05\/WhatsApp-Image-2025-05-26-at-15.21.06-8-630x420.jpeg 630w, https:\/\/prensa.sma.gob.ar\/wp-content\/uploads\/2025\/05\/WhatsApp-Image-2025-05-26-at-15.21.06-8-696x464.jpeg 696w, https:\/\/prensa.sma.gob.ar\/wp-content\/uploads\/2025\/05\/WhatsApp-Image-2025-05-26-at-15.21.06-8-1068x712.jpeg 1068w, https:\/\/prensa.sma.gob.ar\/wp-content\/uploads\/2025\/05\/WhatsApp-Image-2025-05-26-at-15.21.06-8-1920x1280.jpeg 1920w\" sizes=\"auto, (max-width: 1024px) 100vw, 1024px\" \/><\/figure>\n\n\n\n<figure class=\"wp-block-image size-large\"><img loading=\"lazy\" decoding=\"async\" width=\"1024\" height=\"683\" data-id=\"7483\" src=\"https:\/\/prensa.sma.gob.ar\/wp-content\/uploads\/2025\/05\/WhatsApp-Image-2025-05-26-at-15.21.06-2-1024x683.jpeg\" alt=\"\" class=\"wp-image-7483\" srcset=\"https:\/\/prensa.sma.gob.ar\/wp-content\/uploads\/2025\/05\/WhatsApp-Image-2025-05-26-at-15.21.06-2-1024x683.jpeg 1024w, https:\/\/prensa.sma.gob.ar\/wp-content\/uploads\/2025\/05\/WhatsApp-Image-2025-05-26-at-15.21.06-2-300x200.jpeg 300w, https:\/\/prensa.sma.gob.ar\/wp-content\/uploads\/2025\/05\/WhatsApp-Image-2025-05-26-at-15.21.06-2-768x512.jpeg 768w, https:\/\/prensa.sma.gob.ar\/wp-content\/uploads\/2025\/05\/WhatsApp-Image-2025-05-26-at-15.21.06-2-1536x1024.jpeg 1536w, https:\/\/prensa.sma.gob.ar\/wp-content\/uploads\/2025\/05\/WhatsApp-Image-2025-05-26-at-15.21.06-2-2048x1365.jpeg 2048w, https:\/\/prensa.sma.gob.ar\/wp-content\/uploads\/2025\/05\/WhatsApp-Image-2025-05-26-at-15.21.06-2-630x420.jpeg 630w, https:\/\/prensa.sma.gob.ar\/wp-content\/uploads\/2025\/05\/WhatsApp-Image-2025-05-26-at-15.21.06-2-696x464.jpeg 696w, https:\/\/prensa.sma.gob.ar\/wp-content\/uploads\/2025\/05\/WhatsApp-Image-2025-05-26-at-15.21.06-2-1068x712.jpeg 1068w, https:\/\/prensa.sma.gob.ar\/wp-content\/uploads\/2025\/05\/WhatsApp-Image-2025-05-26-at-15.21.06-2-1920x1280.jpeg 1920w\" sizes=\"auto, (max-width: 1024px) 100vw, 1024px\" \/><\/figure>\n\n\n\n<figure class=\"wp-block-image size-large\"><img loading=\"lazy\" decoding=\"async\" width=\"1024\" height=\"683\" data-id=\"7484\" src=\"https:\/\/prensa.sma.gob.ar\/wp-content\/uploads\/2025\/05\/WhatsApp-Image-2025-05-26-at-15.21.06-5-1024x683.jpeg\" alt=\"\" class=\"wp-image-7484\" srcset=\"https:\/\/prensa.sma.gob.ar\/wp-content\/uploads\/2025\/05\/WhatsApp-Image-2025-05-26-at-15.21.06-5-1024x683.jpeg 1024w, https:\/\/prensa.sma.gob.ar\/wp-content\/uploads\/2025\/05\/WhatsApp-Image-2025-05-26-at-15.21.06-5-300x200.jpeg 300w, https:\/\/prensa.sma.gob.ar\/wp-content\/uploads\/2025\/05\/WhatsApp-Image-2025-05-26-at-15.21.06-5-768x512.jpeg 768w, https:\/\/prensa.sma.gob.ar\/wp-content\/uploads\/2025\/05\/WhatsApp-Image-2025-05-26-at-15.21.06-5-1536x1024.jpeg 1536w, https:\/\/prensa.sma.gob.ar\/wp-content\/uploads\/2025\/05\/WhatsApp-Image-2025-05-26-at-15.21.06-5-2048x1365.jpeg 2048w, https:\/\/prensa.sma.gob.ar\/wp-content\/uploads\/2025\/05\/WhatsApp-Image-2025-05-26-at-15.21.06-5-630x420.jpeg 630w, https:\/\/prensa.sma.gob.ar\/wp-content\/uploads\/2025\/05\/WhatsApp-Image-2025-05-26-at-15.21.06-5-696x464.jpeg 696w, https:\/\/prensa.sma.gob.ar\/wp-content\/uploads\/2025\/05\/WhatsApp-Image-2025-05-26-at-15.21.06-5-1068x712.jpeg 1068w, https:\/\/prensa.sma.gob.ar\/wp-content\/uploads\/2025\/05\/WhatsApp-Image-2025-05-26-at-15.21.06-5-1920x1280.jpeg 1920w\" sizes=\"auto, (max-width: 1024px) 100vw, 1024px\" \/><\/figure>\n\n\n\n<figure class=\"wp-block-image size-large\"><img loading=\"lazy\" decoding=\"async\" width=\"1024\" height=\"683\" data-id=\"7487\" src=\"https:\/\/prensa.sma.gob.ar\/wp-content\/uploads\/2025\/05\/WhatsApp-Image-2025-05-26-at-15.21.06-3-1024x683.jpeg\" alt=\"\" class=\"wp-image-7487\" srcset=\"https:\/\/prensa.sma.gob.ar\/wp-content\/uploads\/2025\/05\/WhatsApp-Image-2025-05-26-at-15.21.06-3-1024x683.jpeg 1024w, https:\/\/prensa.sma.gob.ar\/wp-content\/uploads\/2025\/05\/WhatsApp-Image-2025-05-26-at-15.21.06-3-300x200.jpeg 300w, https:\/\/prensa.sma.gob.ar\/wp-content\/uploads\/2025\/05\/WhatsApp-Image-2025-05-26-at-15.21.06-3-768x512.jpeg 768w, https:\/\/prensa.sma.gob.ar\/wp-content\/uploads\/2025\/05\/WhatsApp-Image-2025-05-26-at-15.21.06-3-1536x1024.jpeg 1536w, https:\/\/prensa.sma.gob.ar\/wp-content\/uploads\/2025\/05\/WhatsApp-Image-2025-05-26-at-15.21.06-3-2048x1365.jpeg 2048w, https:\/\/prensa.sma.gob.ar\/wp-content\/uploads\/2025\/05\/WhatsApp-Image-2025-05-26-at-15.21.06-3-630x420.jpeg 630w, https:\/\/prensa.sma.gob.ar\/wp-content\/uploads\/2025\/05\/WhatsApp-Image-2025-05-26-at-15.21.06-3-696x464.jpeg 696w, https:\/\/prensa.sma.gob.ar\/wp-content\/uploads\/2025\/05\/WhatsApp-Image-2025-05-26-at-15.21.06-3-1068x712.jpeg 1068w, https:\/\/prensa.sma.gob.ar\/wp-content\/uploads\/2025\/05\/WhatsApp-Image-2025-05-26-at-15.21.06-3-1920x1280.jpeg 1920w\" sizes=\"auto, (max-width: 1024px) 100vw, 1024px\" \/><\/figure>\n\n\n\n<figure class=\"wp-block-image size-large\"><img loading=\"lazy\" decoding=\"async\" width=\"1024\" height=\"683\" data-id=\"7486\" src=\"https:\/\/prensa.sma.gob.ar\/wp-content\/uploads\/2025\/05\/WhatsApp-Image-2025-05-26-at-15.21.06-4-1024x683.jpeg\" alt=\"\" class=\"wp-image-7486\" srcset=\"https:\/\/prensa.sma.gob.ar\/wp-content\/uploads\/2025\/05\/WhatsApp-Image-2025-05-26-at-15.21.06-4-1024x683.jpeg 1024w, https:\/\/prensa.sma.gob.ar\/wp-content\/uploads\/2025\/05\/WhatsApp-Image-2025-05-26-at-15.21.06-4-300x200.jpeg 300w, https:\/\/prensa.sma.gob.ar\/wp-content\/uploads\/2025\/05\/WhatsApp-Image-2025-05-26-at-15.21.06-4-768x512.jpeg 768w, https:\/\/prensa.sma.gob.ar\/wp-content\/uploads\/2025\/05\/WhatsApp-Image-2025-05-26-at-15.21.06-4-1536x1024.jpeg 1536w, https:\/\/prensa.sma.gob.ar\/wp-content\/uploads\/2025\/05\/WhatsApp-Image-2025-05-26-at-15.21.06-4-2048x1365.jpeg 2048w, https:\/\/prensa.sma.gob.ar\/wp-content\/uploads\/2025\/05\/WhatsApp-Image-2025-05-26-at-15.21.06-4-630x420.jpeg 630w, https:\/\/prensa.sma.gob.ar\/wp-content\/uploads\/2025\/05\/WhatsApp-Image-2025-05-26-at-15.21.06-4-696x464.jpeg 696w, https:\/\/prensa.sma.gob.ar\/wp-content\/uploads\/2025\/05\/WhatsApp-Image-2025-05-26-at-15.21.06-4-1068x712.jpeg 1068w, https:\/\/prensa.sma.gob.ar\/wp-content\/uploads\/2025\/05\/WhatsApp-Image-2025-05-26-at-15.21.06-4-1920x1280.jpeg 1920w\" sizes=\"auto, (max-width: 1024px) 100vw, 1024px\" \/><\/figure>\n\n\n\n<figure class=\"wp-block-image size-large\"><img loading=\"lazy\" decoding=\"async\" width=\"1024\" height=\"683\" data-id=\"7482\" src=\"https:\/\/prensa.sma.gob.ar\/wp-content\/uploads\/2025\/05\/WhatsApp-Image-2025-05-26-at-15.21.06-1-1024x683.jpeg\" alt=\"\" class=\"wp-image-7482\" srcset=\"https:\/\/prensa.sma.gob.ar\/wp-content\/uploads\/2025\/05\/WhatsApp-Image-2025-05-26-at-15.21.06-1-1024x683.jpeg 1024w, https:\/\/prensa.sma.gob.ar\/wp-content\/uploads\/2025\/05\/WhatsApp-Image-2025-05-26-at-15.21.06-1-300x200.jpeg 300w, https:\/\/prensa.sma.gob.ar\/wp-content\/uploads\/2025\/05\/WhatsApp-Image-2025-05-26-at-15.21.06-1-768x512.jpeg 768w, https:\/\/prensa.sma.gob.ar\/wp-content\/uploads\/2025\/05\/WhatsApp-Image-2025-05-26-at-15.21.06-1-1536x1024.jpeg 1536w, https:\/\/prensa.sma.gob.ar\/wp-content\/uploads\/2025\/05\/WhatsApp-Image-2025-05-26-at-15.21.06-1-2048x1365.jpeg 2048w, https:\/\/prensa.sma.gob.ar\/wp-content\/uploads\/2025\/05\/WhatsApp-Image-2025-05-26-at-15.21.06-1-630x420.jpeg 630w, https:\/\/prensa.sma.gob.ar\/wp-content\/uploads\/2025\/05\/WhatsApp-Image-2025-05-26-at-15.21.06-1-696x464.jpeg 696w, https:\/\/prensa.sma.gob.ar\/wp-content\/uploads\/2025\/05\/WhatsApp-Image-2025-05-26-at-15.21.06-1-1068x712.jpeg 1068w, https:\/\/prensa.sma.gob.ar\/wp-content\/uploads\/2025\/05\/WhatsApp-Image-2025-05-26-at-15.21.06-1-1920x1280.jpeg 1920w\" sizes=\"auto, (max-width: 1024px) 100vw, 1024px\" \/><\/figure>\n<\/figure>\n","protected":false},"excerpt":{"rendered":"<p>El Estado provincial acord\u00f3 con el Municipio de San Mart\u00edn de los Andes un aporte no reintegrable para el nuevo sistema de agua potable en los parajes Payla Menuco y Newen Antug, de la comunidad mapuche Curruhuinca. El convenio establece que la Provincia, \u201ca trav\u00e9s de la Subsecretar\u00eda de Recursos H\u00eddricos, se compromete a realizar [&hellip;]<\/p>\n","protected":false},"author":2,"featured_media":7485,"comment_status":"closed","ping_status":"open","sticky":false,"template":"","format":"standard","meta":{"footnotes":""},"categories":[16,14,19,17],"tags":[],"class_list":{"0":"post-7480","1":"post","2":"type-post","3":"status-publish","4":"format-standard","5":"has-post-thumbnail","7":"category-destacadas","8":"category-noticias","9":"category-obras-y-servicios-publicos","10":"category-portada"},"_links":{"self":[{"href":"https:\/\/prensa.sma.gob.ar\/index.php?rest_route=\/wp\/v2\/posts\/7480","targetHints":{"allow":["GET"]}}],"collection":[{"href":"https:\/\/prensa.sma.gob.ar\/index.php?rest_route=\/wp\/v2\/posts"}],"about":[{"href":"https:\/\/prensa.sma.gob.ar\/index.php?rest_route=\/wp\/v2\/types\/post"}],"author":[{"embeddable":true,"href":"https:\/\/prensa.sma.gob.ar\/index.php?rest_route=\/wp\/v2\/users\/2"}],"replies":[{"embeddable":true,"href":"https:\/\/prensa.sma.gob.ar\/index.php?rest_route=%2Fwp%2Fv2%2Fcomments&post=7480"}],"version-history":[{"count":2,"href":"https:\/\/prensa.sma.gob.ar\/index.php?rest_route=\/wp\/v2\/posts\/7480\/revisions"}],"predecessor-version":[{"id":7490,"href":"https:\/\/prensa.sma.gob.ar\/index.php?rest_route=\/wp\/v2\/posts\/7480\/revisions\/7490"}],"wp:featuredmedia":[{"embeddable":true,"href":"https:\/\/prensa.sma.gob.ar\/index.php?rest_route=\/wp\/v2\/media\/7485"}],"wp:attachment":[{"href":"https:\/\/prensa.sma.gob.ar\/index.php?rest_route=%2Fwp%2Fv2%2Fmedia&parent=7480"}],"wp:term":[{"taxonomy":"category","embeddable":true,"href":"https:\/\/prensa.sma.gob.ar\/index.php?rest_route=%2Fwp%2Fv2%2Fcategories&post=7480"},{"taxonomy":"post_tag","embeddable":true,"href":"https:\/\/prensa.sma.gob.ar\/index.php?rest_route=%2Fwp%2Fv2%2Ftags&post=7480"}],"curies":[{"name":"wp","href":"https:\/\/api.w.org\/{rel}","templated":true}]}}