{"id":7491,"date":"2025-05-27T12:01:42","date_gmt":"2025-05-27T12:01:42","guid":{"rendered":"https:\/\/prensa.sma.gob.ar\/?p=7491"},"modified":"2025-05-27T13:06:17","modified_gmt":"2025-05-27T13:06:17","slug":"se-presento-en-la-subsecretaria-de-deportes-el-triatlon-aniversario-prefectura","status":"publish","type":"post","link":"https:\/\/prensa.sma.gob.ar\/?p=7491","title":{"rendered":"Se present\u00f3 en la Subsecretar\u00eda de Deportes el Triatl\u00f3n Aniversario Prefectura"},"content":{"rendered":"\n<p>El subsecretario de Deportes del Municipio. Ian Bruno Reparaz, encabez\u00f3 la presentaci\u00f3n oficial del <strong>Triatl\u00f3n Aniversario de Prefectura<\/strong>, una carrera que ya es un cl\u00e1sico en nuestra ciudad y que celebra su <strong>5ta edici\u00f3n<\/strong>.<\/p>\n\n\n\n<p>Este encuentro deportivo, organizado por <strong>Nelson Moreno<\/strong>, se realizar\u00e1 el pr\u00f3ximo <strong>22 de junio de 2025<\/strong> en San Mart\u00edn de los Andes.<\/p>\n\n\n\n<p>El triatl\u00f3n contar\u00e1 con tres disciplinas:<\/p>\n\n\n\n<ul class=\"wp-block-list\">\n<li>20K MTB<\/li>\n\n\n\n<li>10K Pedestre<\/li>\n\n\n\n<li>7K Kayak<\/li>\n<\/ul>\n\n\n\n<p>La inscripci\u00f3n se realiza a trav\u00e9s de un <strong>bono contribuci\u00f3n<\/strong>, y habr\u00e1 <strong>premios del 1\u00b0 al 3\u00b0 puesto<\/strong> en todas las categor\u00edas.<br><br>Participan tanto <strong>postas<\/strong> (masculino, femenino y mixto) como <strong>competidores individuales<\/strong>, con categor\u00edas por edades:<\/p>\n\n\n\n<ul class=\"wp-block-list\">\n<li>16 a 29<\/li>\n\n\n\n<li>30 a 39<\/li>\n\n\n\n<li>40 a 49<\/li>\n\n\n\n<li>+50<\/li>\n<\/ul>\n\n\n\n<p>El subsecretario de Deportes agradeci\u00f3 a Nelson Moreno; al Jefe de Prefectura en San Mart\u00edn de los andes, Prefecto Sergio Andr\u00e9s Peralta; y al Ayudante de Primera Cristian Mardones \u201cpor acercarse a presentar la propuesta y por el trabajo constante que realiza para fomentar el deporte en nuestra comunidad\u201d.<\/p>\n\n\n\n<p><strong>INSCRIPCI\u00d3N \u2013 Link por categor\u00eda:<\/strong><\/p>\n\n\n\n<ul class=\"wp-block-list\">\n<li>Individual Damas\/Caballeros:<br><a href=\"https:\/\/cronometrajeinstantaneo.com\/inscripciones\/tria-prefectura-sm-andes\"><strong>https:\/\/cronometrajeinstantaneo.com\/inscripciones\/tria-prefectura-sm-andes<\/strong><\/a><\/li>\n<\/ul>\n\n\n\n<ul class=\"wp-block-list\">\n<li>Postas:<br><a href=\"https:\/\/cronometrajeinstantaneo.com\/inscripciones\/tria-prefectura-sm-andes\/tria\"><strong>https:\/\/cronometrajeinstantaneo.com\/inscripciones\/tria-prefectura-sm-andes\/tria<\/strong><\/a><\/li>\n<\/ul>\n\n\n\n<ul class=\"wp-block-list\">\n<li>Duplas:<br><a href=\"https:\/\/cronometrajeinstantaneo.com\/inscripciones\/tria-prefectura-sm-andes\/dupla\"><strong>https:\/\/cronometrajeinstantaneo.com\/inscripciones\/tria-prefectura-sm-andes\/dupla<\/strong><\/a><\/li>\n<\/ul>\n\n\n\n<p>Para m\u00e1s informaci\u00f3n:<br>Nelson: 2944550626<br><br><\/p>\n","protected":false},"excerpt":{"rendered":"<p>El subsecretario de Deportes del Municipio. Ian Bruno Reparaz, encabez\u00f3 la presentaci\u00f3n oficial del Triatl\u00f3n Aniversario de Prefectura, una carrera que ya es un cl\u00e1sico en nuestra ciudad y que celebra su 5ta edici\u00f3n. Este encuentro deportivo, organizado por Nelson Moreno, se realizar\u00e1 el pr\u00f3ximo 22 de junio de 2025 en San Mart\u00edn de los [&hellip;]<\/p>\n","protected":false},"author":2,"featured_media":7494,"comment_status":"closed","ping_status":"open","sticky":false,"template":"","format":"standard","meta":{"footnotes":""},"categories":[7,16,14],"tags":[],"class_list":{"0":"post-7491","1":"post","2":"type-post","3":"status-publish","4":"format-standard","5":"has-post-thumbnail","7":"category-deportes","8":"category-destacadas","9":"category-noticias"},"_links":{"self":[{"href":"https:\/\/prensa.sma.gob.ar\/index.php?rest_route=\/wp\/v2\/posts\/7491","targetHints":{"allow":["GET"]}}],"collection":[{"href":"https:\/\/prensa.sma.gob.ar\/index.php?rest_route=\/wp\/v2\/posts"}],"about":[{"href":"https:\/\/prensa.sma.gob.ar\/index.php?rest_route=\/wp\/v2\/types\/post"}],"author":[{"embeddable":true,"href":"https:\/\/prensa.sma.gob.ar\/index.php?rest_route=\/wp\/v2\/users\/2"}],"replies":[{"embeddable":true,"href":"https:\/\/prensa.sma.gob.ar\/index.php?rest_route=%2Fwp%2Fv2%2Fcomments&post=7491"}],"version-history":[{"count":2,"href":"https:\/\/prensa.sma.gob.ar\/index.php?rest_route=\/wp\/v2\/posts\/7491\/revisions"}],"predecessor-version":[{"id":7496,"href":"https:\/\/prensa.sma.gob.ar\/index.php?rest_route=\/wp\/v2\/posts\/7491\/revisions\/7496"}],"wp:featuredmedia":[{"embeddable":true,"href":"https:\/\/prensa.sma.gob.ar\/index.php?rest_route=\/wp\/v2\/media\/7494"}],"wp:attachment":[{"href":"https:\/\/prensa.sma.gob.ar\/index.php?rest_route=%2Fwp%2Fv2%2Fmedia&parent=7491"}],"wp:term":[{"taxonomy":"category","embeddable":true,"href":"https:\/\/prensa.sma.gob.ar\/index.php?rest_route=%2Fwp%2Fv2%2Fcategories&post=7491"},{"taxonomy":"post_tag","embeddable":true,"href":"https:\/\/prensa.sma.gob.ar\/index.php?rest_route=%2Fwp%2Fv2%2Ftags&post=7491"}],"curies":[{"name":"wp","href":"https:\/\/api.w.org\/{rel}","templated":true}]}}