{"id":7499,"date":"2025-05-28T12:32:43","date_gmt":"2025-05-28T12:32:43","guid":{"rendered":"https:\/\/prensa.sma.gob.ar\/?p=7499"},"modified":"2025-05-28T12:59:58","modified_gmt":"2025-05-28T12:59:58","slug":"san-martin-de-los-andes-suma-dos-nuevas-rayuelas-para-celebrar-a-las-infancias","status":"publish","type":"post","link":"https:\/\/prensa.sma.gob.ar\/?p=7499","title":{"rendered":"San Mart\u00edn de los Andes suma dos nuevas rayuelas para celebrar a las infancias"},"content":{"rendered":"\n<p>El Consejo de la Comunidad para la ni\u00f1ez, adolescencia y familia (Coconaf) inaugur\u00f3 dos nuevas rayuelas en nuestra ciudad, durante una recorrida realizada junto a funcionarios municipales, concejales, y trabajadoras y trabajadores de Parques Nacional Lanin y del Correo Argentino.<\/p>\n\n\n\n<p>Con estas dos nuevas rayuelas, San Mart\u00edn de los Andes suma 47 juegos de estas caracter\u00edsticas, todos hechos con ideas de ni\u00f1as y ni\u00f1os de nuestra comunidad y materializadas por artistas o por trabajadores municipales.<\/p>\n\n\n\n<p>Los dise\u00f1os nacieron de cada edici\u00f3n del Mundial de Rayuela que organiza el Coconaf desde hace 10 a\u00f1os, y fueron plasmadas por varias vecinas y vecinos con asistencia de trabajadores municipales.<\/p>\n\n\n\n<p>De las actividades de este martes participaron la presidenta del Concejo Deliberante, a cargo del Ejecutivo Municipal, Natalia Vita; el secretario de Gobierno, Federico Vita. Tambi\u00e9n estuvieron los integrantes del Coconaf y de otras instituciones dentro de la Mesa de Participaci\u00f3n Infantil (Mepi): la concejal Paula Vives; Br\u00edgida Vilari\u00f1o; Francisco Gosso; Emilia P\u00e1vez; Lucas Gonz\u00e1lez; Milagros Fern\u00e1ndez Noya, defensora Adjunta del Pueblo y del Ambiente; Gloria Grinstein y Laura Costa Rojo, del Parque Nacional Lanin; Mar\u00eda Vargas y Luis Baldini, del Correo Argentino; y la mosaiquista Patricia Martinese.<\/p>\n\n\n\n<figure class=\"wp-block-image size-large\"><img loading=\"lazy\" decoding=\"async\" width=\"1024\" height=\"614\" src=\"https:\/\/prensa.sma.gob.ar\/wp-content\/uploads\/2025\/05\/RAYUELA-4-1024x614.jpeg\" alt=\"\" class=\"wp-image-7501\" srcset=\"https:\/\/prensa.sma.gob.ar\/wp-content\/uploads\/2025\/05\/RAYUELA-4-1024x614.jpeg 1024w, https:\/\/prensa.sma.gob.ar\/wp-content\/uploads\/2025\/05\/RAYUELA-4-300x180.jpeg 300w, https:\/\/prensa.sma.gob.ar\/wp-content\/uploads\/2025\/05\/RAYUELA-4-768x461.jpeg 768w, https:\/\/prensa.sma.gob.ar\/wp-content\/uploads\/2025\/05\/RAYUELA-4-1536x922.jpeg 1536w, https:\/\/prensa.sma.gob.ar\/wp-content\/uploads\/2025\/05\/RAYUELA-4-700x420.jpeg 700w, https:\/\/prensa.sma.gob.ar\/wp-content\/uploads\/2025\/05\/RAYUELA-4-696x418.jpeg 696w, https:\/\/prensa.sma.gob.ar\/wp-content\/uploads\/2025\/05\/RAYUELA-4-1068x641.jpeg 1068w, https:\/\/prensa.sma.gob.ar\/wp-content\/uploads\/2025\/05\/RAYUELA-4.jpeg 1600w\" sizes=\"auto, (max-width: 1024px) 100vw, 1024px\" \/><\/figure>\n\n\n\n<p>\u201cPara el Coconaf es importante esta inauguraci\u00f3n para que se visibilice el trabajo de las chicas y chicos, para que se le d\u00e9 importancia y que nos ayude a conseguir los recursos, que tienen un costo porque las rayuelas est\u00e1n hechas con azulejos y con mano de obra que demanda tiempo y cuidado\u201d, reflexion\u00f3 Br\u00edgida Vilari\u00f1o.<\/p>\n\n\n\n<p>Agreg\u00f3 que, estos juegos, \u201csignifican ser coherente con nuestra ordenanza de que San Mart\u00edn de los Andes es ciudad de ni\u00f1as y ni\u00f1os y de que somos defensores del juego, del espacio p\u00fablico, de la autonom\u00eda y de la participaci\u00f3n y todo eso se conjuga en estas rayuelas\u201d.<\/p>\n\n\n\n<p>\u201cLas rayuelas fueron inventadas por las chicas y chicos de sexto grado que participan del Mundial de Rayuelas y que este a\u00f1o cumplimos 10 a\u00f1os. Este programa instala juegos nuevos en los espacios p\u00fablicos\u201d, afirm\u00f3.<br>Explic\u00f3 que \u201clos sitios se van eligiendo de acuerdo a la tem\u00e1tica y de acuerdo a qui\u00e9n la pide\u201d y puso como ejemplo que hay rayuelas en en la escuela 188, en Parques Nacionales, en el viejo hospital, en el teatro San Jos\u00e9. \u201cEsta vez elegimos el Correo Argentino porque la rayuela se llama \u201cCartas al cielo\u201d y la que est\u00e1 ubicada sobre Av. San Mart\u00edn, en la vereda del Parque Nacional Lan\u00edn tiene como tem\u00e1tica las flores de nuestra regi\u00f3n\u201d.<\/p>\n\n\n\n<figure class=\"wp-block-image size-large\"><img loading=\"lazy\" decoding=\"async\" width=\"631\" height=\"1024\" src=\"https:\/\/prensa.sma.gob.ar\/wp-content\/uploads\/2025\/05\/RAYUELA-631x1024.jpeg\" alt=\"\" class=\"wp-image-7502\" srcset=\"https:\/\/prensa.sma.gob.ar\/wp-content\/uploads\/2025\/05\/RAYUELA-631x1024.jpeg 631w, https:\/\/prensa.sma.gob.ar\/wp-content\/uploads\/2025\/05\/RAYUELA-185x300.jpeg 185w, https:\/\/prensa.sma.gob.ar\/wp-content\/uploads\/2025\/05\/RAYUELA-768x1246.jpeg 768w, https:\/\/prensa.sma.gob.ar\/wp-content\/uploads\/2025\/05\/RAYUELA-947x1536.jpeg 947w, https:\/\/prensa.sma.gob.ar\/wp-content\/uploads\/2025\/05\/RAYUELA-259x420.jpeg 259w, https:\/\/prensa.sma.gob.ar\/wp-content\/uploads\/2025\/05\/RAYUELA-696x1129.jpeg 696w, https:\/\/prensa.sma.gob.ar\/wp-content\/uploads\/2025\/05\/RAYUELA.jpeg 986w\" sizes=\"auto, (max-width: 631px) 100vw, 631px\" \/><\/figure>\n\n\n\n<p>Patricia Martinese, mosaiquista y coordinadora del Taller de Mosaico de Cuidados Paliativos del hospital, es la artista que dise\u00f1\u00f3 la rayuela del Parque Nacional Lanin, en base a ideas de los ni\u00f1os y ni\u00f1as. Ya realiz\u00f3 otros trabajos como el juego ubicado en la vereda del teatro San Jos\u00e9. \u201cEl mosaiquismo es una expresi\u00f3n del arte que perdura en el tiempo\u201d, se\u00f1ala.<\/p>\n\n\n\n<p>\u201cEste dise\u00f1o recoge la idea de los chicos, que pensaron esta rayuela. Lo que yo hago es tratar de plasmar la idea de ellos, la armamos, la organizamos, ponemos los pedacitos, cuidamos que se pueda jugar sin que alguien se resbale. Esta rayuela en particular ilustra las flores aut\u00f3ctonas, que vemos en el pueblo y en el bosque, en el Parque Nacional. El desaf\u00edo fue que se note qu\u00e9 flores son las que ilustran, porque tenemos que reflejar la naturaleza, con peque\u00f1os mosaicos\u201d, afirm\u00f3.<\/p>\n\n\n\n<figure class=\"wp-block-gallery has-nested-images columns-default is-cropped wp-block-gallery-1 is-layout-flex wp-block-gallery-is-layout-flex\">\n<figure class=\"wp-block-image size-large\"><img loading=\"lazy\" decoding=\"async\" width=\"1024\" height=\"576\" data-id=\"7505\" src=\"https:\/\/prensa.sma.gob.ar\/wp-content\/uploads\/2025\/05\/RAYUELA-1-1024x576.jpeg\" alt=\"\" class=\"wp-image-7505\" srcset=\"https:\/\/prensa.sma.gob.ar\/wp-content\/uploads\/2025\/05\/RAYUELA-1-1024x576.jpeg 1024w, https:\/\/prensa.sma.gob.ar\/wp-content\/uploads\/2025\/05\/RAYUELA-1-300x169.jpeg 300w, https:\/\/prensa.sma.gob.ar\/wp-content\/uploads\/2025\/05\/RAYUELA-1-768x432.jpeg 768w, https:\/\/prensa.sma.gob.ar\/wp-content\/uploads\/2025\/05\/RAYUELA-1-1536x864.jpeg 1536w, https:\/\/prensa.sma.gob.ar\/wp-content\/uploads\/2025\/05\/RAYUELA-1-747x420.jpeg 747w, https:\/\/prensa.sma.gob.ar\/wp-content\/uploads\/2025\/05\/RAYUELA-1-696x392.jpeg 696w, https:\/\/prensa.sma.gob.ar\/wp-content\/uploads\/2025\/05\/RAYUELA-1-1068x601.jpeg 1068w, https:\/\/prensa.sma.gob.ar\/wp-content\/uploads\/2025\/05\/RAYUELA-1.jpeg 1600w\" sizes=\"auto, (max-width: 1024px) 100vw, 1024px\" \/><\/figure>\n\n\n\n<figure class=\"wp-block-image size-large\"><img loading=\"lazy\" decoding=\"async\" width=\"1024\" height=\"576\" data-id=\"7506\" src=\"https:\/\/prensa.sma.gob.ar\/wp-content\/uploads\/2025\/05\/RAYUELA-2-1024x576.jpeg\" alt=\"\" class=\"wp-image-7506\" srcset=\"https:\/\/prensa.sma.gob.ar\/wp-content\/uploads\/2025\/05\/RAYUELA-2-1024x576.jpeg 1024w, https:\/\/prensa.sma.gob.ar\/wp-content\/uploads\/2025\/05\/RAYUELA-2-300x169.jpeg 300w, https:\/\/prensa.sma.gob.ar\/wp-content\/uploads\/2025\/05\/RAYUELA-2-768x432.jpeg 768w, https:\/\/prensa.sma.gob.ar\/wp-content\/uploads\/2025\/05\/RAYUELA-2-1536x864.jpeg 1536w, https:\/\/prensa.sma.gob.ar\/wp-content\/uploads\/2025\/05\/RAYUELA-2-747x420.jpeg 747w, https:\/\/prensa.sma.gob.ar\/wp-content\/uploads\/2025\/05\/RAYUELA-2-696x392.jpeg 696w, https:\/\/prensa.sma.gob.ar\/wp-content\/uploads\/2025\/05\/RAYUELA-2-1068x601.jpeg 1068w, https:\/\/prensa.sma.gob.ar\/wp-content\/uploads\/2025\/05\/RAYUELA-2.jpeg 1600w\" sizes=\"auto, (max-width: 1024px) 100vw, 1024px\" \/><\/figure>\n\n\n\n<figure class=\"wp-block-image size-large\"><img loading=\"lazy\" decoding=\"async\" width=\"1024\" height=\"623\" data-id=\"7508\" src=\"https:\/\/prensa.sma.gob.ar\/wp-content\/uploads\/2025\/05\/RAYUELA-3-1024x623.jpeg\" alt=\"\" class=\"wp-image-7508\" srcset=\"https:\/\/prensa.sma.gob.ar\/wp-content\/uploads\/2025\/05\/RAYUELA-3-1024x623.jpeg 1024w, https:\/\/prensa.sma.gob.ar\/wp-content\/uploads\/2025\/05\/RAYUELA-3-300x183.jpeg 300w, https:\/\/prensa.sma.gob.ar\/wp-content\/uploads\/2025\/05\/RAYUELA-3-768x468.jpeg 768w, https:\/\/prensa.sma.gob.ar\/wp-content\/uploads\/2025\/05\/RAYUELA-3-1536x935.jpeg 1536w, https:\/\/prensa.sma.gob.ar\/wp-content\/uploads\/2025\/05\/RAYUELA-3-690x420.jpeg 690w, https:\/\/prensa.sma.gob.ar\/wp-content\/uploads\/2025\/05\/RAYUELA-3-696x424.jpeg 696w, https:\/\/prensa.sma.gob.ar\/wp-content\/uploads\/2025\/05\/RAYUELA-3-1068x650.jpeg 1068w, https:\/\/prensa.sma.gob.ar\/wp-content\/uploads\/2025\/05\/RAYUELA-3.jpeg 1600w\" sizes=\"auto, (max-width: 1024px) 100vw, 1024px\" \/><\/figure>\n\n\n\n<figure class=\"wp-block-image size-large\"><img loading=\"lazy\" decoding=\"async\" width=\"1024\" height=\"570\" data-id=\"7504\" src=\"https:\/\/prensa.sma.gob.ar\/wp-content\/uploads\/2025\/05\/RAYUELA-5-1024x570.jpeg\" alt=\"\" class=\"wp-image-7504\" srcset=\"https:\/\/prensa.sma.gob.ar\/wp-content\/uploads\/2025\/05\/RAYUELA-5-1024x570.jpeg 1024w, https:\/\/prensa.sma.gob.ar\/wp-content\/uploads\/2025\/05\/RAYUELA-5-300x167.jpeg 300w, https:\/\/prensa.sma.gob.ar\/wp-content\/uploads\/2025\/05\/RAYUELA-5-768x427.jpeg 768w, https:\/\/prensa.sma.gob.ar\/wp-content\/uploads\/2025\/05\/RAYUELA-5-1536x854.jpeg 1536w, https:\/\/prensa.sma.gob.ar\/wp-content\/uploads\/2025\/05\/RAYUELA-5-755x420.jpeg 755w, https:\/\/prensa.sma.gob.ar\/wp-content\/uploads\/2025\/05\/RAYUELA-5-696x387.jpeg 696w, https:\/\/prensa.sma.gob.ar\/wp-content\/uploads\/2025\/05\/RAYUELA-5-1068x594.jpeg 1068w, https:\/\/prensa.sma.gob.ar\/wp-content\/uploads\/2025\/05\/RAYUELA-5.jpeg 1600w\" sizes=\"auto, (max-width: 1024px) 100vw, 1024px\" \/><\/figure>\n\n\n\n<figure class=\"wp-block-image size-large\"><img loading=\"lazy\" decoding=\"async\" width=\"1024\" height=\"575\" data-id=\"7507\" src=\"https:\/\/prensa.sma.gob.ar\/wp-content\/uploads\/2025\/05\/RAYUELA-6-1024x575.jpeg\" alt=\"\" class=\"wp-image-7507\" srcset=\"https:\/\/prensa.sma.gob.ar\/wp-content\/uploads\/2025\/05\/RAYUELA-6-1024x575.jpeg 1024w, https:\/\/prensa.sma.gob.ar\/wp-content\/uploads\/2025\/05\/RAYUELA-6-300x169.jpeg 300w, https:\/\/prensa.sma.gob.ar\/wp-content\/uploads\/2025\/05\/RAYUELA-6-768x432.jpeg 768w, https:\/\/prensa.sma.gob.ar\/wp-content\/uploads\/2025\/05\/RAYUELA-6-1536x863.jpeg 1536w, https:\/\/prensa.sma.gob.ar\/wp-content\/uploads\/2025\/05\/RAYUELA-6-747x420.jpeg 747w, https:\/\/prensa.sma.gob.ar\/wp-content\/uploads\/2025\/05\/RAYUELA-6-696x391.jpeg 696w, https:\/\/prensa.sma.gob.ar\/wp-content\/uploads\/2025\/05\/RAYUELA-6-1068x600.jpeg 1068w, https:\/\/prensa.sma.gob.ar\/wp-content\/uploads\/2025\/05\/RAYUELA-6.jpeg 1600w\" sizes=\"auto, (max-width: 1024px) 100vw, 1024px\" \/><\/figure>\n\n\n\n<figure class=\"wp-block-image size-large\"><img loading=\"lazy\" decoding=\"async\" width=\"1024\" height=\"576\" data-id=\"7509\" src=\"https:\/\/prensa.sma.gob.ar\/wp-content\/uploads\/2025\/05\/RAYUELA-7-1024x576.jpeg\" alt=\"\" class=\"wp-image-7509\" srcset=\"https:\/\/prensa.sma.gob.ar\/wp-content\/uploads\/2025\/05\/RAYUELA-7-1024x576.jpeg 1024w, https:\/\/prensa.sma.gob.ar\/wp-content\/uploads\/2025\/05\/RAYUELA-7-300x169.jpeg 300w, https:\/\/prensa.sma.gob.ar\/wp-content\/uploads\/2025\/05\/RAYUELA-7-768x432.jpeg 768w, https:\/\/prensa.sma.gob.ar\/wp-content\/uploads\/2025\/05\/RAYUELA-7-1536x864.jpeg 1536w, https:\/\/prensa.sma.gob.ar\/wp-content\/uploads\/2025\/05\/RAYUELA-7-747x420.jpeg 747w, https:\/\/prensa.sma.gob.ar\/wp-content\/uploads\/2025\/05\/RAYUELA-7-696x392.jpeg 696w, https:\/\/prensa.sma.gob.ar\/wp-content\/uploads\/2025\/05\/RAYUELA-7-1068x601.jpeg 1068w, https:\/\/prensa.sma.gob.ar\/wp-content\/uploads\/2025\/05\/RAYUELA-7.jpeg 1600w\" sizes=\"auto, (max-width: 1024px) 100vw, 1024px\" \/><\/figure>\n\n\n\n<figure class=\"wp-block-image size-large\"><img loading=\"lazy\" decoding=\"async\" width=\"1024\" height=\"576\" data-id=\"7510\" src=\"https:\/\/prensa.sma.gob.ar\/wp-content\/uploads\/2025\/05\/RAYUELA-8-1024x576.jpeg\" alt=\"\" class=\"wp-image-7510\" srcset=\"https:\/\/prensa.sma.gob.ar\/wp-content\/uploads\/2025\/05\/RAYUELA-8-1024x576.jpeg 1024w, https:\/\/prensa.sma.gob.ar\/wp-content\/uploads\/2025\/05\/RAYUELA-8-300x169.jpeg 300w, https:\/\/prensa.sma.gob.ar\/wp-content\/uploads\/2025\/05\/RAYUELA-8-768x432.jpeg 768w, https:\/\/prensa.sma.gob.ar\/wp-content\/uploads\/2025\/05\/RAYUELA-8-1536x864.jpeg 1536w, https:\/\/prensa.sma.gob.ar\/wp-content\/uploads\/2025\/05\/RAYUELA-8-747x420.jpeg 747w, https:\/\/prensa.sma.gob.ar\/wp-content\/uploads\/2025\/05\/RAYUELA-8-696x392.jpeg 696w, https:\/\/prensa.sma.gob.ar\/wp-content\/uploads\/2025\/05\/RAYUELA-8-1068x601.jpeg 1068w, https:\/\/prensa.sma.gob.ar\/wp-content\/uploads\/2025\/05\/RAYUELA-8.jpeg 1600w\" sizes=\"auto, (max-width: 1024px) 100vw, 1024px\" \/><\/figure>\n\n\n\n<figure class=\"wp-block-image size-large\"><img loading=\"lazy\" decoding=\"async\" width=\"1024\" height=\"589\" data-id=\"7511\" src=\"https:\/\/prensa.sma.gob.ar\/wp-content\/uploads\/2025\/05\/RAYUELA-9-1024x589.jpeg\" alt=\"\" class=\"wp-image-7511\" srcset=\"https:\/\/prensa.sma.gob.ar\/wp-content\/uploads\/2025\/05\/RAYUELA-9-1024x589.jpeg 1024w, https:\/\/prensa.sma.gob.ar\/wp-content\/uploads\/2025\/05\/RAYUELA-9-300x173.jpeg 300w, https:\/\/prensa.sma.gob.ar\/wp-content\/uploads\/2025\/05\/RAYUELA-9-768x442.jpeg 768w, https:\/\/prensa.sma.gob.ar\/wp-content\/uploads\/2025\/05\/RAYUELA-9-1536x883.jpeg 1536w, https:\/\/prensa.sma.gob.ar\/wp-content\/uploads\/2025\/05\/RAYUELA-9-730x420.jpeg 730w, https:\/\/prensa.sma.gob.ar\/wp-content\/uploads\/2025\/05\/RAYUELA-9-696x400.jpeg 696w, https:\/\/prensa.sma.gob.ar\/wp-content\/uploads\/2025\/05\/RAYUELA-9-1068x614.jpeg 1068w, https:\/\/prensa.sma.gob.ar\/wp-content\/uploads\/2025\/05\/RAYUELA-9.jpeg 1600w\" sizes=\"auto, (max-width: 1024px) 100vw, 1024px\" \/><\/figure>\n\n\n\n<figure class=\"wp-block-image size-large\"><img loading=\"lazy\" decoding=\"async\" width=\"1024\" height=\"553\" data-id=\"7512\" src=\"https:\/\/prensa.sma.gob.ar\/wp-content\/uploads\/2025\/05\/RAYUELA-10-1024x553.jpeg\" alt=\"\" class=\"wp-image-7512\" srcset=\"https:\/\/prensa.sma.gob.ar\/wp-content\/uploads\/2025\/05\/RAYUELA-10-1024x553.jpeg 1024w, https:\/\/prensa.sma.gob.ar\/wp-content\/uploads\/2025\/05\/RAYUELA-10-300x162.jpeg 300w, https:\/\/prensa.sma.gob.ar\/wp-content\/uploads\/2025\/05\/RAYUELA-10-768x415.jpeg 768w, https:\/\/prensa.sma.gob.ar\/wp-content\/uploads\/2025\/05\/RAYUELA-10-1536x829.jpeg 1536w, https:\/\/prensa.sma.gob.ar\/wp-content\/uploads\/2025\/05\/RAYUELA-10-778x420.jpeg 778w, https:\/\/prensa.sma.gob.ar\/wp-content\/uploads\/2025\/05\/RAYUELA-10-696x376.jpeg 696w, https:\/\/prensa.sma.gob.ar\/wp-content\/uploads\/2025\/05\/RAYUELA-10-1068x577.jpeg 1068w, https:\/\/prensa.sma.gob.ar\/wp-content\/uploads\/2025\/05\/RAYUELA-10.jpeg 1600w\" sizes=\"auto, (max-width: 1024px) 100vw, 1024px\" \/><\/figure>\n\n\n\n<figure class=\"wp-block-image size-large\"><img loading=\"lazy\" decoding=\"async\" width=\"1024\" height=\"621\" data-id=\"7514\" src=\"https:\/\/prensa.sma.gob.ar\/wp-content\/uploads\/2025\/05\/RAYUELA-12-1024x621.jpeg\" alt=\"\" class=\"wp-image-7514\" srcset=\"https:\/\/prensa.sma.gob.ar\/wp-content\/uploads\/2025\/05\/RAYUELA-12-1024x621.jpeg 1024w, https:\/\/prensa.sma.gob.ar\/wp-content\/uploads\/2025\/05\/RAYUELA-12-300x182.jpeg 300w, https:\/\/prensa.sma.gob.ar\/wp-content\/uploads\/2025\/05\/RAYUELA-12-768x466.jpeg 768w, https:\/\/prensa.sma.gob.ar\/wp-content\/uploads\/2025\/05\/RAYUELA-12-1536x932.jpeg 1536w, https:\/\/prensa.sma.gob.ar\/wp-content\/uploads\/2025\/05\/RAYUELA-12-692x420.jpeg 692w, https:\/\/prensa.sma.gob.ar\/wp-content\/uploads\/2025\/05\/RAYUELA-12-696x422.jpeg 696w, https:\/\/prensa.sma.gob.ar\/wp-content\/uploads\/2025\/05\/RAYUELA-12-1068x648.jpeg 1068w, https:\/\/prensa.sma.gob.ar\/wp-content\/uploads\/2025\/05\/RAYUELA-12.jpeg 1600w\" sizes=\"auto, (max-width: 1024px) 100vw, 1024px\" \/><\/figure>\n\n\n\n<figure class=\"wp-block-image size-large\"><img loading=\"lazy\" decoding=\"async\" width=\"1024\" height=\"579\" data-id=\"7515\" src=\"https:\/\/prensa.sma.gob.ar\/wp-content\/uploads\/2025\/05\/RAYUELA-13-1024x579.jpeg\" alt=\"\" class=\"wp-image-7515\" srcset=\"https:\/\/prensa.sma.gob.ar\/wp-content\/uploads\/2025\/05\/RAYUELA-13-1024x579.jpeg 1024w, https:\/\/prensa.sma.gob.ar\/wp-content\/uploads\/2025\/05\/RAYUELA-13-300x170.jpeg 300w, https:\/\/prensa.sma.gob.ar\/wp-content\/uploads\/2025\/05\/RAYUELA-13-768x434.jpeg 768w, https:\/\/prensa.sma.gob.ar\/wp-content\/uploads\/2025\/05\/RAYUELA-13-1536x869.jpeg 1536w, https:\/\/prensa.sma.gob.ar\/wp-content\/uploads\/2025\/05\/RAYUELA-13-743x420.jpeg 743w, https:\/\/prensa.sma.gob.ar\/wp-content\/uploads\/2025\/05\/RAYUELA-13-696x394.jpeg 696w, https:\/\/prensa.sma.gob.ar\/wp-content\/uploads\/2025\/05\/RAYUELA-13-1068x604.jpeg 1068w, https:\/\/prensa.sma.gob.ar\/wp-content\/uploads\/2025\/05\/RAYUELA-13.jpeg 1600w\" sizes=\"auto, (max-width: 1024px) 100vw, 1024px\" \/><\/figure>\n<\/figure>\n\n\n\n<figure class=\"wp-block-gallery has-nested-images columns-default is-cropped wp-block-gallery-2 is-layout-flex wp-block-gallery-is-layout-flex\"><\/figure>\n","protected":false},"excerpt":{"rendered":"<p>El Consejo de la Comunidad para la ni\u00f1ez, adolescencia y familia (Coconaf) inaugur\u00f3 dos nuevas rayuelas en nuestra ciudad, durante una recorrida realizada junto a funcionarios municipales, concejales, y trabajadoras y trabajadores de Parques Nacional Lanin y del Correo Argentino. Con estas dos nuevas rayuelas, San Mart\u00edn de los Andes suma 47 juegos de estas [&hellip;]<\/p>\n","protected":false},"author":1,"featured_media":7500,"comment_status":"closed","ping_status":"open","sticky":false,"template":"","format":"standard","meta":{"footnotes":""},"categories":[16,14],"tags":[],"class_list":{"0":"post-7499","1":"post","2":"type-post","3":"status-publish","4":"format-standard","5":"has-post-thumbnail","7":"category-destacadas","8":"category-noticias"},"_links":{"self":[{"href":"https:\/\/prensa.sma.gob.ar\/index.php?rest_route=\/wp\/v2\/posts\/7499","targetHints":{"allow":["GET"]}}],"collection":[{"href":"https:\/\/prensa.sma.gob.ar\/index.php?rest_route=\/wp\/v2\/posts"}],"about":[{"href":"https:\/\/prensa.sma.gob.ar\/index.php?rest_route=\/wp\/v2\/types\/post"}],"author":[{"embeddable":true,"href":"https:\/\/prensa.sma.gob.ar\/index.php?rest_route=\/wp\/v2\/users\/1"}],"replies":[{"embeddable":true,"href":"https:\/\/prensa.sma.gob.ar\/index.php?rest_route=%2Fwp%2Fv2%2Fcomments&post=7499"}],"version-history":[{"count":3,"href":"https:\/\/prensa.sma.gob.ar\/index.php?rest_route=\/wp\/v2\/posts\/7499\/revisions"}],"predecessor-version":[{"id":7523,"href":"https:\/\/prensa.sma.gob.ar\/index.php?rest_route=\/wp\/v2\/posts\/7499\/revisions\/7523"}],"wp:featuredmedia":[{"embeddable":true,"href":"https:\/\/prensa.sma.gob.ar\/index.php?rest_route=\/wp\/v2\/media\/7500"}],"wp:attachment":[{"href":"https:\/\/prensa.sma.gob.ar\/index.php?rest_route=%2Fwp%2Fv2%2Fmedia&parent=7499"}],"wp:term":[{"taxonomy":"category","embeddable":true,"href":"https:\/\/prensa.sma.gob.ar\/index.php?rest_route=%2Fwp%2Fv2%2Fcategories&post=7499"},{"taxonomy":"post_tag","embeddable":true,"href":"https:\/\/prensa.sma.gob.ar\/index.php?rest_route=%2Fwp%2Fv2%2Ftags&post=7499"}],"curies":[{"name":"wp","href":"https:\/\/api.w.org\/{rel}","templated":true}]}}