{"id":7521,"date":"2025-05-28T12:54:40","date_gmt":"2025-05-28T12:54:40","guid":{"rendered":"https:\/\/prensa.sma.gob.ar\/?p=7521"},"modified":"2025-05-28T12:54:42","modified_gmt":"2025-05-28T12:54:42","slug":"comenzo-el-relevamiento-para-el-mantenimiento-de-los-gimnasios-municipales","status":"publish","type":"post","link":"https:\/\/prensa.sma.gob.ar\/?p=7521","title":{"rendered":"Comenz\u00f3 el relevamiento para el mantenimiento de los gimnasios municipales"},"content":{"rendered":"\n<p>El Municipio comenz\u00f3 con el relevamiento general para el mantenimiento y acondicionamiento de los gimnasios, durante el cual se evaluaron las condiciones actuales del edificio y se identificaron los trabajos necesarios que se comenzar\u00e1n a ejecutar.<\/p>\n\n\n\n<p>Las tareas comenzaron este lunes con una recorrida por el gimnasio Elio \u201cChango\u201d Soria, encabezada por el subsecretario de Deportes, Ian Bruno Reparaz, junto al director general de Mantenimiento, Daniel Opel; el operario de Mantenimiento Diego Valeria y el coordinador de Espacios Deportivos, Juan Carlos Pi\u00f1o.<\/p>\n\n\n\n<p>Durante la inspecci\u00f3n a este gimnasio se mencion\u00f3 especialmente la necesidad de evaluar y mejorar dep\u00f3sitos, vestuarios, tableros el\u00e9ctricos, ba\u00f1os p\u00fablicos, techo y exterior del gimnasio.<\/p>\n\n\n\n<p>Estas acciones forman parte de una serie de intervenciones que se llevar\u00e1n adelante en todos los espacios deportivos municipales, con el objetivo de asegurar instalaciones seguras, funcionales y en condiciones para el desarrollo de las actividades deportivas de nuestra comunidad.<\/p>\n\n\n\n<p>Los trabajos son parte de las prioridades planteadas por el subsecretario de Deportes, Ian Bruno Reparaz, desde el comienzo de su gesti\u00f3n.<\/p>\n\n\n\n<figure class=\"wp-block-gallery has-nested-images columns-default is-cropped wp-block-gallery-1 is-layout-flex wp-block-gallery-is-layout-flex\">\n<figure class=\"wp-block-image size-large\"><img loading=\"lazy\" decoding=\"async\" width=\"768\" height=\"1024\" data-id=\"7525\" src=\"https:\/\/prensa.sma.gob.ar\/wp-content\/uploads\/2025\/05\/GYM-1-768x1024.jpeg\" alt=\"\" class=\"wp-image-7525\" srcset=\"https:\/\/prensa.sma.gob.ar\/wp-content\/uploads\/2025\/05\/GYM-1-768x1024.jpeg 768w, https:\/\/prensa.sma.gob.ar\/wp-content\/uploads\/2025\/05\/GYM-1-225x300.jpeg 225w, https:\/\/prensa.sma.gob.ar\/wp-content\/uploads\/2025\/05\/GYM-1-315x420.jpeg 315w, https:\/\/prensa.sma.gob.ar\/wp-content\/uploads\/2025\/05\/GYM-1-696x928.jpeg 696w, https:\/\/prensa.sma.gob.ar\/wp-content\/uploads\/2025\/05\/GYM-1.jpeg 960w\" sizes=\"auto, (max-width: 768px) 100vw, 768px\" \/><\/figure>\n\n\n\n<figure class=\"wp-block-image size-large\"><img loading=\"lazy\" decoding=\"async\" width=\"768\" height=\"1024\" data-id=\"7527\" src=\"https:\/\/prensa.sma.gob.ar\/wp-content\/uploads\/2025\/05\/GYM-2-768x1024.jpeg\" alt=\"\" class=\"wp-image-7527\" srcset=\"https:\/\/prensa.sma.gob.ar\/wp-content\/uploads\/2025\/05\/GYM-2-768x1024.jpeg 768w, https:\/\/prensa.sma.gob.ar\/wp-content\/uploads\/2025\/05\/GYM-2-225x300.jpeg 225w, https:\/\/prensa.sma.gob.ar\/wp-content\/uploads\/2025\/05\/GYM-2-1152x1536.jpeg 1152w, https:\/\/prensa.sma.gob.ar\/wp-content\/uploads\/2025\/05\/GYM-2-315x420.jpeg 315w, https:\/\/prensa.sma.gob.ar\/wp-content\/uploads\/2025\/05\/GYM-2-696x928.jpeg 696w, https:\/\/prensa.sma.gob.ar\/wp-content\/uploads\/2025\/05\/GYM-2-1068x1424.jpeg 1068w, https:\/\/prensa.sma.gob.ar\/wp-content\/uploads\/2025\/05\/GYM-2.jpeg 1200w\" sizes=\"auto, (max-width: 768px) 100vw, 768px\" \/><\/figure>\n\n\n\n<figure class=\"wp-block-image size-large\"><img loading=\"lazy\" decoding=\"async\" width=\"768\" height=\"1024\" data-id=\"7528\" src=\"https:\/\/prensa.sma.gob.ar\/wp-content\/uploads\/2025\/05\/GYM-3-768x1024.jpeg\" alt=\"\" class=\"wp-image-7528\" srcset=\"https:\/\/prensa.sma.gob.ar\/wp-content\/uploads\/2025\/05\/GYM-3-768x1024.jpeg 768w, https:\/\/prensa.sma.gob.ar\/wp-content\/uploads\/2025\/05\/GYM-3-225x300.jpeg 225w, https:\/\/prensa.sma.gob.ar\/wp-content\/uploads\/2025\/05\/GYM-3-1152x1536.jpeg 1152w, https:\/\/prensa.sma.gob.ar\/wp-content\/uploads\/2025\/05\/GYM-3-315x420.jpeg 315w, https:\/\/prensa.sma.gob.ar\/wp-content\/uploads\/2025\/05\/GYM-3-696x928.jpeg 696w, https:\/\/prensa.sma.gob.ar\/wp-content\/uploads\/2025\/05\/GYM-3-1068x1424.jpeg 1068w, https:\/\/prensa.sma.gob.ar\/wp-content\/uploads\/2025\/05\/GYM-3.jpeg 1200w\" sizes=\"auto, (max-width: 768px) 100vw, 768px\" \/><\/figure>\n\n\n\n<figure class=\"wp-block-image size-large\"><img loading=\"lazy\" decoding=\"async\" width=\"768\" height=\"1024\" data-id=\"7530\" src=\"https:\/\/prensa.sma.gob.ar\/wp-content\/uploads\/2025\/05\/GYM-4-768x1024.jpeg\" alt=\"\" class=\"wp-image-7530\" srcset=\"https:\/\/prensa.sma.gob.ar\/wp-content\/uploads\/2025\/05\/GYM-4-768x1024.jpeg 768w, https:\/\/prensa.sma.gob.ar\/wp-content\/uploads\/2025\/05\/GYM-4-225x300.jpeg 225w, https:\/\/prensa.sma.gob.ar\/wp-content\/uploads\/2025\/05\/GYM-4-1152x1536.jpeg 1152w, https:\/\/prensa.sma.gob.ar\/wp-content\/uploads\/2025\/05\/GYM-4-315x420.jpeg 315w, https:\/\/prensa.sma.gob.ar\/wp-content\/uploads\/2025\/05\/GYM-4-696x928.jpeg 696w, https:\/\/prensa.sma.gob.ar\/wp-content\/uploads\/2025\/05\/GYM-4-1068x1424.jpeg 1068w, https:\/\/prensa.sma.gob.ar\/wp-content\/uploads\/2025\/05\/GYM-4.jpeg 1200w\" sizes=\"auto, (max-width: 768px) 100vw, 768px\" \/><\/figure>\n\n\n\n<figure class=\"wp-block-image size-large\"><img loading=\"lazy\" decoding=\"async\" width=\"768\" height=\"1024\" data-id=\"7526\" src=\"https:\/\/prensa.sma.gob.ar\/wp-content\/uploads\/2025\/05\/GYM-5-768x1024.jpeg\" alt=\"\" class=\"wp-image-7526\" srcset=\"https:\/\/prensa.sma.gob.ar\/wp-content\/uploads\/2025\/05\/GYM-5-768x1024.jpeg 768w, https:\/\/prensa.sma.gob.ar\/wp-content\/uploads\/2025\/05\/GYM-5-225x300.jpeg 225w, https:\/\/prensa.sma.gob.ar\/wp-content\/uploads\/2025\/05\/GYM-5-1152x1536.jpeg 1152w, https:\/\/prensa.sma.gob.ar\/wp-content\/uploads\/2025\/05\/GYM-5-315x420.jpeg 315w, https:\/\/prensa.sma.gob.ar\/wp-content\/uploads\/2025\/05\/GYM-5-696x928.jpeg 696w, https:\/\/prensa.sma.gob.ar\/wp-content\/uploads\/2025\/05\/GYM-5-1068x1424.jpeg 1068w, https:\/\/prensa.sma.gob.ar\/wp-content\/uploads\/2025\/05\/GYM-5.jpeg 1200w\" sizes=\"auto, (max-width: 768px) 100vw, 768px\" \/><\/figure>\n\n\n\n<figure class=\"wp-block-image size-large\"><img loading=\"lazy\" decoding=\"async\" width=\"1024\" height=\"703\" data-id=\"7529\" src=\"https:\/\/prensa.sma.gob.ar\/wp-content\/uploads\/2025\/05\/GYM-1024x703.jpeg\" alt=\"\" class=\"wp-image-7529\" srcset=\"https:\/\/prensa.sma.gob.ar\/wp-content\/uploads\/2025\/05\/GYM-1024x703.jpeg 1024w, https:\/\/prensa.sma.gob.ar\/wp-content\/uploads\/2025\/05\/GYM-300x206.jpeg 300w, https:\/\/prensa.sma.gob.ar\/wp-content\/uploads\/2025\/05\/GYM-768x528.jpeg 768w, https:\/\/prensa.sma.gob.ar\/wp-content\/uploads\/2025\/05\/GYM-1536x1055.jpeg 1536w, https:\/\/prensa.sma.gob.ar\/wp-content\/uploads\/2025\/05\/GYM-611x420.jpeg 611w, https:\/\/prensa.sma.gob.ar\/wp-content\/uploads\/2025\/05\/GYM-218x150.jpeg 218w, https:\/\/prensa.sma.gob.ar\/wp-content\/uploads\/2025\/05\/GYM-696x478.jpeg 696w, https:\/\/prensa.sma.gob.ar\/wp-content\/uploads\/2025\/05\/GYM-1068x734.jpeg 1068w, https:\/\/prensa.sma.gob.ar\/wp-content\/uploads\/2025\/05\/GYM.jpeg 1600w\" sizes=\"auto, (max-width: 1024px) 100vw, 1024px\" \/><\/figure>\n<\/figure>\n","protected":false},"excerpt":{"rendered":"<p>El Municipio comenz\u00f3 con el relevamiento general para el mantenimiento y acondicionamiento de los gimnasios, durante el cual se evaluaron las condiciones actuales del edificio y se identificaron los trabajos necesarios que se comenzar\u00e1n a ejecutar. Las tareas comenzaron este lunes con una recorrida por el gimnasio Elio \u201cChango\u201d Soria, encabezada por el subsecretario de [&hellip;]<\/p>\n","protected":false},"author":1,"featured_media":7524,"comment_status":"closed","ping_status":"open","sticky":false,"template":"","format":"standard","meta":{"footnotes":""},"categories":[16,14],"tags":[],"class_list":{"0":"post-7521","1":"post","2":"type-post","3":"status-publish","4":"format-standard","5":"has-post-thumbnail","7":"category-destacadas","8":"category-noticias"},"_links":{"self":[{"href":"https:\/\/prensa.sma.gob.ar\/index.php?rest_route=\/wp\/v2\/posts\/7521","targetHints":{"allow":["GET"]}}],"collection":[{"href":"https:\/\/prensa.sma.gob.ar\/index.php?rest_route=\/wp\/v2\/posts"}],"about":[{"href":"https:\/\/prensa.sma.gob.ar\/index.php?rest_route=\/wp\/v2\/types\/post"}],"author":[{"embeddable":true,"href":"https:\/\/prensa.sma.gob.ar\/index.php?rest_route=\/wp\/v2\/users\/1"}],"replies":[{"embeddable":true,"href":"https:\/\/prensa.sma.gob.ar\/index.php?rest_route=%2Fwp%2Fv2%2Fcomments&post=7521"}],"version-history":[{"count":1,"href":"https:\/\/prensa.sma.gob.ar\/index.php?rest_route=\/wp\/v2\/posts\/7521\/revisions"}],"predecessor-version":[{"id":7531,"href":"https:\/\/prensa.sma.gob.ar\/index.php?rest_route=\/wp\/v2\/posts\/7521\/revisions\/7531"}],"wp:featuredmedia":[{"embeddable":true,"href":"https:\/\/prensa.sma.gob.ar\/index.php?rest_route=\/wp\/v2\/media\/7524"}],"wp:attachment":[{"href":"https:\/\/prensa.sma.gob.ar\/index.php?rest_route=%2Fwp%2Fv2%2Fmedia&parent=7521"}],"wp:term":[{"taxonomy":"category","embeddable":true,"href":"https:\/\/prensa.sma.gob.ar\/index.php?rest_route=%2Fwp%2Fv2%2Fcategories&post=7521"},{"taxonomy":"post_tag","embeddable":true,"href":"https:\/\/prensa.sma.gob.ar\/index.php?rest_route=%2Fwp%2Fv2%2Ftags&post=7521"}],"curies":[{"name":"wp","href":"https:\/\/api.w.org\/{rel}","templated":true}]}}