{"id":7574,"date":"2025-05-30T12:39:13","date_gmt":"2025-05-30T12:39:13","guid":{"rendered":"https:\/\/prensa.sma.gob.ar\/?p=7574"},"modified":"2025-05-30T12:39:14","modified_gmt":"2025-05-30T12:39:14","slug":"se-realizo-en-pilo-lil-un-nuevo-encuentro-regional-de-gestion-de-residuos-solidos-urbanos-girsu","status":"publish","type":"post","link":"https:\/\/prensa.sma.gob.ar\/?p=7574","title":{"rendered":"Se realiz\u00f3 en Pilo Lil un nuevo encuentro regional de Gesti\u00f3n de Residuos S\u00f3lidos Urbanos (Girsu)"},"content":{"rendered":"\n<p>Pilo Lil fue sede de una nueva mesa regional de Gesti\u00f3n de Residuos S\u00f3lidos Urbanos (Girsu), que reuni\u00f3 a representantes de \u00e1reas vinculadas con el ambiente de esta localidad y de San Mart\u00edn de los Andes, Jun\u00edn de los Andes, Villa La Angostura y Villa Traful.<\/p>\n\n\n\n<p>Por San Mart\u00edn de los Andes participaron el subsecretario de Servicios P\u00fablicos, Mart\u00edn Betancur, y el director de Girsu, Jos\u00e9 Pino, quienes expusieron sobre las campa\u00f1as organizadas por la provincia de Neuqu\u00e9n e instrumentadas por los municipios.<\/p>\n\n\n\n<p>Tras la recepci\u00f3n por parte del presidente de la Comisi\u00f3n de Fomento de Pilo Lil, Andr\u00e9s Infante, &nbsp;se realiz\u00f3 la ronda de novedades de cada localidad para actualizar informaci\u00f3n con respecto al encuentro anterior, realizado en abril en San Mart\u00edn de los Andes.<\/p>\n\n\n\n<p>Se prest\u00f3 especial atenci\u00f3n a los resultados de la campa\u00f1a y retiro de Residuos de Aparatos El\u00e9ctricos y Electr\u00f3nicos (RAEEs), llevada adelante por la Secretar\u00eda de Ambiente del Neuqu\u00e9n, que seleccion\u00f3 el Nodo de Jun\u00edn de los Andes para la recepci\u00f3n de este tipo de residuos.<\/p>\n\n\n\n<p>Los representantes de San Mart\u00edn de los Andes en este encuentro informaron que, durante los per\u00edodos de enero\/diciembre 2024 y enero-abril 2025, el Municipio recolect\u00f3 cinco bolsones equivalentes a 650 kg de residuos el\u00e9ctricos y electr\u00f3nicos en el Eco Punto y en Jornadas de Educaci\u00f3n Ambiental Comunitarias.<\/p>\n\n\n\n<p>Betancur se\u00f1al\u00f3 que el Municipio considera muy importante que este tipo de residuos no terminen en la planta de Centro Regional GIRSU, ubicado en Alicur\u00e1, sino que reciban el tratamiento adecuado en los sitios especializados.<\/p>\n\n\n\n<p>El encuentro de Pilo Lil, que se realiz\u00f3 este mi\u00e9rcoles, sirvi\u00f3 tambi\u00e9n para actualizar el monitoreo de la recolecci\u00f3n de pilas, en la que San Mart\u00edn de los Andes recibi\u00f3 hasta el momento entre 50 y 60 kilos, como parte de una campa\u00f1a que se va a extender hasta septiembre u octubre.<\/p>\n\n\n\n<p>Betancur tambi\u00e9n explic\u00f3 que, durante el encuentro, se habl\u00f3 de las buenas pr\u00e1cticas de retiro de residuos en comercios, un \u00e1mbito en el que San Mart\u00edn de los Andes tiene sus complejidades teniendo en cuenta la gran cantidad de &nbsp;este tipo de negocios.<\/p>\n\n\n\n<p>Tambi\u00e9n se realizaron rondas de intercambio de informaci\u00f3n sobre precios comparativos de los materiales en el proceso de reciclado y se realiz\u00f3 una visita a los sitios de disposici\u00f3n de esta localidad, ubicada en el departamento Cat\u00e1n Lil, sobre la ruta provincial 23.<\/p>\n\n\n\n<figure class=\"wp-block-gallery has-nested-images columns-default is-cropped wp-block-gallery-1 is-layout-flex wp-block-gallery-is-layout-flex\">\n<figure class=\"wp-block-image size-large\"><img loading=\"lazy\" decoding=\"async\" width=\"1024\" height=\"768\" data-id=\"7577\" src=\"https:\/\/prensa.sma.gob.ar\/wp-content\/uploads\/2025\/05\/WhatsApp-Image-2025-05-29-at-10.43.01-1024x768.jpeg\" alt=\"\" class=\"wp-image-7577\" srcset=\"https:\/\/prensa.sma.gob.ar\/wp-content\/uploads\/2025\/05\/WhatsApp-Image-2025-05-29-at-10.43.01-1024x768.jpeg 1024w, https:\/\/prensa.sma.gob.ar\/wp-content\/uploads\/2025\/05\/WhatsApp-Image-2025-05-29-at-10.43.01-300x225.jpeg 300w, https:\/\/prensa.sma.gob.ar\/wp-content\/uploads\/2025\/05\/WhatsApp-Image-2025-05-29-at-10.43.01-768x576.jpeg 768w, https:\/\/prensa.sma.gob.ar\/wp-content\/uploads\/2025\/05\/WhatsApp-Image-2025-05-29-at-10.43.01-1536x1152.jpeg 1536w, https:\/\/prensa.sma.gob.ar\/wp-content\/uploads\/2025\/05\/WhatsApp-Image-2025-05-29-at-10.43.01-560x420.jpeg 560w, https:\/\/prensa.sma.gob.ar\/wp-content\/uploads\/2025\/05\/WhatsApp-Image-2025-05-29-at-10.43.01-80x60.jpeg 80w, https:\/\/prensa.sma.gob.ar\/wp-content\/uploads\/2025\/05\/WhatsApp-Image-2025-05-29-at-10.43.01-696x522.jpeg 696w, https:\/\/prensa.sma.gob.ar\/wp-content\/uploads\/2025\/05\/WhatsApp-Image-2025-05-29-at-10.43.01-1068x801.jpeg 1068w, https:\/\/prensa.sma.gob.ar\/wp-content\/uploads\/2025\/05\/WhatsApp-Image-2025-05-29-at-10.43.01.jpeg 1600w\" sizes=\"auto, (max-width: 1024px) 100vw, 1024px\" \/><\/figure>\n\n\n\n<figure class=\"wp-block-image size-large\"><img loading=\"lazy\" decoding=\"async\" width=\"1024\" height=\"768\" data-id=\"7576\" src=\"https:\/\/prensa.sma.gob.ar\/wp-content\/uploads\/2025\/05\/WhatsApp-Image-2025-05-29-at-10.43.07-1024x768.jpeg\" alt=\"\" class=\"wp-image-7576\" srcset=\"https:\/\/prensa.sma.gob.ar\/wp-content\/uploads\/2025\/05\/WhatsApp-Image-2025-05-29-at-10.43.07-1024x768.jpeg 1024w, https:\/\/prensa.sma.gob.ar\/wp-content\/uploads\/2025\/05\/WhatsApp-Image-2025-05-29-at-10.43.07-300x225.jpeg 300w, https:\/\/prensa.sma.gob.ar\/wp-content\/uploads\/2025\/05\/WhatsApp-Image-2025-05-29-at-10.43.07-768x576.jpeg 768w, https:\/\/prensa.sma.gob.ar\/wp-content\/uploads\/2025\/05\/WhatsApp-Image-2025-05-29-at-10.43.07-1536x1152.jpeg 1536w, https:\/\/prensa.sma.gob.ar\/wp-content\/uploads\/2025\/05\/WhatsApp-Image-2025-05-29-at-10.43.07-560x420.jpeg 560w, https:\/\/prensa.sma.gob.ar\/wp-content\/uploads\/2025\/05\/WhatsApp-Image-2025-05-29-at-10.43.07-80x60.jpeg 80w, https:\/\/prensa.sma.gob.ar\/wp-content\/uploads\/2025\/05\/WhatsApp-Image-2025-05-29-at-10.43.07-696x522.jpeg 696w, https:\/\/prensa.sma.gob.ar\/wp-content\/uploads\/2025\/05\/WhatsApp-Image-2025-05-29-at-10.43.07-1068x801.jpeg 1068w, https:\/\/prensa.sma.gob.ar\/wp-content\/uploads\/2025\/05\/WhatsApp-Image-2025-05-29-at-10.43.07.jpeg 1600w\" sizes=\"auto, (max-width: 1024px) 100vw, 1024px\" \/><\/figure>\n\n\n\n<figure class=\"wp-block-image size-large\"><img loading=\"lazy\" decoding=\"async\" width=\"1024\" height=\"768\" data-id=\"7575\" src=\"https:\/\/prensa.sma.gob.ar\/wp-content\/uploads\/2025\/05\/WhatsApp-Image-2025-05-29-at-10.43.12-1024x768.jpeg\" alt=\"\" class=\"wp-image-7575\" srcset=\"https:\/\/prensa.sma.gob.ar\/wp-content\/uploads\/2025\/05\/WhatsApp-Image-2025-05-29-at-10.43.12-1024x768.jpeg 1024w, https:\/\/prensa.sma.gob.ar\/wp-content\/uploads\/2025\/05\/WhatsApp-Image-2025-05-29-at-10.43.12-300x225.jpeg 300w, https:\/\/prensa.sma.gob.ar\/wp-content\/uploads\/2025\/05\/WhatsApp-Image-2025-05-29-at-10.43.12-768x576.jpeg 768w, https:\/\/prensa.sma.gob.ar\/wp-content\/uploads\/2025\/05\/WhatsApp-Image-2025-05-29-at-10.43.12-1536x1152.jpeg 1536w, https:\/\/prensa.sma.gob.ar\/wp-content\/uploads\/2025\/05\/WhatsApp-Image-2025-05-29-at-10.43.12-560x420.jpeg 560w, https:\/\/prensa.sma.gob.ar\/wp-content\/uploads\/2025\/05\/WhatsApp-Image-2025-05-29-at-10.43.12-80x60.jpeg 80w, https:\/\/prensa.sma.gob.ar\/wp-content\/uploads\/2025\/05\/WhatsApp-Image-2025-05-29-at-10.43.12-696x522.jpeg 696w, https:\/\/prensa.sma.gob.ar\/wp-content\/uploads\/2025\/05\/WhatsApp-Image-2025-05-29-at-10.43.12-1068x801.jpeg 1068w, https:\/\/prensa.sma.gob.ar\/wp-content\/uploads\/2025\/05\/WhatsApp-Image-2025-05-29-at-10.43.12.jpeg 1600w\" sizes=\"auto, (max-width: 1024px) 100vw, 1024px\" \/><\/figure>\n<\/figure>\n\n\n\n<p>El Plan Girsu aborda la gesti\u00f3n de residuos desde un enfoque ambiental, sanitario, social y econ\u00f3mico, promoviendo pr\u00e1cticas responsables que contribuyan a preservar el ambiente y mejorar la calidad de vida de las comunidades.<\/p>\n\n\n\n<p>En la provincia del Neuqu\u00e9n, bajo el marco legal de la Ley N\u00b0 1875, se impulsa la conformaci\u00f3n de mesas regionales que permiten un trabajo colaborativo entre municipios y comisiones de fomento. Estas reuniones, que se realizan de forma mensual o bimensual, fomentan la construcci\u00f3n de pol\u00edticas p\u00fablicas locales que se alineen a los principios de econom\u00eda circular, reducci\u00f3n de residuos y protecci\u00f3n ambiental.<\/p>\n\n\n\n<p>Entre los principales objetivos y beneficios del plan se encuentran promover acciones conjuntas para optimizar la recuperaci\u00f3n y comercializaci\u00f3n de materiales reciclables, fortaleciendo el mercado regional y nacional; y aplicar estrategias de log\u00edstica inversa, facilitando el retiro de recursos como aceites usados, pl\u00e1sticos y otros residuos especiales desde las distintas localidades.<\/p>\n\n\n\n<p>Adem\u00e1s, entre los prop\u00f3sitos del plan, se busca desarrollar programas locales de educaci\u00f3n ambiental para incentivar la participaci\u00f3n ciudadana en la separaci\u00f3n en origen, reciclado y compostaje, siguiendo las pautas de la Ley Nacional N\u00b0 25.916\/04; reducir los basurales a cielo abierto, mejorando la gesti\u00f3n operativa en los sitios de disposici\u00f3n final y minimizando el impacto ambiental y sanitario; y fomentar la elaboraci\u00f3n de normativas locales que acompa\u00f1en la correcta implementaci\u00f3n de los planes Girsu y garanticen la sustentabilidad a largo plazo.<\/p>\n","protected":false},"excerpt":{"rendered":"<p>Pilo Lil fue sede de una nueva mesa regional de Gesti\u00f3n de Residuos S\u00f3lidos Urbanos (Girsu), que reuni\u00f3 a representantes de \u00e1reas vinculadas con el ambiente de esta localidad y de San Mart\u00edn de los Andes, Jun\u00edn de los Andes, Villa La Angostura y Villa Traful. Por San Mart\u00edn de los Andes participaron el subsecretario [&hellip;]<\/p>\n","protected":false},"author":2,"featured_media":7579,"comment_status":"closed","ping_status":"open","sticky":false,"template":"","format":"standard","meta":{"footnotes":""},"categories":[45,16,14],"tags":[],"class_list":{"0":"post-7574","1":"post","2":"type-post","3":"status-publish","4":"format-standard","5":"has-post-thumbnail","7":"category-ambiente","8":"category-destacadas","9":"category-noticias"},"_links":{"self":[{"href":"https:\/\/prensa.sma.gob.ar\/index.php?rest_route=\/wp\/v2\/posts\/7574","targetHints":{"allow":["GET"]}}],"collection":[{"href":"https:\/\/prensa.sma.gob.ar\/index.php?rest_route=\/wp\/v2\/posts"}],"about":[{"href":"https:\/\/prensa.sma.gob.ar\/index.php?rest_route=\/wp\/v2\/types\/post"}],"author":[{"embeddable":true,"href":"https:\/\/prensa.sma.gob.ar\/index.php?rest_route=\/wp\/v2\/users\/2"}],"replies":[{"embeddable":true,"href":"https:\/\/prensa.sma.gob.ar\/index.php?rest_route=%2Fwp%2Fv2%2Fcomments&post=7574"}],"version-history":[{"count":1,"href":"https:\/\/prensa.sma.gob.ar\/index.php?rest_route=\/wp\/v2\/posts\/7574\/revisions"}],"predecessor-version":[{"id":7580,"href":"https:\/\/prensa.sma.gob.ar\/index.php?rest_route=\/wp\/v2\/posts\/7574\/revisions\/7580"}],"wp:featuredmedia":[{"embeddable":true,"href":"https:\/\/prensa.sma.gob.ar\/index.php?rest_route=\/wp\/v2\/media\/7579"}],"wp:attachment":[{"href":"https:\/\/prensa.sma.gob.ar\/index.php?rest_route=%2Fwp%2Fv2%2Fmedia&parent=7574"}],"wp:term":[{"taxonomy":"category","embeddable":true,"href":"https:\/\/prensa.sma.gob.ar\/index.php?rest_route=%2Fwp%2Fv2%2Fcategories&post=7574"},{"taxonomy":"post_tag","embeddable":true,"href":"https:\/\/prensa.sma.gob.ar\/index.php?rest_route=%2Fwp%2Fv2%2Ftags&post=7574"}],"curies":[{"name":"wp","href":"https:\/\/api.w.org\/{rel}","templated":true}]}}