{"id":7581,"date":"2025-05-30T13:32:03","date_gmt":"2025-05-30T13:32:03","guid":{"rendered":"https:\/\/prensa.sma.gob.ar\/?p=7581"},"modified":"2025-05-30T13:32:05","modified_gmt":"2025-05-30T13:32:05","slug":"tiziano-sepulveda-sigue-dejando-bien-alto-el-nombre-de-san-martin-de-los-andes","status":"publish","type":"post","link":"https:\/\/prensa.sma.gob.ar\/?p=7581","title":{"rendered":"Tiziano Sep\u00falveda sigue dejando bien alto el nombre de San Mart\u00edn de los Andes"},"content":{"rendered":"\n<p>La Subsecretar\u00eda de Deportes felicit\u00f3 a Tiziano Sep\u00falveda, joven piloto de nuestra localidad, por su destacado presente en el motocross nacional e internacional.<\/p>\n\n\n\n<p>Este fin de semana, Tiziano particip\u00f3 de la tercera fecha del Campeonato Nacional Chileno, disputada en la pista La Finca, en la ciudad de Las Cabras, Chile. Con un rendimiento sobresaliente, logr\u00f3 el primer puesto en ambas mangas, consagr\u00e1ndose como el ganador absoluto de la jornada. Gracias a este resultado, sigue liderando el campeonato chileno con firmeza.<\/p>\n\n\n\n<p>Adem\u00e1s, se prepara para la pr\u00f3xima fecha del Campeonato Nacional Argentino, a disputarse en Trenque Lauquen, donde tambi\u00e9n marcha en la primera posici\u00f3n de la tabla general.<\/p>\n\n\n\n<p>Como si fuera poco, Tiziano tambi\u00e9n compite en el exigente Campeonato Cordob\u00e9s, en el que ven\u00eda liderando. Actualmente se encuentra segundo, debido a que una fecha coincidi\u00f3 con el campeonato chileno.<\/p>\n\n\n\n<p>Celebramos el esfuerzo, la constancia y el talento de este joven deportista, que representa con orgullo a San Mart\u00edn de los Andes en cada circuito. \u00a1Felicitaciones, Tizi!<\/p>\n\n\n\n<figure class=\"wp-block-gallery has-nested-images columns-default is-cropped wp-block-gallery-1 is-layout-flex wp-block-gallery-is-layout-flex\">\n<figure class=\"wp-block-image size-large\"><img loading=\"lazy\" decoding=\"async\" width=\"1024\" height=\"684\" data-id=\"7585\" src=\"https:\/\/prensa.sma.gob.ar\/wp-content\/uploads\/2025\/05\/WhatsApp-Image-2025-05-29-at-15.06.58-1024x684.jpeg\" alt=\"\" class=\"wp-image-7585\" srcset=\"https:\/\/prensa.sma.gob.ar\/wp-content\/uploads\/2025\/05\/WhatsApp-Image-2025-05-29-at-15.06.58-1024x684.jpeg 1024w, https:\/\/prensa.sma.gob.ar\/wp-content\/uploads\/2025\/05\/WhatsApp-Image-2025-05-29-at-15.06.58-300x200.jpeg 300w, https:\/\/prensa.sma.gob.ar\/wp-content\/uploads\/2025\/05\/WhatsApp-Image-2025-05-29-at-15.06.58-768x513.jpeg 768w, https:\/\/prensa.sma.gob.ar\/wp-content\/uploads\/2025\/05\/WhatsApp-Image-2025-05-29-at-15.06.58-1536x1025.jpeg 1536w, https:\/\/prensa.sma.gob.ar\/wp-content\/uploads\/2025\/05\/WhatsApp-Image-2025-05-29-at-15.06.58-629x420.jpeg 629w, https:\/\/prensa.sma.gob.ar\/wp-content\/uploads\/2025\/05\/WhatsApp-Image-2025-05-29-at-15.06.58-696x465.jpeg 696w, https:\/\/prensa.sma.gob.ar\/wp-content\/uploads\/2025\/05\/WhatsApp-Image-2025-05-29-at-15.06.58-1068x713.jpeg 1068w, https:\/\/prensa.sma.gob.ar\/wp-content\/uploads\/2025\/05\/WhatsApp-Image-2025-05-29-at-15.06.58.jpeg 1600w\" sizes=\"auto, (max-width: 1024px) 100vw, 1024px\" \/><\/figure>\n\n\n\n<figure class=\"wp-block-image size-large\"><img loading=\"lazy\" decoding=\"async\" width=\"684\" height=\"1024\" data-id=\"7584\" src=\"https:\/\/prensa.sma.gob.ar\/wp-content\/uploads\/2025\/05\/WhatsApp-Image-2025-05-29-at-15.06.58-1-684x1024.jpeg\" alt=\"\" class=\"wp-image-7584\" srcset=\"https:\/\/prensa.sma.gob.ar\/wp-content\/uploads\/2025\/05\/WhatsApp-Image-2025-05-29-at-15.06.58-1-684x1024.jpeg 684w, https:\/\/prensa.sma.gob.ar\/wp-content\/uploads\/2025\/05\/WhatsApp-Image-2025-05-29-at-15.06.58-1-200x300.jpeg 200w, https:\/\/prensa.sma.gob.ar\/wp-content\/uploads\/2025\/05\/WhatsApp-Image-2025-05-29-at-15.06.58-1-768x1151.jpeg 768w, https:\/\/prensa.sma.gob.ar\/wp-content\/uploads\/2025\/05\/WhatsApp-Image-2025-05-29-at-15.06.58-1-1025x1536.jpeg 1025w, https:\/\/prensa.sma.gob.ar\/wp-content\/uploads\/2025\/05\/WhatsApp-Image-2025-05-29-at-15.06.58-1-280x420.jpeg 280w, https:\/\/prensa.sma.gob.ar\/wp-content\/uploads\/2025\/05\/WhatsApp-Image-2025-05-29-at-15.06.58-1-696x1043.jpeg 696w, https:\/\/prensa.sma.gob.ar\/wp-content\/uploads\/2025\/05\/WhatsApp-Image-2025-05-29-at-15.06.58-1.jpeg 1068w\" sizes=\"auto, (max-width: 684px) 100vw, 684px\" \/><\/figure>\n\n\n\n<figure class=\"wp-block-image size-large\"><img loading=\"lazy\" decoding=\"async\" width=\"1024\" height=\"684\" data-id=\"7583\" src=\"https:\/\/prensa.sma.gob.ar\/wp-content\/uploads\/2025\/05\/WhatsApp-Image-2025-05-29-at-15.06.59-1024x684.jpeg\" alt=\"\" class=\"wp-image-7583\" srcset=\"https:\/\/prensa.sma.gob.ar\/wp-content\/uploads\/2025\/05\/WhatsApp-Image-2025-05-29-at-15.06.59-1024x684.jpeg 1024w, https:\/\/prensa.sma.gob.ar\/wp-content\/uploads\/2025\/05\/WhatsApp-Image-2025-05-29-at-15.06.59-300x200.jpeg 300w, https:\/\/prensa.sma.gob.ar\/wp-content\/uploads\/2025\/05\/WhatsApp-Image-2025-05-29-at-15.06.59-768x513.jpeg 768w, https:\/\/prensa.sma.gob.ar\/wp-content\/uploads\/2025\/05\/WhatsApp-Image-2025-05-29-at-15.06.59-1536x1025.jpeg 1536w, https:\/\/prensa.sma.gob.ar\/wp-content\/uploads\/2025\/05\/WhatsApp-Image-2025-05-29-at-15.06.59-629x420.jpeg 629w, https:\/\/prensa.sma.gob.ar\/wp-content\/uploads\/2025\/05\/WhatsApp-Image-2025-05-29-at-15.06.59-696x465.jpeg 696w, https:\/\/prensa.sma.gob.ar\/wp-content\/uploads\/2025\/05\/WhatsApp-Image-2025-05-29-at-15.06.59-1068x713.jpeg 1068w, https:\/\/prensa.sma.gob.ar\/wp-content\/uploads\/2025\/05\/WhatsApp-Image-2025-05-29-at-15.06.59.jpeg 1600w\" sizes=\"auto, (max-width: 1024px) 100vw, 1024px\" \/><\/figure>\n<\/figure>\n","protected":false},"excerpt":{"rendered":"<p>La Subsecretar\u00eda de Deportes felicit\u00f3 a Tiziano Sep\u00falveda, joven piloto de nuestra localidad, por su destacado presente en el motocross nacional e internacional. Este fin de semana, Tiziano particip\u00f3 de la tercera fecha del Campeonato Nacional Chileno, disputada en la pista La Finca, en la ciudad de Las Cabras, Chile. Con un rendimiento sobresaliente, logr\u00f3 [&hellip;]<\/p>\n","protected":false},"author":2,"featured_media":7586,"comment_status":"closed","ping_status":"open","sticky":false,"template":"","format":"standard","meta":{"footnotes":""},"categories":[7,16,14],"tags":[],"class_list":{"0":"post-7581","1":"post","2":"type-post","3":"status-publish","4":"format-standard","5":"has-post-thumbnail","7":"category-deportes","8":"category-destacadas","9":"category-noticias"},"_links":{"self":[{"href":"https:\/\/prensa.sma.gob.ar\/index.php?rest_route=\/wp\/v2\/posts\/7581","targetHints":{"allow":["GET"]}}],"collection":[{"href":"https:\/\/prensa.sma.gob.ar\/index.php?rest_route=\/wp\/v2\/posts"}],"about":[{"href":"https:\/\/prensa.sma.gob.ar\/index.php?rest_route=\/wp\/v2\/types\/post"}],"author":[{"embeddable":true,"href":"https:\/\/prensa.sma.gob.ar\/index.php?rest_route=\/wp\/v2\/users\/2"}],"replies":[{"embeddable":true,"href":"https:\/\/prensa.sma.gob.ar\/index.php?rest_route=%2Fwp%2Fv2%2Fcomments&post=7581"}],"version-history":[{"count":1,"href":"https:\/\/prensa.sma.gob.ar\/index.php?rest_route=\/wp\/v2\/posts\/7581\/revisions"}],"predecessor-version":[{"id":7587,"href":"https:\/\/prensa.sma.gob.ar\/index.php?rest_route=\/wp\/v2\/posts\/7581\/revisions\/7587"}],"wp:featuredmedia":[{"embeddable":true,"href":"https:\/\/prensa.sma.gob.ar\/index.php?rest_route=\/wp\/v2\/media\/7586"}],"wp:attachment":[{"href":"https:\/\/prensa.sma.gob.ar\/index.php?rest_route=%2Fwp%2Fv2%2Fmedia&parent=7581"}],"wp:term":[{"taxonomy":"category","embeddable":true,"href":"https:\/\/prensa.sma.gob.ar\/index.php?rest_route=%2Fwp%2Fv2%2Fcategories&post=7581"},{"taxonomy":"post_tag","embeddable":true,"href":"https:\/\/prensa.sma.gob.ar\/index.php?rest_route=%2Fwp%2Fv2%2Ftags&post=7581"}],"curies":[{"name":"wp","href":"https:\/\/api.w.org\/{rel}","templated":true}]}}