{"id":7588,"date":"2025-05-30T14:12:41","date_gmt":"2025-05-30T14:12:41","guid":{"rendered":"https:\/\/prensa.sma.gob.ar\/?p=7588"},"modified":"2025-05-30T15:29:56","modified_gmt":"2025-05-30T15:29:56","slug":"martin-comesana-entrego-un-ejemplar-de-su-reciente-libro-al-intendente-carlos-saloniti","status":"publish","type":"post","link":"https:\/\/prensa.sma.gob.ar\/?p=7588","title":{"rendered":"Mart\u00edn Comesa\u00f1a entreg\u00f3 un ejemplar de su reciente libro al intendente Carlos Saloniti"},"content":{"rendered":"\n<p>El intendente Carlos Saloniti recibi\u00f3 este viernes un ejemplar de Cr\u00f3nicas Bomberiles, el libro de Mart\u00edn Comesa\u00f1a, presentado recientemente en nuestra ciudad.<\/p>\n\n\n\n<p>&nbsp;La obra, de editorial La Chascona, recopila vivencias reales a partir de la experiencia de Comesa\u00f1a como bombero voluntario de San Mart\u00edn de los Andes y de historias que le llegaron de sus camaradas.<\/p>\n\n\n\n<p>El autor invita a recorrer historias en formato de cr\u00f3nicas que incluyen recuerdos e historias que reflejan el coraje y la entrega cotidiana de los bomberos voluntarios.<\/p>\n\n\n\n<p>El intendente Saloniti se\u00f1al\u00f3 la importancia de este trabajo que recoge historias de valor humano, social y cultural, y destac\u00f3 que el libro haya sido declarado de inter\u00e9s municipal y provincial.<\/p>\n\n\n\n<p>Tambi\u00e9n elogi\u00f3 la decisi\u00f3n de Mart\u00edn Comesa\u00f1a de donar la totalidad de lo producido por la venta de su libro al sector de Cuidados Paliativos del Hospital Ram\u00f3n Carrillo.<\/p>\n\n\n\n<figure class=\"wp-block-gallery has-nested-images columns-default is-cropped wp-block-gallery-1 is-layout-flex wp-block-gallery-is-layout-flex\">\n<figure class=\"wp-block-image size-large\"><img loading=\"lazy\" decoding=\"async\" width=\"1024\" height=\"771\" data-id=\"7590\" src=\"https:\/\/prensa.sma.gob.ar\/wp-content\/uploads\/2025\/05\/WhatsApp-Image-2025-05-30-at-10.54.34-1024x771.jpeg\" alt=\"\" class=\"wp-image-7590\" srcset=\"https:\/\/prensa.sma.gob.ar\/wp-content\/uploads\/2025\/05\/WhatsApp-Image-2025-05-30-at-10.54.34-1024x771.jpeg 1024w, https:\/\/prensa.sma.gob.ar\/wp-content\/uploads\/2025\/05\/WhatsApp-Image-2025-05-30-at-10.54.34-300x226.jpeg 300w, https:\/\/prensa.sma.gob.ar\/wp-content\/uploads\/2025\/05\/WhatsApp-Image-2025-05-30-at-10.54.34-768x578.jpeg 768w, https:\/\/prensa.sma.gob.ar\/wp-content\/uploads\/2025\/05\/WhatsApp-Image-2025-05-30-at-10.54.34-1536x1157.jpeg 1536w, https:\/\/prensa.sma.gob.ar\/wp-content\/uploads\/2025\/05\/WhatsApp-Image-2025-05-30-at-10.54.34-2048x1542.jpeg 2048w, https:\/\/prensa.sma.gob.ar\/wp-content\/uploads\/2025\/05\/WhatsApp-Image-2025-05-30-at-10.54.34-558x420.jpeg 558w, https:\/\/prensa.sma.gob.ar\/wp-content\/uploads\/2025\/05\/WhatsApp-Image-2025-05-30-at-10.54.34-80x60.jpeg 80w, https:\/\/prensa.sma.gob.ar\/wp-content\/uploads\/2025\/05\/WhatsApp-Image-2025-05-30-at-10.54.34-696x524.jpeg 696w, https:\/\/prensa.sma.gob.ar\/wp-content\/uploads\/2025\/05\/WhatsApp-Image-2025-05-30-at-10.54.34-1068x804.jpeg 1068w, https:\/\/prensa.sma.gob.ar\/wp-content\/uploads\/2025\/05\/WhatsApp-Image-2025-05-30-at-10.54.34-1920x1446.jpeg 1920w\" sizes=\"auto, (max-width: 1024px) 100vw, 1024px\" \/><\/figure>\n\n\n\n<figure class=\"wp-block-image size-large\"><img loading=\"lazy\" decoding=\"async\" width=\"1024\" height=\"771\" data-id=\"7589\" src=\"https:\/\/prensa.sma.gob.ar\/wp-content\/uploads\/2025\/05\/WhatsApp-Image-2025-05-30-at-10.58.15-1024x771.jpeg\" alt=\"\" class=\"wp-image-7589\" srcset=\"https:\/\/prensa.sma.gob.ar\/wp-content\/uploads\/2025\/05\/WhatsApp-Image-2025-05-30-at-10.58.15-1024x771.jpeg 1024w, https:\/\/prensa.sma.gob.ar\/wp-content\/uploads\/2025\/05\/WhatsApp-Image-2025-05-30-at-10.58.15-300x226.jpeg 300w, https:\/\/prensa.sma.gob.ar\/wp-content\/uploads\/2025\/05\/WhatsApp-Image-2025-05-30-at-10.58.15-768x578.jpeg 768w, https:\/\/prensa.sma.gob.ar\/wp-content\/uploads\/2025\/05\/WhatsApp-Image-2025-05-30-at-10.58.15-1536x1157.jpeg 1536w, https:\/\/prensa.sma.gob.ar\/wp-content\/uploads\/2025\/05\/WhatsApp-Image-2025-05-30-at-10.58.15-2048x1542.jpeg 2048w, https:\/\/prensa.sma.gob.ar\/wp-content\/uploads\/2025\/05\/WhatsApp-Image-2025-05-30-at-10.58.15-558x420.jpeg 558w, https:\/\/prensa.sma.gob.ar\/wp-content\/uploads\/2025\/05\/WhatsApp-Image-2025-05-30-at-10.58.15-80x60.jpeg 80w, https:\/\/prensa.sma.gob.ar\/wp-content\/uploads\/2025\/05\/WhatsApp-Image-2025-05-30-at-10.58.15-696x524.jpeg 696w, https:\/\/prensa.sma.gob.ar\/wp-content\/uploads\/2025\/05\/WhatsApp-Image-2025-05-30-at-10.58.15-1068x804.jpeg 1068w, https:\/\/prensa.sma.gob.ar\/wp-content\/uploads\/2025\/05\/WhatsApp-Image-2025-05-30-at-10.58.15-1920x1446.jpeg 1920w\" sizes=\"auto, (max-width: 1024px) 100vw, 1024px\" \/><\/figure>\n<\/figure>\n","protected":false},"excerpt":{"rendered":"<p>El intendente Carlos Saloniti recibi\u00f3 este viernes un ejemplar de Cr\u00f3nicas Bomberiles, el libro de Mart\u00edn Comesa\u00f1a, presentado recientemente en nuestra ciudad. &nbsp;La obra, de editorial La Chascona, recopila vivencias reales a partir de la experiencia de Comesa\u00f1a como bombero voluntario de San Mart\u00edn de los Andes y de historias que le llegaron de sus [&hellip;]<\/p>\n","protected":false},"author":2,"featured_media":7594,"comment_status":"closed","ping_status":"open","sticky":false,"template":"","format":"standard","meta":{"footnotes":""},"categories":[16,14],"tags":[],"class_list":{"0":"post-7588","1":"post","2":"type-post","3":"status-publish","4":"format-standard","5":"has-post-thumbnail","7":"category-destacadas","8":"category-noticias"},"_links":{"self":[{"href":"https:\/\/prensa.sma.gob.ar\/index.php?rest_route=\/wp\/v2\/posts\/7588","targetHints":{"allow":["GET"]}}],"collection":[{"href":"https:\/\/prensa.sma.gob.ar\/index.php?rest_route=\/wp\/v2\/posts"}],"about":[{"href":"https:\/\/prensa.sma.gob.ar\/index.php?rest_route=\/wp\/v2\/types\/post"}],"author":[{"embeddable":true,"href":"https:\/\/prensa.sma.gob.ar\/index.php?rest_route=\/wp\/v2\/users\/2"}],"replies":[{"embeddable":true,"href":"https:\/\/prensa.sma.gob.ar\/index.php?rest_route=%2Fwp%2Fv2%2Fcomments&post=7588"}],"version-history":[{"count":1,"href":"https:\/\/prensa.sma.gob.ar\/index.php?rest_route=\/wp\/v2\/posts\/7588\/revisions"}],"predecessor-version":[{"id":7592,"href":"https:\/\/prensa.sma.gob.ar\/index.php?rest_route=\/wp\/v2\/posts\/7588\/revisions\/7592"}],"wp:featuredmedia":[{"embeddable":true,"href":"https:\/\/prensa.sma.gob.ar\/index.php?rest_route=\/wp\/v2\/media\/7594"}],"wp:attachment":[{"href":"https:\/\/prensa.sma.gob.ar\/index.php?rest_route=%2Fwp%2Fv2%2Fmedia&parent=7588"}],"wp:term":[{"taxonomy":"category","embeddable":true,"href":"https:\/\/prensa.sma.gob.ar\/index.php?rest_route=%2Fwp%2Fv2%2Fcategories&post=7588"},{"taxonomy":"post_tag","embeddable":true,"href":"https:\/\/prensa.sma.gob.ar\/index.php?rest_route=%2Fwp%2Fv2%2Ftags&post=7588"}],"curies":[{"name":"wp","href":"https:\/\/api.w.org\/{rel}","templated":true}]}}