{"id":7601,"date":"2025-05-31T16:39:00","date_gmt":"2025-05-31T16:39:00","guid":{"rendered":"https:\/\/prensa.sma.gob.ar\/?p=7601"},"modified":"2025-05-31T16:39:01","modified_gmt":"2025-05-31T16:39:01","slug":"espacios-verdes-trabaja-en-el-apeo-de-arboles-previo-a-la-pavimentacion-en-chacra-4","status":"publish","type":"post","link":"https:\/\/prensa.sma.gob.ar\/?p=7601","title":{"rendered":"Espacios Verdes trabaja en el apeo de \u00e1rboles previo a la pavimentaci\u00f3n en Chacra 4"},"content":{"rendered":"\n<p>Personal de la Direcci\u00f3n de Espacios Verdes del Municipio interviene \u00e1lamos sobre las calles que pr\u00f3ximamente ser\u00e1n pavimentadas en Chacra 4.<\/p>\n\n\n\n<p>Se trata de especies ubicadas en el cord\u00f3n cuneta o a los costados de las calles que, en algunos casos, han roto el cord\u00f3n y levantado las veredas con las ra\u00edces.<\/p>\n\n\n\n<p>Para evitar complicaciones futuras, los operarios realizan volteo de algunos ejemplares de \u00e1lamo criollo y aquellos \u00e1rboles que han crecido inclinados en direcci\u00f3n a las calles.<\/p>\n\n\n\n<p>Espacios Verdes inform\u00f3 que los \u00e1rboles qu\u00e9 est\u00e1n en el lugar son a\u00f1ejos y ya han tenido quiebres y presentan deterioro en su estructura, como pudrici\u00f3n, quiebre de ramas y mocheo.<\/p>\n\n\n\n<p>Las obras de pavimentaci\u00f3n en Chacra 4 incluir\u00e1n las calles Tromen (entre la Ruta Nacional 40 y Las Coloradas), Las Coloradas (entre Tromen y Pil Pil), Pil Pil (hasta el lote E-6 de la manzana E) y Las Lajas (entre Pil Pil y la ruta provincial 62).<\/p>\n\n\n\n<p>La Direcci\u00f3n de Espacios Verdes se\u00f1al\u00f3, adem\u00e1s, que luego de finalizar con el retiro de ramas, y respetando el \u00e1rea de pavimentaci\u00f3n y cord\u00f3n, se proceder\u00e1 a plantar \u00e1rboles qu\u00e9 no se desarrollen en altura.<\/p>\n\n\n\n<figure class=\"wp-block-gallery has-nested-images columns-default is-cropped wp-block-gallery-1 is-layout-flex wp-block-gallery-is-layout-flex\">\n<figure class=\"wp-block-image size-large\"><img loading=\"lazy\" decoding=\"async\" width=\"768\" height=\"1024\" data-id=\"7605\" src=\"https:\/\/prensa.sma.gob.ar\/wp-content\/uploads\/2025\/05\/arboles-2-768x1024.jpg\" alt=\"\" class=\"wp-image-7605\" srcset=\"https:\/\/prensa.sma.gob.ar\/wp-content\/uploads\/2025\/05\/arboles-2-768x1024.jpg 768w, https:\/\/prensa.sma.gob.ar\/wp-content\/uploads\/2025\/05\/arboles-2-225x300.jpg 225w, https:\/\/prensa.sma.gob.ar\/wp-content\/uploads\/2025\/05\/arboles-2-315x420.jpg 315w, https:\/\/prensa.sma.gob.ar\/wp-content\/uploads\/2025\/05\/arboles-2-696x928.jpg 696w, https:\/\/prensa.sma.gob.ar\/wp-content\/uploads\/2025\/05\/arboles-2.jpg 1000w\" sizes=\"auto, (max-width: 768px) 100vw, 768px\" \/><\/figure>\n\n\n\n<figure class=\"wp-block-image size-large\"><img loading=\"lazy\" decoding=\"async\" width=\"768\" height=\"1024\" data-id=\"7603\" src=\"https:\/\/prensa.sma.gob.ar\/wp-content\/uploads\/2025\/05\/WhatsApp-Image-2025-05-30-at-12.09.07-3-768x1024.jpeg\" alt=\"\" class=\"wp-image-7603\" srcset=\"https:\/\/prensa.sma.gob.ar\/wp-content\/uploads\/2025\/05\/WhatsApp-Image-2025-05-30-at-12.09.07-3-768x1024.jpeg 768w, https:\/\/prensa.sma.gob.ar\/wp-content\/uploads\/2025\/05\/WhatsApp-Image-2025-05-30-at-12.09.07-3-225x300.jpeg 225w, https:\/\/prensa.sma.gob.ar\/wp-content\/uploads\/2025\/05\/WhatsApp-Image-2025-05-30-at-12.09.07-3-315x420.jpeg 315w, https:\/\/prensa.sma.gob.ar\/wp-content\/uploads\/2025\/05\/WhatsApp-Image-2025-05-30-at-12.09.07-3-696x928.jpeg 696w, https:\/\/prensa.sma.gob.ar\/wp-content\/uploads\/2025\/05\/WhatsApp-Image-2025-05-30-at-12.09.07-3.jpeg 960w\" sizes=\"auto, (max-width: 768px) 100vw, 768px\" \/><\/figure>\n\n\n\n<figure class=\"wp-block-image size-large\"><img loading=\"lazy\" decoding=\"async\" width=\"768\" height=\"1024\" data-id=\"7602\" src=\"https:\/\/prensa.sma.gob.ar\/wp-content\/uploads\/2025\/05\/WhatsApp-Image-2025-05-30-at-12.09.08-1-768x1024.jpeg\" alt=\"\" class=\"wp-image-7602\" srcset=\"https:\/\/prensa.sma.gob.ar\/wp-content\/uploads\/2025\/05\/WhatsApp-Image-2025-05-30-at-12.09.08-1-768x1024.jpeg 768w, https:\/\/prensa.sma.gob.ar\/wp-content\/uploads\/2025\/05\/WhatsApp-Image-2025-05-30-at-12.09.08-1-225x300.jpeg 225w, https:\/\/prensa.sma.gob.ar\/wp-content\/uploads\/2025\/05\/WhatsApp-Image-2025-05-30-at-12.09.08-1-315x420.jpeg 315w, https:\/\/prensa.sma.gob.ar\/wp-content\/uploads\/2025\/05\/WhatsApp-Image-2025-05-30-at-12.09.08-1-696x928.jpeg 696w, https:\/\/prensa.sma.gob.ar\/wp-content\/uploads\/2025\/05\/WhatsApp-Image-2025-05-30-at-12.09.08-1.jpeg 960w\" sizes=\"auto, (max-width: 768px) 100vw, 768px\" \/><\/figure>\n<\/figure>\n","protected":false},"excerpt":{"rendered":"<p>Personal de la Direcci\u00f3n de Espacios Verdes del Municipio interviene \u00e1lamos sobre las calles que pr\u00f3ximamente ser\u00e1n pavimentadas en Chacra 4. Se trata de especies ubicadas en el cord\u00f3n cuneta o a los costados de las calles que, en algunos casos, han roto el cord\u00f3n y levantado las veredas con las ra\u00edces. Para evitar complicaciones [&hellip;]<\/p>\n","protected":false},"author":2,"featured_media":7604,"comment_status":"closed","ping_status":"open","sticky":false,"template":"","format":"standard","meta":{"footnotes":""},"categories":[16,14,19],"tags":[],"class_list":{"0":"post-7601","1":"post","2":"type-post","3":"status-publish","4":"format-standard","5":"has-post-thumbnail","7":"category-destacadas","8":"category-noticias","9":"category-obras-y-servicios-publicos"},"_links":{"self":[{"href":"https:\/\/prensa.sma.gob.ar\/index.php?rest_route=\/wp\/v2\/posts\/7601","targetHints":{"allow":["GET"]}}],"collection":[{"href":"https:\/\/prensa.sma.gob.ar\/index.php?rest_route=\/wp\/v2\/posts"}],"about":[{"href":"https:\/\/prensa.sma.gob.ar\/index.php?rest_route=\/wp\/v2\/types\/post"}],"author":[{"embeddable":true,"href":"https:\/\/prensa.sma.gob.ar\/index.php?rest_route=\/wp\/v2\/users\/2"}],"replies":[{"embeddable":true,"href":"https:\/\/prensa.sma.gob.ar\/index.php?rest_route=%2Fwp%2Fv2%2Fcomments&post=7601"}],"version-history":[{"count":1,"href":"https:\/\/prensa.sma.gob.ar\/index.php?rest_route=\/wp\/v2\/posts\/7601\/revisions"}],"predecessor-version":[{"id":7606,"href":"https:\/\/prensa.sma.gob.ar\/index.php?rest_route=\/wp\/v2\/posts\/7601\/revisions\/7606"}],"wp:featuredmedia":[{"embeddable":true,"href":"https:\/\/prensa.sma.gob.ar\/index.php?rest_route=\/wp\/v2\/media\/7604"}],"wp:attachment":[{"href":"https:\/\/prensa.sma.gob.ar\/index.php?rest_route=%2Fwp%2Fv2%2Fmedia&parent=7601"}],"wp:term":[{"taxonomy":"category","embeddable":true,"href":"https:\/\/prensa.sma.gob.ar\/index.php?rest_route=%2Fwp%2Fv2%2Fcategories&post=7601"},{"taxonomy":"post_tag","embeddable":true,"href":"https:\/\/prensa.sma.gob.ar\/index.php?rest_route=%2Fwp%2Fv2%2Ftags&post=7601"}],"curies":[{"name":"wp","href":"https:\/\/api.w.org\/{rel}","templated":true}]}}