{"id":7609,"date":"2025-05-31T17:02:41","date_gmt":"2025-05-31T17:02:41","guid":{"rendered":"https:\/\/prensa.sma.gob.ar\/?p=7609"},"modified":"2025-05-31T17:02:42","modified_gmt":"2025-05-31T17:02:42","slug":"se-realizo-la-quinta-reunion-de-trabajo-para-analizar-la-actual-ordenanza-de-juntas-vecinales","status":"publish","type":"post","link":"https:\/\/prensa.sma.gob.ar\/?p=7609","title":{"rendered":"Se realiz\u00f3 la quinta reuni\u00f3n de trabajo para analizar la actual Ordenanza de Juntas Vecinales"},"content":{"rendered":"\n<p>Se llev\u00f3 a cabo este viernes, en la sede vecinal del barrio Cantera, la quinta reuni\u00f3n para analizar posibles modificaciones a la Ordenanza 9439\/12, convocada por el Consejo de Juntas Vecinales y la Subsecretar\u00eda de Juntas Vecinales.<\/p>\n\n\n\n<p>Tal como se hab\u00eda acordado en la primera reuni\u00f3n, el an\u00e1lisis y diagn\u00f3stico de la Ordenanza de Juntas Vecinales comenz\u00f3 por su Cap\u00edtulo I, que comprende los primeros ocho art\u00edculos. Los tres encuentros siguientes estuvieron dedicados a debatir el Art\u00edculo 1\u00ba sobre el concepto de \u201cvecino\u201d, las relaciones de vecindad, domicilio real y pertenencia al barrio.<\/p>\n\n\n\n<p>Durante el encuentro de este viernes, continu\u00f3 el an\u00e1lisis detallado de los art\u00edculos 2\u00ba al 8\u00ba, que completan el Cap\u00edtulo I de la Ordenanza, sobre Definici\u00f3n, Objetivos y Personer\u00eda Municipal.<\/p>\n\n\n\n<p>Como parte del an\u00e1lisis del Art\u00edculo 3\u00ba, se dio lectura al Art\u00edculo 164&nbsp;de la&nbsp;Carta Org\u00e1nica Municipal, que establece los objetivos b\u00e1sicos de las Juntas Vecinales. Posteriormente, se debati\u00f3 la posibilidad de mejorar, ampliar o especificar algunos incisos de los art\u00edculos 4\u00ba, 5\u00ba, 6\u00ba y 7\u00ba, en un marco de b\u00fasqueda de consenso y fortalecimiento de la participaci\u00f3n comunitaria.<\/p>\n\n\n\n<p>Asistieron a esta reuni\u00f3n las vecinas Noelia Galdames; Rosana Casiari; Roxana Castells; Rosa Castillo y Mar\u00eda Jos\u00e9 Fabro; los vecinos Angel Costa y Gabriel Swiahla; y la subsecretaria de Juntas Vecinales, Lorena Gonz\u00e1lez.<\/p>\n\n\n\n<p>El an\u00e1lisis &nbsp;sobre las eventuales modificaciones a la Ordenanza 9439 continuar\u00e1 el pr\u00f3ximo martes 10 de junio, a las 18 horas, en un sitio a determinar.<\/p>\n","protected":false},"excerpt":{"rendered":"<p>Se llev\u00f3 a cabo este viernes, en la sede vecinal del barrio Cantera, la quinta reuni\u00f3n para analizar posibles modificaciones a la Ordenanza 9439\/12, convocada por el Consejo de Juntas Vecinales y la Subsecretar\u00eda de Juntas Vecinales. Tal como se hab\u00eda acordado en la primera reuni\u00f3n, el an\u00e1lisis y diagn\u00f3stico de la Ordenanza de Juntas [&hellip;]<\/p>\n","protected":false},"author":2,"featured_media":7610,"comment_status":"closed","ping_status":"open","sticky":false,"template":"","format":"standard","meta":{"footnotes":""},"categories":[16,39,14],"tags":[],"class_list":{"0":"post-7609","1":"post","2":"type-post","3":"status-publish","4":"format-standard","5":"has-post-thumbnail","7":"category-destacadas","8":"category-subs-juntas-vecinales","9":"category-noticias"},"_links":{"self":[{"href":"https:\/\/prensa.sma.gob.ar\/index.php?rest_route=\/wp\/v2\/posts\/7609","targetHints":{"allow":["GET"]}}],"collection":[{"href":"https:\/\/prensa.sma.gob.ar\/index.php?rest_route=\/wp\/v2\/posts"}],"about":[{"href":"https:\/\/prensa.sma.gob.ar\/index.php?rest_route=\/wp\/v2\/types\/post"}],"author":[{"embeddable":true,"href":"https:\/\/prensa.sma.gob.ar\/index.php?rest_route=\/wp\/v2\/users\/2"}],"replies":[{"embeddable":true,"href":"https:\/\/prensa.sma.gob.ar\/index.php?rest_route=%2Fwp%2Fv2%2Fcomments&post=7609"}],"version-history":[{"count":2,"href":"https:\/\/prensa.sma.gob.ar\/index.php?rest_route=\/wp\/v2\/posts\/7609\/revisions"}],"predecessor-version":[{"id":7612,"href":"https:\/\/prensa.sma.gob.ar\/index.php?rest_route=\/wp\/v2\/posts\/7609\/revisions\/7612"}],"wp:featuredmedia":[{"embeddable":true,"href":"https:\/\/prensa.sma.gob.ar\/index.php?rest_route=\/wp\/v2\/media\/7610"}],"wp:attachment":[{"href":"https:\/\/prensa.sma.gob.ar\/index.php?rest_route=%2Fwp%2Fv2%2Fmedia&parent=7609"}],"wp:term":[{"taxonomy":"category","embeddable":true,"href":"https:\/\/prensa.sma.gob.ar\/index.php?rest_route=%2Fwp%2Fv2%2Fcategories&post=7609"},{"taxonomy":"post_tag","embeddable":true,"href":"https:\/\/prensa.sma.gob.ar\/index.php?rest_route=%2Fwp%2Fv2%2Ftags&post=7609"}],"curies":[{"name":"wp","href":"https:\/\/api.w.org\/{rel}","templated":true}]}}