{"id":761,"date":"2024-06-29T19:41:39","date_gmt":"2024-06-29T19:41:39","guid":{"rendered":"https:\/\/prensa.sma.gob.ar\/?p=761"},"modified":"2024-06-29T19:42:35","modified_gmt":"2024-06-29T19:42:35","slug":"la-nueva-edicion-de-tienda-de-sabores-se-realizara-en-san-martin-de-los-andes","status":"publish","type":"post","link":"https:\/\/prensa.sma.gob.ar\/?p=761","title":{"rendered":"La nueva edici\u00f3n de Tienda de Sabores se realizar\u00e1 en San Mart\u00edn de los Andes"},"content":{"rendered":"\n<p>El encuentro busca acercar a los consumidores a alimentos y bebidas elaborados por emprendedores de distintas localidades de la provincia.<\/p>\n\n\n\n<p>Podr\u00e1n postular quienes elaboran alimentos o bebidas en la provincia de Neuqu\u00e9n, que cuenten con la habilitaci\u00f3n otorgada por el Municipio y con el carnet de manipulaci\u00f3n de alimentos.<\/p>\n\n\n\n<p>La inscripci\u00f3n cierra el 4 de julio.<\/p>\n\n\n\n<p><a href=\"https:\/\/docs.google.com\/forms\/d\/1msv9Uso0OT736BQksj-xNVndfsKRkOnU7VMI6oeAJdM\/viewform?edit_requested=true&amp;fbclid=IwZXh0bgNhZW0CMTAAAR07_kaHtqyRn5t5Yt1Znbt8Dv_991PH1UhyMJIAOTlwXcnBSry4D9J0BF0_aem_R4RF5RiJv6Q9kIpVv88L2g\">https:\/\/docs.google.com\/forms\/d\/1msv9Uso0OT736BQksj-xNVndfsKRkOnU7VMI6oeAJdM\/viewform?edit_requested=true&amp;fbclid=IwZXh0bgNhZW0CMTAAAR07_kaHtqyRn5t5Yt1Znbt8Dv_991PH1UhyMJIAOTlwXcnBSry4D9J0BF0_aem_R4RF5RiJv6Q9kIpVv88L2g<\/a><\/p>\n\n\n\n<p><\/p>\n\n\n\n<p>La segunda edici\u00f3n de la Feria \u201cTienda de Sabores Neuquinos\u201d se realizar\u00e1 en nuestra ciudad los d\u00edas 20 y 21 de julio. La primera se realiz\u00f3 en abril, en Espacio Duam, de la ciudad de Neuqu\u00e9n (foto).<\/p>\n\n\n\n<p>Es organizada por el Gobierno provincial, a trav\u00e9s de la Secretar\u00eda de Producci\u00f3n e Industria y del Centro PyME-ADENEU, la Agencia de Desarrollo Econ\u00f3mico del Neuqu\u00e9n, dependientes del ministerio de Econom\u00eda, Producci\u00f3n e Industria.<\/p>\n","protected":false},"excerpt":{"rendered":"<p>El encuentro busca acercar a los consumidores a alimentos y bebidas elaborados por emprendedores de distintas localidades de la provincia. Podr\u00e1n postular quienes elaboran alimentos o bebidas en la provincia de Neuqu\u00e9n, que cuenten con la habilitaci\u00f3n otorgada por el Municipio y con el carnet de manipulaci\u00f3n de alimentos. La inscripci\u00f3n cierra el 4 de [&hellip;]<\/p>\n","protected":false},"author":2,"featured_media":762,"comment_status":"closed","ping_status":"open","sticky":false,"template":"","format":"standard","meta":{"footnotes":""},"categories":[11,14,31,38],"tags":[],"class_list":{"0":"post-761","1":"post","2":"type-post","3":"status-publish","4":"format-standard","5":"has-post-thumbnail","7":"category-gobierno","8":"category-noticias","9":"category-produccion","10":"category-subsecretaria-produccion-empleo-y-juventud"},"_links":{"self":[{"href":"https:\/\/prensa.sma.gob.ar\/index.php?rest_route=\/wp\/v2\/posts\/761","targetHints":{"allow":["GET"]}}],"collection":[{"href":"https:\/\/prensa.sma.gob.ar\/index.php?rest_route=\/wp\/v2\/posts"}],"about":[{"href":"https:\/\/prensa.sma.gob.ar\/index.php?rest_route=\/wp\/v2\/types\/post"}],"author":[{"embeddable":true,"href":"https:\/\/prensa.sma.gob.ar\/index.php?rest_route=\/wp\/v2\/users\/2"}],"replies":[{"embeddable":true,"href":"https:\/\/prensa.sma.gob.ar\/index.php?rest_route=%2Fwp%2Fv2%2Fcomments&post=761"}],"version-history":[{"count":2,"href":"https:\/\/prensa.sma.gob.ar\/index.php?rest_route=\/wp\/v2\/posts\/761\/revisions"}],"predecessor-version":[{"id":765,"href":"https:\/\/prensa.sma.gob.ar\/index.php?rest_route=\/wp\/v2\/posts\/761\/revisions\/765"}],"wp:featuredmedia":[{"embeddable":true,"href":"https:\/\/prensa.sma.gob.ar\/index.php?rest_route=\/wp\/v2\/media\/762"}],"wp:attachment":[{"href":"https:\/\/prensa.sma.gob.ar\/index.php?rest_route=%2Fwp%2Fv2%2Fmedia&parent=761"}],"wp:term":[{"taxonomy":"category","embeddable":true,"href":"https:\/\/prensa.sma.gob.ar\/index.php?rest_route=%2Fwp%2Fv2%2Fcategories&post=761"},{"taxonomy":"post_tag","embeddable":true,"href":"https:\/\/prensa.sma.gob.ar\/index.php?rest_route=%2Fwp%2Fv2%2Ftags&post=761"}],"curies":[{"name":"wp","href":"https:\/\/api.w.org\/{rel}","templated":true}]}}