{"id":7630,"date":"2025-06-02T01:50:39","date_gmt":"2025-06-02T01:50:39","guid":{"rendered":"https:\/\/prensa.sma.gob.ar\/?p=7630"},"modified":"2025-06-02T01:50:40","modified_gmt":"2025-06-02T01:50:40","slug":"central-de-emergencias-presentara-su-plan-maestro-a-empresarios-y-otros-sectores-de-la-comunidad","status":"publish","type":"post","link":"https:\/\/prensa.sma.gob.ar\/?p=7630","title":{"rendered":"Central de Emergencias presentar\u00e1 su plan maestro a empresarios y otros sectores de la comunidad"},"content":{"rendered":"\n<p>El 11 de julio se presentar\u00e1 el M\u00e1ster Plan de la Central de Emergencias de San Mart\u00edn de los Andes (CESMA), durante un encuentro privado del que participar\u00e1n empresarios, representantes del sector comercial y funcionarios municipales y provinciales.<\/p>\n\n\n\n<p>El objetivo de esta presentaci\u00f3n ser\u00e1 reafirmar el compromiso de los gobiernos de la provincia de Neuqu\u00e9n y del Municipio de San Mart\u00edn de los Andes y buscar el compromiso de empresarios, explicar detalles de la iniciativa y lograr la colaboraci\u00f3n del sector.<\/p>\n\n\n\n<p>El proyecto, que cuenta con el apoyo y el acompa\u00f1amiento del Municipio, incluye una central multiagencial 911 y contempla una red interinstitucional de diversos organismos p\u00fablicos con el objetivo de disminuir la duplicaci\u00f3n de actividades. Tambi\u00e9n contempla la aplicaci\u00f3n \u201cOjos en alerta\u201d, basado en la prevenci\u00f3n, colaboraci\u00f3n e involucramiento de toda la ciudadan\u00eda a trav\u00e9s de un n\u00famero WhatsApp, con acci\u00f3n, seguimiento y datos en tiempo real.<\/p>\n\n\n\n<p>El CESMA surgi\u00f3 como una respuesta al fallecimiento de Juani Saglietti, de nueve a\u00f1os, ocurrido en agosto de 2021 cuando una rama cay\u00f3 sobre \u00e9l y sobre su amigo F\u00e9lix Frost, quien result\u00f3 gravemente herido. El hecho despert\u00f3 una fuerte demanda para mejorar la capacidad de respuesta ante emergencias y llev\u00f3 a las familias a impulsar este proyecto.<\/p>\n\n\n\n<p>El hecho moviliz\u00f3 a las familias de los chicos y a vecinos que desde entonces trabajan para subsanar una falencia que se evidenci\u00f3 en el momento del accidente. CESMA busca ser una herramienta para unificar la acci\u00f3n de polic\u00edas, bomberos, ambulancias, Parques Nacionales, Gendarmer\u00eda, Protecci\u00f3n Civil y todas las \u00e1reas que intervienen ante un accidente. La Central funcionar\u00e1 dentro del \u00e1mbito municipal con el apoyo del Ministerio de Seguridad de Neuqu\u00e9n.<\/p>\n\n\n\n<p>La misi\u00f3n de CESMA es trabajar en colaboraci\u00f3n con la comunidad, las instituciones y los actores p\u00fablicos y privados para mejorar la seguridad y la respuesta en situaciones de emergencia. Busca, adem\u00e1s, promover la educaci\u00f3n y la conciencia sobre la prevenci\u00f3n de riesgos y la preparaci\u00f3n para emergencias; fortalecer la participaci\u00f3n ciudadana y la colaboraci\u00f3n entre los diferentes actores de la sociedad y proteger y cuidar a la comunidad de San Mart\u00edn de los Andes en momentos de crisis.<\/p>\n\n\n\n<p>En encuentro del pr\u00f3ximo 11 de julio se realizar\u00e1 en el Loi Suites Chapelco Hotel, de 9 a 17, e incluir\u00e1 charlas y actividades que contar\u00e1n con la participaci\u00f3n del actor Facundo Arana, quien acompa\u00f1a la iniciativa como padrino y portavoz; el m\u00e9dico cardi\u00f3logo Luciano Saglietti \u2014padre de Juani\u2014, presidente del CESMA, y funcionarios provinciales y municipales.<\/p>\n\n\n\n<p>Las familias que impulsan la Central destacan que \u201cla iniciativa est\u00e1 apadrinada por el actor, m\u00fasico y activista social Facundo Arana, comprometido con campa\u00f1as de concientizaci\u00f3n y ayuda comunitaria. Su rol es visibilizar la importancia de la participaci\u00f3n ciudadana en la prevenci\u00f3n y atenci\u00f3n ante emergencias\u201d.<\/p>\n\n\n\n<p>Tambi\u00e9n destacan el acompa\u00f1amiento del gobierno neuquino con el fortalecimiento de pol\u00edticas p\u00fablicas orientadas a la seguridad, conectividad y participaci\u00f3n comunitaria\u201d y del intendente de San Mart\u00edn de los Andes, Carlos Salonitti, \u201cya que ha apoyado activamente la creaci\u00f3n de la Central de Emergencias, un compromiso clave en la incorporaci\u00f3n de tecnolog\u00eda, formaci\u00f3n y coordinaci\u00f3n para fortalecer la capacidad de respuesta local ante emergencias\u201d.<\/p>\n\n\n\n<p>Al encuentro del 11 de julio tambi\u00e9n asistir\u00e1n el ministro de Seguridad de Neuqu\u00e9n, Mat\u00edas Nicolini, responsable de la modernizaci\u00f3n del sistema provincial de emergencias, integrando tecnolog\u00eda, formaci\u00f3n profesional y articulaci\u00f3n institucional. Bajo su gesti\u00f3n se impulsan mejoras en el sistema 911,la capacitaci\u00f3n de fuerzas de seguridad y la cooperaci\u00f3n con municipios y organismos nacionales.<\/p>\n\n\n\n<p>Ser\u00e1n tambi\u00e9n parte de la presentaci\u00f3n Cristian M\u00e9ndez, fundador del programa \u201cOjos en Alerta\u201d, una iniciativa innovadora que promueve la participaci\u00f3n ciudadana mediante el uso de WhatsApp para reportar emergencias; Luis Mallo, fundador del sistema 112 en Madrid y referente internacional en gesti\u00f3n de emergencias y atenci\u00f3n ciudadana; Ricardo Achinelli, representante global de Starlink, la red satelital de alta velocidad de SpaceX.<\/p>\n\n\n\n<p>Adem\u00e1s, comprometieron su asistencia Santiago Hardie, Director Ejecutivo de Apoyo Federal a la Emergencia (AFE) del Ministerio de Seguridad de la Naci\u00f3n y referente nacional en gesti\u00f3n federal de emergencias; Federico Schmidt, director de Soflex, empresa especializada en soluciones tecnol\u00f3gicas para la gesti\u00f3n de emergencias y seguridad; Federico Villagr\u00e1n, director de DINESA (Direcci\u00f3n Nacional de Emergencias Sanitarias), con experiencia en coordinaci\u00f3n de emergencias sanitarias y protocolos nacionales de respuesta ante desastres y crisis de salud; directivos de COTESMA; Andres Tilkin, socio fundador de SICLA, empresa dedicada a la innovaci\u00f3n en la construcci\u00f3n modular r\u00e1pida y eficiente, orientada a soluciones habitacionales, sanitarias y de infraestructura; Rom\u00e1n Cava, miembro activo de CESMA, trabaja en el fortalecimiento de redes vecinales y estrategias comunitarias de prevenci\u00f3n.<\/p>\n\n\n\n<p>Quienes impulsan CESMA aseguran que \u201cpara llevar adelante esta obra, necesitamos del compromiso y la solidaridad de empresas proveedoras de materiales, constructoras, comercios, instituciones y referentes del sector privado que deseen ser parte activa de esta transformaci\u00f3n\u201d.&nbsp; En ese sentido, invitan a empresarios y a la comunidad en general \u201ca sumarse como aliados estrat\u00e9gicos del proyecto, ya sea a trav\u00e9s de donaciones de materiales, apoyo econ\u00f3mico, log\u00edstico o servicios\u201d.<\/p>\n\n\n\n<p>Contacto<\/p>\n\n\n\n<p>&#8211; Nombre: Yanina Gonz\u00e1lez &#8211; Email: centraldeemergenciassma@gmail.com &#8211; Tel\u00e9fono: +54 9 11 6458-9562.<\/p>\n\n\n\n<p>&#8211; Instagram: @centralemergenciasma &#8211; Evento de referencia:<\/p>\n","protected":false},"excerpt":{"rendered":"<p>El 11 de julio se presentar\u00e1 el M\u00e1ster Plan de la Central de Emergencias de San Mart\u00edn de los Andes (CESMA), durante un encuentro privado del que participar\u00e1n empresarios, representantes del sector comercial y funcionarios municipales y provinciales. El objetivo de esta presentaci\u00f3n ser\u00e1 reafirmar el compromiso de los gobiernos de la provincia de Neuqu\u00e9n [&hellip;]<\/p>\n","protected":false},"author":2,"featured_media":7631,"comment_status":"closed","ping_status":"open","sticky":false,"template":"","format":"standard","meta":{"footnotes":""},"categories":[16,14],"tags":[],"class_list":{"0":"post-7630","1":"post","2":"type-post","3":"status-publish","4":"format-standard","5":"has-post-thumbnail","7":"category-destacadas","8":"category-noticias"},"_links":{"self":[{"href":"https:\/\/prensa.sma.gob.ar\/index.php?rest_route=\/wp\/v2\/posts\/7630","targetHints":{"allow":["GET"]}}],"collection":[{"href":"https:\/\/prensa.sma.gob.ar\/index.php?rest_route=\/wp\/v2\/posts"}],"about":[{"href":"https:\/\/prensa.sma.gob.ar\/index.php?rest_route=\/wp\/v2\/types\/post"}],"author":[{"embeddable":true,"href":"https:\/\/prensa.sma.gob.ar\/index.php?rest_route=\/wp\/v2\/users\/2"}],"replies":[{"embeddable":true,"href":"https:\/\/prensa.sma.gob.ar\/index.php?rest_route=%2Fwp%2Fv2%2Fcomments&post=7630"}],"version-history":[{"count":1,"href":"https:\/\/prensa.sma.gob.ar\/index.php?rest_route=\/wp\/v2\/posts\/7630\/revisions"}],"predecessor-version":[{"id":7632,"href":"https:\/\/prensa.sma.gob.ar\/index.php?rest_route=\/wp\/v2\/posts\/7630\/revisions\/7632"}],"wp:featuredmedia":[{"embeddable":true,"href":"https:\/\/prensa.sma.gob.ar\/index.php?rest_route=\/wp\/v2\/media\/7631"}],"wp:attachment":[{"href":"https:\/\/prensa.sma.gob.ar\/index.php?rest_route=%2Fwp%2Fv2%2Fmedia&parent=7630"}],"wp:term":[{"taxonomy":"category","embeddable":true,"href":"https:\/\/prensa.sma.gob.ar\/index.php?rest_route=%2Fwp%2Fv2%2Fcategories&post=7630"},{"taxonomy":"post_tag","embeddable":true,"href":"https:\/\/prensa.sma.gob.ar\/index.php?rest_route=%2Fwp%2Fv2%2Ftags&post=7630"}],"curies":[{"name":"wp","href":"https:\/\/api.w.org\/{rel}","templated":true}]}}