{"id":7633,"date":"2025-06-02T01:53:13","date_gmt":"2025-06-02T01:53:13","guid":{"rendered":"https:\/\/prensa.sma.gob.ar\/?p=7633"},"modified":"2025-06-02T01:53:14","modified_gmt":"2025-06-02T01:53:14","slug":"la-emergencia-habitacional-no-son-numeros-son-familias-y-es-la-paz-social","status":"publish","type":"post","link":"https:\/\/prensa.sma.gob.ar\/?p=7633","title":{"rendered":"\u201cLa emergencia habitacional no son n\u00fameros, son familias y es la paz social\u201d"},"content":{"rendered":"\n<p>\u201cLa emergencia habitacional no termina cuando caduca una ordenanza; la emergencia es algo que est\u00e1 vivo, que es din\u00e1mico, que atraviesa; la emergencia son familias, no son n\u00fameros ni datos\u201d, se\u00f1al\u00f3 la directora del Instituto de Vivienda y H\u00e1bitat (IVH) del Municipio, Carolina Amaya, luego de que el Concejo Deliberante aprobara una nueva emergencia pero dejara afuera un art\u00edculo considerado clave para atender financieramente las urgencias.<\/p>\n\n\n\n<p>\u201cLamentamos que algunos de los art\u00edculos propuestos que ten\u00edan que ver con atender una emergencia y ser eficaces y eficientes en el uso de los recursos no se haya contemplado\u201d, se\u00f1al\u00f3 Amaya. Si bien destac\u00f3 que la nueva emergencia habitacional por tres a\u00f1os \u201cgenera herramientas\u201d para atender la demanda creciente, \u201cesas herramientas quedaron recortadas (por el rechazo de algunos concejales) de la propuesta inicial hecha por el Ejecutivo\u201d.<\/p>\n\n\n\n<p>El Concejo Deliberante aprob\u00f3 por mayor\u00eda la declaraci\u00f3n de la Emergencia Habitacional en la ciudad, una iniciativa del Ejecutivo que buscaba reconocer la gravedad de la problem\u00e1tica del acceso a la vivienda en San Mart\u00edn de los Andes. La declaraci\u00f3n fue aprobada con los votos afirmativos de la mayor\u00eda de los bloques, mientras que los concejales Paula Vives, Sol Petagna y C\u00e9sar Meza, votaron en contra.<\/p>\n\n\n\n<p>\u201cAl momento de declararse esta emergencia, tenemos en San Mart\u00edn de los Andes 3048 familias inscriptas en el Registro de Demanda Habitacional, con el Estado nacional ausente y con la Provincia que va implementando nuevos formatos, tanto para medir la demanda como para las soluciones habitacionales que se propone\u201d, sostuvo Amaya .<\/p>\n\n\n\n<p>El documento aprobado reconoce que el acceso a una vivienda digna y segura es un derecho humano fundamental y se\u00f1ala que en San Mart\u00edn de los Andes existe una creciente demanda habitacional no resuelta, reflejada en situaciones de hacinamiento y altos costos de alquiler que superan ampliamente las posibilidades de buena parte de la poblaci\u00f3n.<\/p>\n\n\n\n<p>La directora del IVH del Municipio sostuvo que \u201clo que hace esta ordenanza es generar herramientas que igual quedaron recortadas de la propuesta inicial, respecto del plan de acci\u00f3n y de las acciones previstas para encarar y ordenar las formas de atender las distintas demandas que tenemos\u201d. Afirm\u00f3 que \u201cla demanda de vivienda no es igual para todas las personas; quienes se anotan no tienen las mismas caracter\u00edsticas, ni las conformaci\u00f3n familiar ni el nivel socioecon\u00f3mico ni la problem\u00e1tica es la misma, algunas familias alquilan otras viven hacinadas, como tambi\u00e9n es diversa es la antig\u00fcedad en el Registro de Demanda Habitacional\u201d.<\/p>\n\n\n\n<p>\u201cHay muchas variables que aparecen en San Martin de los Andes y que impactan en esta situaci\u00f3n de emergencia; somos una ciudad con matriz tur\u00edstica donde el desarrollo inmobiliario y extractivismo urbano favorece esta matriz. Sobre esto hay que trabajar para mitigar y dar respuesta a vivienda para todos los residentes, para que este pueblo pueda mantener su paz social y su calidad de vida, que es parte de los atractivos mayores que tiene\u201d, afirm\u00f3.<\/p>\n","protected":false},"excerpt":{"rendered":"<p>\u201cLa emergencia habitacional no termina cuando caduca una ordenanza; la emergencia es algo que est\u00e1 vivo, que es din\u00e1mico, que atraviesa; la emergencia son familias, no son n\u00fameros ni datos\u201d, se\u00f1al\u00f3 la directora del Instituto de Vivienda y H\u00e1bitat (IVH) del Municipio, Carolina Amaya, luego de que el Concejo Deliberante aprobara una nueva emergencia pero [&hellip;]<\/p>\n","protected":false},"author":2,"featured_media":7634,"comment_status":"closed","ping_status":"open","sticky":false,"template":"","format":"standard","meta":{"footnotes":""},"categories":[16,14,37],"tags":[],"class_list":{"0":"post-7633","1":"post","2":"type-post","3":"status-publish","4":"format-standard","5":"has-post-thumbnail","7":"category-destacadas","8":"category-noticias","9":"category-vivienda"},"_links":{"self":[{"href":"https:\/\/prensa.sma.gob.ar\/index.php?rest_route=\/wp\/v2\/posts\/7633","targetHints":{"allow":["GET"]}}],"collection":[{"href":"https:\/\/prensa.sma.gob.ar\/index.php?rest_route=\/wp\/v2\/posts"}],"about":[{"href":"https:\/\/prensa.sma.gob.ar\/index.php?rest_route=\/wp\/v2\/types\/post"}],"author":[{"embeddable":true,"href":"https:\/\/prensa.sma.gob.ar\/index.php?rest_route=\/wp\/v2\/users\/2"}],"replies":[{"embeddable":true,"href":"https:\/\/prensa.sma.gob.ar\/index.php?rest_route=%2Fwp%2Fv2%2Fcomments&post=7633"}],"version-history":[{"count":1,"href":"https:\/\/prensa.sma.gob.ar\/index.php?rest_route=\/wp\/v2\/posts\/7633\/revisions"}],"predecessor-version":[{"id":7639,"href":"https:\/\/prensa.sma.gob.ar\/index.php?rest_route=\/wp\/v2\/posts\/7633\/revisions\/7639"}],"wp:featuredmedia":[{"embeddable":true,"href":"https:\/\/prensa.sma.gob.ar\/index.php?rest_route=\/wp\/v2\/media\/7634"}],"wp:attachment":[{"href":"https:\/\/prensa.sma.gob.ar\/index.php?rest_route=%2Fwp%2Fv2%2Fmedia&parent=7633"}],"wp:term":[{"taxonomy":"category","embeddable":true,"href":"https:\/\/prensa.sma.gob.ar\/index.php?rest_route=%2Fwp%2Fv2%2Fcategories&post=7633"},{"taxonomy":"post_tag","embeddable":true,"href":"https:\/\/prensa.sma.gob.ar\/index.php?rest_route=%2Fwp%2Fv2%2Ftags&post=7633"}],"curies":[{"name":"wp","href":"https:\/\/api.w.org\/{rel}","templated":true}]}}