{"id":7640,"date":"2025-06-02T13:17:39","date_gmt":"2025-06-02T13:17:39","guid":{"rendered":"https:\/\/prensa.sma.gob.ar\/?p=7640"},"modified":"2025-06-02T14:33:54","modified_gmt":"2025-06-02T14:33:54","slug":"river-inauguro-su-filial-san-martin-de-los-andes-de-la-escuela-de-futbol","status":"publish","type":"post","link":"https:\/\/prensa.sma.gob.ar\/?p=7640","title":{"rendered":"River inaugur\u00f3 su Escuela de F\u00fatbol de San Mart\u00edn de los Andes"},"content":{"rendered":"\n<p>Con la presencia de autoridades municipales y de dirigentes de las escuelas de River Plate, quedaron inauguradas las actividades en San Mart\u00edn de los Andes, una de las casi 30 ciudades en las que el club tiene sede en todo el pa\u00eds y en el exterior.<\/p>\n\n\n\n<p>La jornada se realiz\u00f3 este domingo en el gimnasio Javier Carriqueo e incluy\u00f3 actividades deportivas y para toda la familia, previas a la cl\u00ednica que tendr\u00e1 lugar este lunes y ma\u00f1ana martes, a cargo de directivos de Escuelas de River.<\/p>\n\n\n\n<p>Asistieron al acto oficial el intendente municipal, Carlos Saloniti; el presidente de Escuelas River, y vicepresidente primero de la Fundaci\u00f3n River, Sebasti\u00e1n P\u00e9rez Escobar; y el vicepresidente de Escuelas River, Norberto Kordich. Tambi\u00e9n particip\u00f3 el equipo que trabajar\u00e1 en la filial sanmartinense, coordinado por Sebastian Mazzei.<\/p>\n\n\n\n<p>El intendente Saloniti acompa\u00f1\u00f3 la jornada, destac\u00f3 la importancia que tiene para nuestra comunidad la apertura de esta escuela, en un contexto de muy buen v\u00ednculo de nuestra ciudad con el club porte\u00f1o y recibi\u00f3 una placa como testimonio de la inauguraci\u00f3n oficial.<\/p>\n\n\n\n<p>La filial de hinchas de San Mart\u00edn de los Andes tambi\u00e9n estuvo presente con vestimenta y banderas. Se realizaron sorteos y camisetas, una de ellas muy especial, firmada por el plantel profesional de f\u00fatbol masculino. Tambi\u00e9n se exhibieron r\u00e9plicas de las copas internacionales ganadas por River y se reunieron alimentos no perecederos.<\/p>\n\n\n\n<p>Los dirigentes de River recordaron que la Escuela de San Mart\u00edn de los Andes trabaja en la liga de veteranos, lunes, martes y jueves, de 14.30 a 17.30, y destacaron que se trata de una actividad para la comunidad.<\/p>\n\n\n\n<p>San Mart\u00edn de los Andes se suma as\u00ed a otras sedes de la Escuela de River, como El Poli, Benav\u00eddez\/Maschwitz; Canning; C\u00f3rdoba; Flores; Lomas de Zamora; Mendoza; Quilmes; San Justo; San Luis; San Mart\u00edn; Constituci\u00f3n; Santa Fe; Lan\u00fas; Berazategui; Moreno; Tortuguitas; Pilar y Paran\u00e1. El club, adem\u00e1s, tiene sedes internacionales en Bogot\u00e1, Colombia; Santa Cruz, Bolivia; Sese\u00f1a, Espa\u00f1a; Teruel, Espa\u00f1a; Montevideo, Uruguay; y Miami, Estados Unidos.<\/p>\n\n\n\n<figure class=\"wp-block-gallery has-nested-images columns-default is-cropped wp-block-gallery-1 is-layout-flex wp-block-gallery-is-layout-flex\">\n<figure class=\"wp-block-image size-large\"><img loading=\"lazy\" decoding=\"async\" width=\"1024\" height=\"768\" data-id=\"7652\" src=\"https:\/\/prensa.sma.gob.ar\/wp-content\/uploads\/2025\/06\/WhatsApp-Image-2025-06-01-at-16.41.30-1024x768.jpeg\" alt=\"\" class=\"wp-image-7652\" srcset=\"https:\/\/prensa.sma.gob.ar\/wp-content\/uploads\/2025\/06\/WhatsApp-Image-2025-06-01-at-16.41.30-1024x768.jpeg 1024w, https:\/\/prensa.sma.gob.ar\/wp-content\/uploads\/2025\/06\/WhatsApp-Image-2025-06-01-at-16.41.30-300x225.jpeg 300w, https:\/\/prensa.sma.gob.ar\/wp-content\/uploads\/2025\/06\/WhatsApp-Image-2025-06-01-at-16.41.30-768x576.jpeg 768w, https:\/\/prensa.sma.gob.ar\/wp-content\/uploads\/2025\/06\/WhatsApp-Image-2025-06-01-at-16.41.30-560x420.jpeg 560w, https:\/\/prensa.sma.gob.ar\/wp-content\/uploads\/2025\/06\/WhatsApp-Image-2025-06-01-at-16.41.30-80x60.jpeg 80w, https:\/\/prensa.sma.gob.ar\/wp-content\/uploads\/2025\/06\/WhatsApp-Image-2025-06-01-at-16.41.30-696x522.jpeg 696w, https:\/\/prensa.sma.gob.ar\/wp-content\/uploads\/2025\/06\/WhatsApp-Image-2025-06-01-at-16.41.30-1068x801.jpeg 1068w, https:\/\/prensa.sma.gob.ar\/wp-content\/uploads\/2025\/06\/WhatsApp-Image-2025-06-01-at-16.41.30.jpeg 1280w\" sizes=\"auto, (max-width: 1024px) 100vw, 1024px\" \/><\/figure>\n\n\n\n<figure class=\"wp-block-image size-large\"><img loading=\"lazy\" decoding=\"async\" width=\"1024\" height=\"768\" data-id=\"7651\" src=\"https:\/\/prensa.sma.gob.ar\/wp-content\/uploads\/2025\/06\/WhatsApp-Image-2025-06-01-at-16.41.31-1024x768.jpeg\" alt=\"\" class=\"wp-image-7651\" srcset=\"https:\/\/prensa.sma.gob.ar\/wp-content\/uploads\/2025\/06\/WhatsApp-Image-2025-06-01-at-16.41.31-1024x768.jpeg 1024w, https:\/\/prensa.sma.gob.ar\/wp-content\/uploads\/2025\/06\/WhatsApp-Image-2025-06-01-at-16.41.31-300x225.jpeg 300w, https:\/\/prensa.sma.gob.ar\/wp-content\/uploads\/2025\/06\/WhatsApp-Image-2025-06-01-at-16.41.31-768x576.jpeg 768w, https:\/\/prensa.sma.gob.ar\/wp-content\/uploads\/2025\/06\/WhatsApp-Image-2025-06-01-at-16.41.31-560x420.jpeg 560w, https:\/\/prensa.sma.gob.ar\/wp-content\/uploads\/2025\/06\/WhatsApp-Image-2025-06-01-at-16.41.31-80x60.jpeg 80w, https:\/\/prensa.sma.gob.ar\/wp-content\/uploads\/2025\/06\/WhatsApp-Image-2025-06-01-at-16.41.31-696x522.jpeg 696w, https:\/\/prensa.sma.gob.ar\/wp-content\/uploads\/2025\/06\/WhatsApp-Image-2025-06-01-at-16.41.31-1068x801.jpeg 1068w, https:\/\/prensa.sma.gob.ar\/wp-content\/uploads\/2025\/06\/WhatsApp-Image-2025-06-01-at-16.41.31.jpeg 1280w\" sizes=\"auto, (max-width: 1024px) 100vw, 1024px\" \/><\/figure>\n\n\n\n<figure class=\"wp-block-image size-large\"><img loading=\"lazy\" decoding=\"async\" width=\"1024\" height=\"768\" data-id=\"7650\" src=\"https:\/\/prensa.sma.gob.ar\/wp-content\/uploads\/2025\/06\/WhatsApp-Image-2025-06-01-at-16.41.31-2-1024x768.jpeg\" alt=\"\" class=\"wp-image-7650\" srcset=\"https:\/\/prensa.sma.gob.ar\/wp-content\/uploads\/2025\/06\/WhatsApp-Image-2025-06-01-at-16.41.31-2-1024x768.jpeg 1024w, https:\/\/prensa.sma.gob.ar\/wp-content\/uploads\/2025\/06\/WhatsApp-Image-2025-06-01-at-16.41.31-2-300x225.jpeg 300w, https:\/\/prensa.sma.gob.ar\/wp-content\/uploads\/2025\/06\/WhatsApp-Image-2025-06-01-at-16.41.31-2-768x576.jpeg 768w, https:\/\/prensa.sma.gob.ar\/wp-content\/uploads\/2025\/06\/WhatsApp-Image-2025-06-01-at-16.41.31-2-560x420.jpeg 560w, https:\/\/prensa.sma.gob.ar\/wp-content\/uploads\/2025\/06\/WhatsApp-Image-2025-06-01-at-16.41.31-2-80x60.jpeg 80w, https:\/\/prensa.sma.gob.ar\/wp-content\/uploads\/2025\/06\/WhatsApp-Image-2025-06-01-at-16.41.31-2-696x522.jpeg 696w, https:\/\/prensa.sma.gob.ar\/wp-content\/uploads\/2025\/06\/WhatsApp-Image-2025-06-01-at-16.41.31-2-1068x801.jpeg 1068w, https:\/\/prensa.sma.gob.ar\/wp-content\/uploads\/2025\/06\/WhatsApp-Image-2025-06-01-at-16.41.31-2.jpeg 1280w\" sizes=\"auto, (max-width: 1024px) 100vw, 1024px\" \/><\/figure>\n<\/figure>\n\n\n\n<figure class=\"wp-block-gallery has-nested-images columns-default is-cropped wp-block-gallery-2 is-layout-flex wp-block-gallery-is-layout-flex\">\n<figure class=\"wp-block-image size-large\"><img loading=\"lazy\" decoding=\"async\" width=\"1024\" height=\"1005\" data-id=\"7655\" src=\"https:\/\/prensa.sma.gob.ar\/wp-content\/uploads\/2025\/06\/RIVER-1024x1005.jpg\" alt=\"\" class=\"wp-image-7655\" srcset=\"https:\/\/prensa.sma.gob.ar\/wp-content\/uploads\/2025\/06\/RIVER-1024x1005.jpg 1024w, https:\/\/prensa.sma.gob.ar\/wp-content\/uploads\/2025\/06\/RIVER-300x295.jpg 300w, https:\/\/prensa.sma.gob.ar\/wp-content\/uploads\/2025\/06\/RIVER-768x754.jpg 768w, https:\/\/prensa.sma.gob.ar\/wp-content\/uploads\/2025\/06\/RIVER-428x420.jpg 428w, https:\/\/prensa.sma.gob.ar\/wp-content\/uploads\/2025\/06\/RIVER-696x683.jpg 696w, https:\/\/prensa.sma.gob.ar\/wp-content\/uploads\/2025\/06\/RIVER-1068x1048.jpg 1068w, https:\/\/prensa.sma.gob.ar\/wp-content\/uploads\/2025\/06\/RIVER.jpg 1200w\" sizes=\"auto, (max-width: 1024px) 100vw, 1024px\" \/><\/figure>\n\n\n\n<figure class=\"wp-block-image size-large\"><img loading=\"lazy\" decoding=\"async\" width=\"1024\" height=\"768\" data-id=\"7648\" src=\"https:\/\/prensa.sma.gob.ar\/wp-content\/uploads\/2025\/06\/WhatsApp-Image-2025-06-01-at-16.41.33-1024x768.jpeg\" alt=\"\" class=\"wp-image-7648\" srcset=\"https:\/\/prensa.sma.gob.ar\/wp-content\/uploads\/2025\/06\/WhatsApp-Image-2025-06-01-at-16.41.33-1024x768.jpeg 1024w, https:\/\/prensa.sma.gob.ar\/wp-content\/uploads\/2025\/06\/WhatsApp-Image-2025-06-01-at-16.41.33-300x225.jpeg 300w, https:\/\/prensa.sma.gob.ar\/wp-content\/uploads\/2025\/06\/WhatsApp-Image-2025-06-01-at-16.41.33-768x576.jpeg 768w, https:\/\/prensa.sma.gob.ar\/wp-content\/uploads\/2025\/06\/WhatsApp-Image-2025-06-01-at-16.41.33-560x420.jpeg 560w, https:\/\/prensa.sma.gob.ar\/wp-content\/uploads\/2025\/06\/WhatsApp-Image-2025-06-01-at-16.41.33-80x60.jpeg 80w, https:\/\/prensa.sma.gob.ar\/wp-content\/uploads\/2025\/06\/WhatsApp-Image-2025-06-01-at-16.41.33-696x522.jpeg 696w, https:\/\/prensa.sma.gob.ar\/wp-content\/uploads\/2025\/06\/WhatsApp-Image-2025-06-01-at-16.41.33-1068x801.jpeg 1068w, https:\/\/prensa.sma.gob.ar\/wp-content\/uploads\/2025\/06\/WhatsApp-Image-2025-06-01-at-16.41.33.jpeg 1280w\" sizes=\"auto, (max-width: 1024px) 100vw, 1024px\" \/><\/figure>\n\n\n\n<figure class=\"wp-block-image size-large\"><img loading=\"lazy\" decoding=\"async\" width=\"1024\" height=\"768\" data-id=\"7649\" src=\"https:\/\/prensa.sma.gob.ar\/wp-content\/uploads\/2025\/06\/WhatsApp-Image-2025-06-01-at-16.41.32-1024x768.jpeg\" alt=\"\" class=\"wp-image-7649\" srcset=\"https:\/\/prensa.sma.gob.ar\/wp-content\/uploads\/2025\/06\/WhatsApp-Image-2025-06-01-at-16.41.32-1024x768.jpeg 1024w, https:\/\/prensa.sma.gob.ar\/wp-content\/uploads\/2025\/06\/WhatsApp-Image-2025-06-01-at-16.41.32-300x225.jpeg 300w, https:\/\/prensa.sma.gob.ar\/wp-content\/uploads\/2025\/06\/WhatsApp-Image-2025-06-01-at-16.41.32-768x576.jpeg 768w, https:\/\/prensa.sma.gob.ar\/wp-content\/uploads\/2025\/06\/WhatsApp-Image-2025-06-01-at-16.41.32-560x420.jpeg 560w, https:\/\/prensa.sma.gob.ar\/wp-content\/uploads\/2025\/06\/WhatsApp-Image-2025-06-01-at-16.41.32-80x60.jpeg 80w, https:\/\/prensa.sma.gob.ar\/wp-content\/uploads\/2025\/06\/WhatsApp-Image-2025-06-01-at-16.41.32-696x522.jpeg 696w, https:\/\/prensa.sma.gob.ar\/wp-content\/uploads\/2025\/06\/WhatsApp-Image-2025-06-01-at-16.41.32-1068x801.jpeg 1068w, https:\/\/prensa.sma.gob.ar\/wp-content\/uploads\/2025\/06\/WhatsApp-Image-2025-06-01-at-16.41.32.jpeg 1280w\" sizes=\"auto, (max-width: 1024px) 100vw, 1024px\" \/><\/figure>\n<\/figure>\n\n\n\n<figure class=\"wp-block-gallery has-nested-images columns-default is-cropped wp-block-gallery-3 is-layout-flex wp-block-gallery-is-layout-flex\">\n<figure class=\"wp-block-image size-large\"><img loading=\"lazy\" decoding=\"async\" width=\"768\" height=\"1024\" data-id=\"7641\" src=\"https:\/\/prensa.sma.gob.ar\/wp-content\/uploads\/2025\/06\/WhatsApp-Image-2025-06-01-at-16.42.09-1-768x1024.jpeg\" alt=\"\" class=\"wp-image-7641\" srcset=\"https:\/\/prensa.sma.gob.ar\/wp-content\/uploads\/2025\/06\/WhatsApp-Image-2025-06-01-at-16.42.09-1-768x1024.jpeg 768w, https:\/\/prensa.sma.gob.ar\/wp-content\/uploads\/2025\/06\/WhatsApp-Image-2025-06-01-at-16.42.09-1-225x300.jpeg 225w, https:\/\/prensa.sma.gob.ar\/wp-content\/uploads\/2025\/06\/WhatsApp-Image-2025-06-01-at-16.42.09-1-1152x1536.jpeg 1152w, https:\/\/prensa.sma.gob.ar\/wp-content\/uploads\/2025\/06\/WhatsApp-Image-2025-06-01-at-16.42.09-1-315x420.jpeg 315w, https:\/\/prensa.sma.gob.ar\/wp-content\/uploads\/2025\/06\/WhatsApp-Image-2025-06-01-at-16.42.09-1-696x928.jpeg 696w, https:\/\/prensa.sma.gob.ar\/wp-content\/uploads\/2025\/06\/WhatsApp-Image-2025-06-01-at-16.42.09-1-1068x1424.jpeg 1068w, https:\/\/prensa.sma.gob.ar\/wp-content\/uploads\/2025\/06\/WhatsApp-Image-2025-06-01-at-16.42.09-1.jpeg 1200w\" sizes=\"auto, (max-width: 768px) 100vw, 768px\" \/><\/figure>\n\n\n\n<figure class=\"wp-block-image size-large\"><img loading=\"lazy\" decoding=\"async\" width=\"768\" height=\"1024\" data-id=\"7643\" src=\"https:\/\/prensa.sma.gob.ar\/wp-content\/uploads\/2025\/06\/WhatsApp-Image-2025-06-01-at-16.42.08-2-768x1024.jpeg\" alt=\"\" class=\"wp-image-7643\" srcset=\"https:\/\/prensa.sma.gob.ar\/wp-content\/uploads\/2025\/06\/WhatsApp-Image-2025-06-01-at-16.42.08-2-768x1024.jpeg 768w, https:\/\/prensa.sma.gob.ar\/wp-content\/uploads\/2025\/06\/WhatsApp-Image-2025-06-01-at-16.42.08-2-225x300.jpeg 225w, https:\/\/prensa.sma.gob.ar\/wp-content\/uploads\/2025\/06\/WhatsApp-Image-2025-06-01-at-16.42.08-2-1152x1536.jpeg 1152w, https:\/\/prensa.sma.gob.ar\/wp-content\/uploads\/2025\/06\/WhatsApp-Image-2025-06-01-at-16.42.08-2-315x420.jpeg 315w, https:\/\/prensa.sma.gob.ar\/wp-content\/uploads\/2025\/06\/WhatsApp-Image-2025-06-01-at-16.42.08-2-696x928.jpeg 696w, https:\/\/prensa.sma.gob.ar\/wp-content\/uploads\/2025\/06\/WhatsApp-Image-2025-06-01-at-16.42.08-2-1068x1424.jpeg 1068w, https:\/\/prensa.sma.gob.ar\/wp-content\/uploads\/2025\/06\/WhatsApp-Image-2025-06-01-at-16.42.08-2.jpeg 1200w\" sizes=\"auto, (max-width: 768px) 100vw, 768px\" \/><\/figure>\n\n\n\n<figure class=\"wp-block-image size-large\"><img loading=\"lazy\" decoding=\"async\" width=\"768\" height=\"1024\" data-id=\"7644\" src=\"https:\/\/prensa.sma.gob.ar\/wp-content\/uploads\/2025\/06\/WhatsApp-Image-2025-06-01-at-16.42.08-1-768x1024.jpeg\" alt=\"\" class=\"wp-image-7644\" srcset=\"https:\/\/prensa.sma.gob.ar\/wp-content\/uploads\/2025\/06\/WhatsApp-Image-2025-06-01-at-16.42.08-1-768x1024.jpeg 768w, https:\/\/prensa.sma.gob.ar\/wp-content\/uploads\/2025\/06\/WhatsApp-Image-2025-06-01-at-16.42.08-1-225x300.jpeg 225w, https:\/\/prensa.sma.gob.ar\/wp-content\/uploads\/2025\/06\/WhatsApp-Image-2025-06-01-at-16.42.08-1-1152x1536.jpeg 1152w, https:\/\/prensa.sma.gob.ar\/wp-content\/uploads\/2025\/06\/WhatsApp-Image-2025-06-01-at-16.42.08-1-315x420.jpeg 315w, https:\/\/prensa.sma.gob.ar\/wp-content\/uploads\/2025\/06\/WhatsApp-Image-2025-06-01-at-16.42.08-1-696x928.jpeg 696w, https:\/\/prensa.sma.gob.ar\/wp-content\/uploads\/2025\/06\/WhatsApp-Image-2025-06-01-at-16.42.08-1-1068x1424.jpeg 1068w, https:\/\/prensa.sma.gob.ar\/wp-content\/uploads\/2025\/06\/WhatsApp-Image-2025-06-01-at-16.42.08-1.jpeg 1200w\" sizes=\"auto, (max-width: 768px) 100vw, 768px\" \/><\/figure>\n<\/figure>\n","protected":false},"excerpt":{"rendered":"<p>Con la presencia de autoridades municipales y de dirigentes de las escuelas de River Plate, quedaron inauguradas las actividades en San Mart\u00edn de los Andes, una de las casi 30 ciudades en las que el club tiene sede en todo el pa\u00eds y en el exterior. La jornada se realiz\u00f3 este domingo en el gimnasio [&hellip;]<\/p>\n","protected":false},"author":2,"featured_media":7646,"comment_status":"closed","ping_status":"open","sticky":false,"template":"","format":"standard","meta":{"footnotes":""},"categories":[7,16,14],"tags":[],"class_list":{"0":"post-7640","1":"post","2":"type-post","3":"status-publish","4":"format-standard","5":"has-post-thumbnail","7":"category-deportes","8":"category-destacadas","9":"category-noticias"},"_links":{"self":[{"href":"https:\/\/prensa.sma.gob.ar\/index.php?rest_route=\/wp\/v2\/posts\/7640","targetHints":{"allow":["GET"]}}],"collection":[{"href":"https:\/\/prensa.sma.gob.ar\/index.php?rest_route=\/wp\/v2\/posts"}],"about":[{"href":"https:\/\/prensa.sma.gob.ar\/index.php?rest_route=\/wp\/v2\/types\/post"}],"author":[{"embeddable":true,"href":"https:\/\/prensa.sma.gob.ar\/index.php?rest_route=\/wp\/v2\/users\/2"}],"replies":[{"embeddable":true,"href":"https:\/\/prensa.sma.gob.ar\/index.php?rest_route=%2Fwp%2Fv2%2Fcomments&post=7640"}],"version-history":[{"count":2,"href":"https:\/\/prensa.sma.gob.ar\/index.php?rest_route=\/wp\/v2\/posts\/7640\/revisions"}],"predecessor-version":[{"id":7658,"href":"https:\/\/prensa.sma.gob.ar\/index.php?rest_route=\/wp\/v2\/posts\/7640\/revisions\/7658"}],"wp:featuredmedia":[{"embeddable":true,"href":"https:\/\/prensa.sma.gob.ar\/index.php?rest_route=\/wp\/v2\/media\/7646"}],"wp:attachment":[{"href":"https:\/\/prensa.sma.gob.ar\/index.php?rest_route=%2Fwp%2Fv2%2Fmedia&parent=7640"}],"wp:term":[{"taxonomy":"category","embeddable":true,"href":"https:\/\/prensa.sma.gob.ar\/index.php?rest_route=%2Fwp%2Fv2%2Fcategories&post=7640"},{"taxonomy":"post_tag","embeddable":true,"href":"https:\/\/prensa.sma.gob.ar\/index.php?rest_route=%2Fwp%2Fv2%2Ftags&post=7640"}],"curies":[{"name":"wp","href":"https:\/\/api.w.org\/{rel}","templated":true}]}}