{"id":7659,"date":"2025-06-02T21:47:43","date_gmt":"2025-06-02T21:47:43","guid":{"rendered":"https:\/\/prensa.sma.gob.ar\/?p=7659"},"modified":"2025-06-02T21:47:45","modified_gmt":"2025-06-02T21:47:45","slug":"san-martin-de-los-andes-se-prepara-para-una-nueva-temporada-con-la-preadjudicacion-del-cerro-chapelco","status":"publish","type":"post","link":"https:\/\/prensa.sma.gob.ar\/?p=7659","title":{"rendered":"San Mart\u00edn de los Andes se prepara para una nueva temporada con la preadjudicaci\u00f3n del Cerro Chapelco"},"content":{"rendered":"\n<p>En la tarde del lunes se dio a conocer el acta de preadjudicaci\u00f3n correspondiente a la Licitaci\u00f3n P\u00fablica Nacional e Internacional N\u00ba1\/2025, destinada a la concesi\u00f3n de la explotaci\u00f3n, inversi\u00f3n y mantenimiento del Centro de Esqu\u00ed y Complejo Chapelco, ubicado en San Mart\u00edn de los Andes. El contrato de concesi\u00f3n tendr\u00e1 una vigencia de 25 a\u00f1os, con opci\u00f3n a pr\u00f3rroga por 5 a\u00f1os m\u00e1s.<\/p>\n\n\n\n<p>Luego de una concesi\u00f3n que se extendi\u00f3 por 38 a\u00f1os, el nuevo pliego establece condiciones orientadas a promover el desarrollo econ\u00f3mico y tur\u00edstico regional, adaptadas a los cambios que ha experimentado la actividad desde la \u00faltima adjudicaci\u00f3n. La Comisi\u00f3n estuvo conformada por representantes del Ministerio de Infraestructura; de Econom\u00eda, Producci\u00f3n e Industria; la Secretar\u00eda de Ambiente y el Ministerio de Turismo de la provincia del Neuqu\u00e9n; y por el intendente Carlos Saloniti, en representaci\u00f3n del municipio.<\/p>\n\n\n\n<p>Las ofertas que llegaron hasta esta \u00faltima instancia fueron: Plumas Verdes SA; UTE: Desarrollos del Norte SA\/S+R Gesti\u00f3n de Negocios SA\/Isella Constantini\/Casanova; y Transportes Don Otto SA.&nbsp;<\/p>\n\n\n\n<p>Tras un riguroso an\u00e1lisis, la Comisi\u00f3n resolvi\u00f3 preadjudicar a la firma Transportes Don Otto S.A., al considerar que present\u00f3 la \u00fanica oferta admisible, cumpliendo en todos sus t\u00e9rminos con el Pliego de Bases y Condiciones y con un proyecto de inversi\u00f3n viable, ajustado a la normativa y a su situaci\u00f3n econ\u00f3mico-financiera.<\/p>\n\n\n\n<p>Durante la apertura de sobres, el gobernador Rolando Figueroa destac\u00f3 la relevancia del Cerro Chapelco como motor del turismo para San Mart\u00edn de los Andes y para toda la provincia, y agradeci\u00f3 la confianza de los inversores: \u201cEra evidente que el cerro necesitaba un cambio, y ese cambio llega de la mano de m\u00e1s transparencia\u201d.<\/p>\n\n\n\n<p>Como contrapartida, la Comisi\u00f3n recomend\u00f3 rechazar la oferta presentada por la Uni\u00f3n Transitoria Desarrollos del Norte S.A. \/ S+R Gesti\u00f3n de Negocios S.A. \/ Isella Constantini \/ Casanova, por condicionar su propuesta en abierta contradicci\u00f3n con lo establecido en el art\u00edculo 38, inciso 2.e) del Anexo I, Secci\u00f3n II del Reglamento N.\u00ba 2758\/95, en concordancia con la Ley N.\u00ba 2141. Entre otras condiciones, la firma solicitaba que el Estado asumiera el pago de indemnizaciones laborales, la provisi\u00f3n de un sistema de admisi\u00f3n para esquiadores, la postergaci\u00f3n de inversiones obligatorias, el uso gratuito de la telesilla del Mocho, ajustes de inversi\u00f3n ligados al crecimiento tur\u00edstico regional, la disponibilidad de elementos no inventariados, la asunci\u00f3n de responsabilidades ante posibles reclamos por tierras y el reconocimiento de un derecho de prioridad sobre futuras operaciones en el cerro.<\/p>\n\n\n\n<p>Al mismo tiempo, se recomend\u00f3 rechazar la oferta de la empresa Plumas Verdes S.A., por no contar con respaldo financiero suficiente, no ser econ\u00f3micamente viable ni cumplir con los requisitos establecidos en materia ambiental, especialmente en lo relativo a la normativa de bosques, conforme lo dispuesto en el Pliego de Bases y Condiciones.<\/p>\n\n\n\n<p>Cabe recordar que la Comisi\u00f3n Asesora de Preadjudicaci\u00f3n del Sobre N.\u00ba 2 tiene a su cargo el an\u00e1lisis de las ofertas y documentaci\u00f3n respaldatoria de las firmas que superaron la etapa de precalificaci\u00f3n correspondiente al Sobre N.\u00ba 1.<\/p>\n\n\n\n<p><\/p>\n","protected":false},"excerpt":{"rendered":"<p>En la tarde del lunes se dio a conocer el acta de preadjudicaci\u00f3n correspondiente a la Licitaci\u00f3n P\u00fablica Nacional e Internacional N\u00ba1\/2025, destinada a la concesi\u00f3n de la explotaci\u00f3n, inversi\u00f3n y mantenimiento del Centro de Esqu\u00ed y Complejo Chapelco, ubicado en San Mart\u00edn de los Andes. El contrato de concesi\u00f3n tendr\u00e1 una vigencia de 25 [&hellip;]<\/p>\n","protected":false},"author":2,"featured_media":7660,"comment_status":"closed","ping_status":"open","sticky":false,"template":"","format":"standard","meta":{"footnotes":""},"categories":[16,14,17,36],"tags":[],"class_list":{"0":"post-7659","1":"post","2":"type-post","3":"status-publish","4":"format-standard","5":"has-post-thumbnail","7":"category-destacadas","8":"category-noticias","9":"category-portada","10":"category-turismo"},"_links":{"self":[{"href":"https:\/\/prensa.sma.gob.ar\/index.php?rest_route=\/wp\/v2\/posts\/7659","targetHints":{"allow":["GET"]}}],"collection":[{"href":"https:\/\/prensa.sma.gob.ar\/index.php?rest_route=\/wp\/v2\/posts"}],"about":[{"href":"https:\/\/prensa.sma.gob.ar\/index.php?rest_route=\/wp\/v2\/types\/post"}],"author":[{"embeddable":true,"href":"https:\/\/prensa.sma.gob.ar\/index.php?rest_route=\/wp\/v2\/users\/2"}],"replies":[{"embeddable":true,"href":"https:\/\/prensa.sma.gob.ar\/index.php?rest_route=%2Fwp%2Fv2%2Fcomments&post=7659"}],"version-history":[{"count":1,"href":"https:\/\/prensa.sma.gob.ar\/index.php?rest_route=\/wp\/v2\/posts\/7659\/revisions"}],"predecessor-version":[{"id":7661,"href":"https:\/\/prensa.sma.gob.ar\/index.php?rest_route=\/wp\/v2\/posts\/7659\/revisions\/7661"}],"wp:featuredmedia":[{"embeddable":true,"href":"https:\/\/prensa.sma.gob.ar\/index.php?rest_route=\/wp\/v2\/media\/7660"}],"wp:attachment":[{"href":"https:\/\/prensa.sma.gob.ar\/index.php?rest_route=%2Fwp%2Fv2%2Fmedia&parent=7659"}],"wp:term":[{"taxonomy":"category","embeddable":true,"href":"https:\/\/prensa.sma.gob.ar\/index.php?rest_route=%2Fwp%2Fv2%2Fcategories&post=7659"},{"taxonomy":"post_tag","embeddable":true,"href":"https:\/\/prensa.sma.gob.ar\/index.php?rest_route=%2Fwp%2Fv2%2Ftags&post=7659"}],"curies":[{"name":"wp","href":"https:\/\/api.w.org\/{rel}","templated":true}]}}