{"id":766,"date":"2024-06-29T21:38:10","date_gmt":"2024-06-29T21:38:10","guid":{"rendered":"https:\/\/prensa.sma.gob.ar\/?p=766"},"modified":"2024-06-29T21:38:11","modified_gmt":"2024-06-29T21:38:11","slug":"taller-de-nuevas-herramientas-para-proyectos-comunitarios","status":"publish","type":"post","link":"https:\/\/prensa.sma.gob.ar\/?p=766","title":{"rendered":"Taller de nuevas herramientas para proyectos comunitarios"},"content":{"rendered":"\n<p>La Delegaci\u00f3n de la Regi\u00f3n Sur de la provincia de Neuqu\u00e9n y la secretar\u00eda de Gobierno del Municipio de San Mart\u00edn de los Andes invitan a un encuentro con modalidad virtual destinado a organizaciones de la sociedad civil.<\/p>\n\n\n\n<p>Se trata de un taller de armado de proyectos comunitarios y\/o personer\u00eda jur\u00eddica (constituciones, asambleas y novedades sobre balances) para la Regi\u00f3n Sur de la Provincia de Neuqu\u00e9n.<\/p>\n\n\n\n<p>El <a><\/a>encuentro se realizar\u00e1 este martes 2 de julio a las 19, a trav\u00e9s de la plataforma Zoom.<\/p>\n\n\n\n<p>Inscripci\u00f3n:<\/p>\n\n\n\n<p><a href=\"https:\/\/docs.google.com\/forms\/d\/e\/1FAIpQLSdyF1TURCTNlrKb0sWYov6JlyQJ6ZwoZxFaNXwh-hbWRrMxTw\/viewform?fbclid=IwZXh0bgNhZW0CMTAAAR0yPEp5cK8USRop7l2_6tAx2hIcvP6yAxEc6NySvL-Kw5LjM3NUuKx-86E_aem_mgaPNkS0oMjEkG50IrjaBQ\">https:\/\/docs.google.com\/forms\/d\/e\/1FAIpQLSdyF1TURCTNlrKb0sWYov6JlyQJ6ZwoZxFaNXwh-hbWRrMxTw\/viewform?fbclid=IwZXh0bgNhZW0CMTAAAR0yPEp5cK8USRop7l2_6tAx2hIcvP6yAxEc6NySvL-Kw5LjM3NUuKx-86E_aem_mgaPNkS0oMjEkG50IrjaBQ<\/a><\/p>\n\n\n\n<p>M\u00e1s informaci\u00f3n:<\/p>\n\n\n\n<p>gestioncomunitarianqn@gmail.com<\/p>\n","protected":false},"excerpt":{"rendered":"<p>La Delegaci\u00f3n de la Regi\u00f3n Sur de la provincia de Neuqu\u00e9n y la secretar\u00eda de Gobierno del Municipio de San Mart\u00edn de los Andes invitan a un encuentro con modalidad virtual destinado a organizaciones de la sociedad civil. Se trata de un taller de armado de proyectos comunitarios y\/o personer\u00eda jur\u00eddica (constituciones, asambleas y novedades [&hellip;]<\/p>\n","protected":false},"author":2,"featured_media":767,"comment_status":"closed","ping_status":"open","sticky":false,"template":"","format":"standard","meta":{"footnotes":""},"categories":[11,14,31],"tags":[],"class_list":{"0":"post-766","1":"post","2":"type-post","3":"status-publish","4":"format-standard","5":"has-post-thumbnail","7":"category-gobierno","8":"category-noticias","9":"category-produccion"},"_links":{"self":[{"href":"https:\/\/prensa.sma.gob.ar\/index.php?rest_route=\/wp\/v2\/posts\/766","targetHints":{"allow":["GET"]}}],"collection":[{"href":"https:\/\/prensa.sma.gob.ar\/index.php?rest_route=\/wp\/v2\/posts"}],"about":[{"href":"https:\/\/prensa.sma.gob.ar\/index.php?rest_route=\/wp\/v2\/types\/post"}],"author":[{"embeddable":true,"href":"https:\/\/prensa.sma.gob.ar\/index.php?rest_route=\/wp\/v2\/users\/2"}],"replies":[{"embeddable":true,"href":"https:\/\/prensa.sma.gob.ar\/index.php?rest_route=%2Fwp%2Fv2%2Fcomments&post=766"}],"version-history":[{"count":1,"href":"https:\/\/prensa.sma.gob.ar\/index.php?rest_route=\/wp\/v2\/posts\/766\/revisions"}],"predecessor-version":[{"id":768,"href":"https:\/\/prensa.sma.gob.ar\/index.php?rest_route=\/wp\/v2\/posts\/766\/revisions\/768"}],"wp:featuredmedia":[{"embeddable":true,"href":"https:\/\/prensa.sma.gob.ar\/index.php?rest_route=\/wp\/v2\/media\/767"}],"wp:attachment":[{"href":"https:\/\/prensa.sma.gob.ar\/index.php?rest_route=%2Fwp%2Fv2%2Fmedia&parent=766"}],"wp:term":[{"taxonomy":"category","embeddable":true,"href":"https:\/\/prensa.sma.gob.ar\/index.php?rest_route=%2Fwp%2Fv2%2Fcategories&post=766"},{"taxonomy":"post_tag","embeddable":true,"href":"https:\/\/prensa.sma.gob.ar\/index.php?rest_route=%2Fwp%2Fv2%2Ftags&post=766"}],"curies":[{"name":"wp","href":"https:\/\/api.w.org\/{rel}","templated":true}]}}