{"id":7663,"date":"2025-06-04T12:40:22","date_gmt":"2025-06-04T12:40:22","guid":{"rendered":"https:\/\/prensa.sma.gob.ar\/?p=7663"},"modified":"2025-06-04T14:25:12","modified_gmt":"2025-06-04T14:25:12","slug":"prorrogan-el-vencimiento-de-las-licencias-nacionales-de-conducir-emitidas-por-la-municipalidad","status":"publish","type":"post","link":"https:\/\/prensa.sma.gob.ar\/?p=7663","title":{"rendered":"Prorrogan el vencimiento de las Licencias Nacionales de Conducir emitidas por la Municipalidad"},"content":{"rendered":"\n<p>El intendente municipal, Carlos Saloniti, prorrog\u00f3 el vencimiento de las Licencias Nacionales de Conducir del tipo C, D y E (profesionales) emitidas por la Municipalidad de San Mart\u00edn de los Andes, cualquiera sea el tipo de que se trate, por el t\u00e9rmino de 90 d\u00edas desde la fecha de vencimiento.<\/p>\n\n\n\n<p>\u00abProrr\u00f3gase por el t\u00e9rmino de 90 d\u00edas las Licencias Nacionales de Conducir de tipo C, D y E (Profesional) que hayan sido emitidas por la Municipalidad de San Mart\u00edn de los Andes y cuya fecha de vencimiento sea el 01 de mayo de 2025\u00bb, se\u00f1ala el decreto 1564\/2025, publicado este mi\u00e9rcoles 4 de junio de 2025.<\/p>\n\n\n\n<p>El objetivo de la medida es que, \u201cquienes deban realizar los tr\u00e1mites de renovaci\u00f3n de su licencia vencida o pronta a vencer, puedan cumplir con los nuevos requisitos exigidos por la Agencia Nacional de Seguridad Vial (ANSV), y hasta tanto se regularice el funcionamiento de los Centros de Emisi\u00f3n e Impresi\u00f3n de Licencias Nacionales de Conducir, y la atenci\u00f3n de los prestadores espec\u00edficos\u201d.<\/p>\n\n\n\n<p>El anuncio fue realizado por el jefe comunal durante una reuni\u00f3n mantenida este lunes con representantes de choferes de taxis, remises, colectivos urbanos, buses y minubuses de San Mart\u00edn de los Andes. Del encuentro partip\u00f3 tambi\u00e9n el Director de Tr\u00e1nsito y Transporte del Municipio, Federico Riquelme.<\/p>\n\n\n\n<p>En sus considerandos, el decreto del intendente Saloniti se\u00f1al\u00f3 que \u201cpor Decreto n\u00ba 196\/25, el Poder Ejecutivo Nacional (\u2026) actualiz\u00f3 el r\u00e9gimen de emisi\u00f3n y renovaci\u00f3n de licencias de conducir en sus diversos tipos y, sobre todo en materia de otorgamiento de licencias de conducir transporte interjurisdiccional, a efectos de elevar los est\u00e1ndares de calidad de los ex\u00e1menes y capacitaciones psicof\u00edsicos, te\u00f3ricos y pr\u00e1cticos aplicables a la materia\u201d.<\/p>\n\n\n\n<p>Recuerda que la nueva reglamentaci\u00f3n nacional \u201cimplementa un nuevo Procedimiento de Certificaci\u00f3n de los Centros de Emisi\u00f3n e Impresi\u00f3n de Licencias Nacionales de Conducir, los cuales deber\u00e1n cumplir una serie de requisitos en car\u00e1cter de tr\u00e1mite obligatorio mediante el cual la ANSV autorizar\u00e1 el funcionamiento de aquellos para emitir la Licencia Nacional de Conducir\u201d.<\/p>\n\n\n\n<p>\u201cEstas modificaciones, en los hechos, han implicado una serie de inconvenientes surgidos de la escasa cantidad de Centros de Emisi\u00f3n de Licencias que al momento han cumplido con el tr\u00e1mite establecido por la ANSV, e incluso del limitado n\u00famero de prestadores habilitados para la realizaci\u00f3n de ex\u00e1menes psicof\u00edsicos, lo cual ha generado ingentes demoras en la asignaci\u00f3n de turnos\u201d, agrega.<\/p>\n\n\n\n<p>Afirma que, \u201cparticularmente en la ciudad de San Mart\u00edn de los Andes, la ANSV no ha habilitado a\u00fan ni el Centro de Emisi\u00f3n, ni prestadores que cubran los ex\u00e1menes imprescindibles para que se pueda tramitar o renovar las licencias de conducir, lo cual genera un grave inconveniente a quienes se encuentran en situaci\u00f3n de tener que tramitar una licencia o renovarla por vencimiento, quienes deben solicitar turnos de atenci\u00f3n en diferentes ciudades los cuales, adem\u00e1s, son otorgados con m\u00e1s de sesenta (60) d\u00edas de demora\u201d.<\/p>\n\n\n\n<p>Tambi\u00e9n se\u00f1ala que \u201cesta situaci\u00f3n resulta particularmente seria en relaci\u00f3n a los casos de licencia de conducir de tipo C, D y E, lo cual ha generado inn\u00fameras quejas de transportistas ya sea de cargas y\/o de buses y minibuses dedicados al turismo, taxistas, transporte urbano y dem\u00e1s usuarios de ese tipo de licencias, que hacen de ella un instrumento de trabajo\u201d.&nbsp;<\/p>\n\n\n\n<figure class=\"wp-block-gallery has-nested-images columns-default is-cropped wp-block-gallery-1 is-layout-flex wp-block-gallery-is-layout-flex\"><\/figure>\n\n\n\n<figure class=\"wp-block-gallery has-nested-images columns-default is-cropped wp-block-gallery-2 is-layout-flex wp-block-gallery-is-layout-flex\"><\/figure>\n","protected":false},"excerpt":{"rendered":"<p>El intendente municipal, Carlos Saloniti, prorrog\u00f3 el vencimiento de las Licencias Nacionales de Conducir del tipo C, D y E (profesionales) emitidas por la Municipalidad de San Mart\u00edn de los Andes, cualquiera sea el tipo de que se trate, por el t\u00e9rmino de 90 d\u00edas desde la fecha de vencimiento. \u00abProrr\u00f3gase por el t\u00e9rmino de [&hellip;]<\/p>\n","protected":false},"author":2,"featured_media":7667,"comment_status":"closed","ping_status":"open","sticky":false,"template":"","format":"standard","meta":{"footnotes":""},"categories":[16,14,17],"tags":[],"class_list":{"0":"post-7663","1":"post","2":"type-post","3":"status-publish","4":"format-standard","5":"has-post-thumbnail","7":"category-destacadas","8":"category-noticias","9":"category-portada"},"_links":{"self":[{"href":"https:\/\/prensa.sma.gob.ar\/index.php?rest_route=\/wp\/v2\/posts\/7663","targetHints":{"allow":["GET"]}}],"collection":[{"href":"https:\/\/prensa.sma.gob.ar\/index.php?rest_route=\/wp\/v2\/posts"}],"about":[{"href":"https:\/\/prensa.sma.gob.ar\/index.php?rest_route=\/wp\/v2\/types\/post"}],"author":[{"embeddable":true,"href":"https:\/\/prensa.sma.gob.ar\/index.php?rest_route=\/wp\/v2\/users\/2"}],"replies":[{"embeddable":true,"href":"https:\/\/prensa.sma.gob.ar\/index.php?rest_route=%2Fwp%2Fv2%2Fcomments&post=7663"}],"version-history":[{"count":2,"href":"https:\/\/prensa.sma.gob.ar\/index.php?rest_route=\/wp\/v2\/posts\/7663\/revisions"}],"predecessor-version":[{"id":7670,"href":"https:\/\/prensa.sma.gob.ar\/index.php?rest_route=\/wp\/v2\/posts\/7663\/revisions\/7670"}],"wp:featuredmedia":[{"embeddable":true,"href":"https:\/\/prensa.sma.gob.ar\/index.php?rest_route=\/wp\/v2\/media\/7667"}],"wp:attachment":[{"href":"https:\/\/prensa.sma.gob.ar\/index.php?rest_route=%2Fwp%2Fv2%2Fmedia&parent=7663"}],"wp:term":[{"taxonomy":"category","embeddable":true,"href":"https:\/\/prensa.sma.gob.ar\/index.php?rest_route=%2Fwp%2Fv2%2Fcategories&post=7663"},{"taxonomy":"post_tag","embeddable":true,"href":"https:\/\/prensa.sma.gob.ar\/index.php?rest_route=%2Fwp%2Fv2%2Ftags&post=7663"}],"curies":[{"name":"wp","href":"https:\/\/api.w.org\/{rel}","templated":true}]}}